{"id":68502,"date":"2024-01-24T14:32:47","date_gmt":"2024-01-24T17:32:47","guid":{"rendered":"https:\/\/vocesparalelas.com.ar\/sitio\/?p=68502"},"modified":"2024-01-24T14:32:47","modified_gmt":"2024-01-24T17:32:47","slug":"reunio-para-analizar-varias-obras-publicas-y-claves-en-la-provincia-de-san-juan","status":"publish","type":"post","link":"https:\/\/vocesparalelas.com.ar\/sitio\/reunio-para-analizar-varias-obras-publicas-y-claves-en-la-provincia-de-san-juan\/","title":{"rendered":"Reuni\u00f3 para analizar varias Obras P\u00fablicas y claves en la Provincia de San Juan"},"content":{"rendered":"<p>El gobernador de San Juan, Dr. Marcelo Orrego mantuvo una reuni\u00f3n con el representante del Grupo BID en Argentina, Ing. Agust\u00edn Aguerre, quien estuvo con su equipo t\u00e9cnico.<\/p>\n<p>Adem\u00e1s, asisti\u00f3 el ministro de Econom\u00eda, Finanzas y Hacienda del Gobierno de San Juan, CPN Roberto Guti\u00e9rrez y el ministro de Infraestructura, Agua y Energ\u00eda, Arq. Fernando Perea.<\/p>\n<p>El encuentro sirvi\u00f3 para analizar la ejecuci\u00f3n de obras claves para la provincia de San Juan.<\/p>\n<p>En este marco se habl\u00f3 sobre los proyectos que San Juan cuenta con el organismo internacional, es decir, sobre la marcha principalmente de la obra\u00a0 de la Ruta 40 y del t\u00fanel de Zonda.<\/p>\n<p>Tambi\u00e9n, se dialog\u00f3 sobre la posibilidad de financiar nuevas obras en la provincia de San Juan a futuro.<\/p>\n<p><img loading=\"lazy\" decoding=\"async\" class=\"alignnone size-full wp-image-59964\" src=\"https:\/\/vocesparalelas.com.ar\/sitio\/wp-content\/uploads\/2023\/06\/BANDERA-SAN-JUAN.jpg\" alt=\"\" width=\"800\" height=\"600\" srcset=\"https:\/\/vocesparalelas.com.ar\/sitio\/wp-content\/uploads\/2023\/06\/BANDERA-SAN-JUAN.jpg 800w, https:\/\/vocesparalelas.com.ar\/sitio\/wp-content\/uploads\/2023\/06\/BANDERA-SAN-JUAN-300x225.jpg 300w, https:\/\/vocesparalelas.com.ar\/sitio\/wp-content\/uploads\/2023\/06\/BANDERA-SAN-JUAN-768x576.jpg 768w\" sizes=\"auto, (max-width: 800px) 100vw, 800px\" \/><\/p>\n<p>&nbsp;<\/p>\n","protected":false},"excerpt":{"rendered":"<p>El gobernador de San Juan, Dr. Marcelo Orrego mantuvo una reuni\u00f3n con el representante del Grupo BID en Argentina, Ing.<\/p>\n","protected":false},"author":3,"featured_media":68505,"comment_status":"closed","ping_status":"closed","sticky":false,"template":"","format":"standard","meta":{"_acf_changed":false,"_seopress_robots_primary_cat":"none","_seopress_titles_title":"","_seopress_titles_desc":"","_seopress_robots_index":"","colormag_page_container_layout":"default_layout","colormag_page_sidebar_layout":"default_layout","footnotes":""},"categories":[1],"tags":[],"class_list":["post-68502","post","type-post","status-publish","format-standard","has-post-thumbnail","hentry","category-destacadas"],"acf":[],"_links":{"self":[{"href":"https:\/\/vocesparalelas.com.ar\/sitio\/wp-json\/wp\/v2\/posts\/68502","targetHints":{"allow":["GET"]}}],"collection":[{"href":"https:\/\/vocesparalelas.com.ar\/sitio\/wp-json\/wp\/v2\/posts"}],"about":[{"href":"https:\/\/vocesparalelas.com.ar\/sitio\/wp-json\/wp\/v2\/types\/post"}],"author":[{"embeddable":true,"href":"https:\/\/vocesparalelas.com.ar\/sitio\/wp-json\/wp\/v2\/users\/3"}],"replies":[{"embeddable":true,"href":"https:\/\/vocesparalelas.com.ar\/sitio\/wp-json\/wp\/v2\/comments?post=68502"}],"version-history":[{"count":1,"href":"https:\/\/vocesparalelas.com.ar\/sitio\/wp-json\/wp\/v2\/posts\/68502\/revisions"}],"predecessor-version":[{"id":68506,"href":"https:\/\/vocesparalelas.com.ar\/sitio\/wp-json\/wp\/v2\/posts\/68502\/revisions\/68506"}],"wp:featuredmedia":[{"embeddable":true,"href":"https:\/\/vocesparalelas.com.ar\/sitio\/wp-json\/wp\/v2\/media\/68505"}],"wp:attachment":[{"href":"https:\/\/vocesparalelas.com.ar\/sitio\/wp-json\/wp\/v2\/media?parent=68502"}],"wp:term":[{"taxonomy":"category","embeddable":true,"href":"https:\/\/vocesparalelas.com.ar\/sitio\/wp-json\/wp\/v2\/categories?post=68502"},{"taxonomy":"post_tag","embeddable":true,"href":"https:\/\/vocesparalelas.com.ar\/sitio\/wp-json\/wp\/v2\/tags?post=68502"}],"curies":[{"name":"wp","href":"https:\/\/api.w.org\/{rel}","templated":true}]}}