{"id":68482,"date":"2024-01-23T21:05:40","date_gmt":"2024-01-24T00:05:40","guid":{"rendered":"https:\/\/vocesparalelas.com.ar\/sitio\/?p=68482"},"modified":"2024-01-25T01:32:12","modified_gmt":"2024-01-25T04:32:12","slug":"firmaron-acta-compromiso-entre-la-mcr-y-caj-de-san-juan","status":"publish","type":"post","link":"https:\/\/vocesparalelas.com.ar\/sitio\/firmaron-acta-compromiso-entre-la-mcr-y-caj-de-san-juan\/","title":{"rendered":"Firmaron Acta Compromiso entre la MCR y CAJ de San Juan"},"content":{"rendered":"<p>La Municipalidad de la Ciudad de Rivadavia y el Ministerio de Justicia de la Naci\u00f3n firmaron un Acta Compromiso.<\/p>\n<p>Las personas f\u00edsicas que firmaron fueron el Coordinador del Centro de Acceso a la Justicia de San Juan, Dr. Kevin Villacorta y el Intendente de la Municipalidad de la Ciudad de Rivadavia , Sergio Miodowsky.<\/p>\n<figure id=\"attachment_68486\" aria-describedby=\"caption-attachment-68486\" style=\"width: 800px\" class=\"wp-caption alignnone\"><img loading=\"lazy\" decoding=\"async\" class=\"size-full wp-image-68486\" src=\"https:\/\/vocesparalelas.com.ar\/sitio\/wp-content\/uploads\/2024\/01\/RIVADAVIA-CONVENIO-CAPACITACION-02.jpg\" alt=\"\" width=\"800\" height=\"533\" srcset=\"https:\/\/vocesparalelas.com.ar\/sitio\/wp-content\/uploads\/2024\/01\/RIVADAVIA-CONVENIO-CAPACITACION-02.jpg 800w, https:\/\/vocesparalelas.com.ar\/sitio\/wp-content\/uploads\/2024\/01\/RIVADAVIA-CONVENIO-CAPACITACION-02-300x200.jpg 300w, https:\/\/vocesparalelas.com.ar\/sitio\/wp-content\/uploads\/2024\/01\/RIVADAVIA-CONVENIO-CAPACITACION-02-768x512.jpg 768w\" sizes=\"auto, (max-width: 800px) 100vw, 800px\" \/><figcaption id=\"caption-attachment-68486\" class=\"wp-caption-text\">Coordinador del Centro de Acceso a la Justicia de San Juan, Dr. Kevin Villacorta<\/figcaption><\/figure>\n<p>&nbsp;<\/p>\n<figure id=\"attachment_68485\" aria-describedby=\"caption-attachment-68485\" style=\"width: 800px\" class=\"wp-caption alignnone\"><img loading=\"lazy\" decoding=\"async\" class=\"size-full wp-image-68485\" src=\"https:\/\/vocesparalelas.com.ar\/sitio\/wp-content\/uploads\/2024\/01\/RIVADAVIA-CONVENIO-CAPACITACION-01.jpg\" alt=\"\" width=\"800\" height=\"533\" srcset=\"https:\/\/vocesparalelas.com.ar\/sitio\/wp-content\/uploads\/2024\/01\/RIVADAVIA-CONVENIO-CAPACITACION-01.jpg 800w, https:\/\/vocesparalelas.com.ar\/sitio\/wp-content\/uploads\/2024\/01\/RIVADAVIA-CONVENIO-CAPACITACION-01-300x200.jpg 300w, https:\/\/vocesparalelas.com.ar\/sitio\/wp-content\/uploads\/2024\/01\/RIVADAVIA-CONVENIO-CAPACITACION-01-768x512.jpg 768w\" sizes=\"auto, (max-width: 800px) 100vw, 800px\" \/><figcaption id=\"caption-attachment-68485\" class=\"wp-caption-text\">Intendente de la Municipalidad de la Ciudad de Rivadavia , Sergio Miodowsky<\/figcaption><\/figure>\n<p>Luego, la Secretaria de Gobierno Municipal, Dra. Juarez, quien destac\u00f3 que significa la firma del Acta Compromiso y lo que contin\u00faa m\u00e1s adelante que permita la capacitaciones.<\/p>\n<p><iframe loading=\"lazy\" title=\"RIVADAVIA\" width=\"800\" height=\"450\" src=\"https:\/\/www.youtube.com\/embed\/_DD4d_AnE2U?feature=oembed\" frameborder=\"0\" allow=\"accelerometer; autoplay; clipboard-write; encrypted-media; gyroscope; picture-in-picture; web-share\" allowfullscreen><\/iframe><\/p>\n<p>Posteriormente, el Coordinador del Centro de Acceso a la Justicia de San Juan, Dr. Kevin Villacorta, remarc\u00f3 que estas actividades son para beneficiar a los vecinos de Rivadavia.<\/p>\n<p><iframe loading=\"lazy\" title=\"RIVADAVIA\" width=\"800\" height=\"450\" src=\"https:\/\/www.youtube.com\/embed\/kPNZekD4x8Y?feature=oembed\" frameborder=\"0\" allow=\"accelerometer; autoplay; clipboard-write; encrypted-media; gyroscope; picture-in-picture; web-share\" allowfullscreen><\/iframe><\/p>\n<p>Finalmente, el Intendente de la Municipalidad de la Ciudad de Rivadavia, Sergio Miodowsky destac\u00f3 que los avances que realizamos durante la gesti\u00f3n son pensados de facilitar y soluciones iniciativas de los propios vecinos. Estas sugerencias las voy rescatando del acercamiento de ellos a mi encuentro donde se buscan soluciones.<\/p>\n<p><iframe loading=\"lazy\" title=\"RIVADAVIA INTENDENTE SERGIO MIODOWSKY\" width=\"800\" height=\"450\" src=\"https:\/\/www.youtube.com\/embed\/RvEntt_i8RY?feature=oembed\" frameborder=\"0\" allow=\"accelerometer; autoplay; clipboard-write; encrypted-media; gyroscope; picture-in-picture; web-share\" allowfullscreen><\/iframe><\/p>\n<p>Estas acciones es para trasladar al vecino para que cuente un equipo capacitado de profesionales que puedan ayud\u00e1ndolo con asesoramiento que les permita orientarlos y acompa\u00f1arlos en los tramites legales en la provincia y en la naci\u00f3n.<\/p>\n<p>El Acta Compromiso da pie a que en el futuro se desarrollen capacitaciones, talleres, abordajes territoriales que puedan aplicarse a la comunidad que lo necesite.<\/p>\n<p><img loading=\"lazy\" decoding=\"async\" class=\"alignnone size-full wp-image-66896\" src=\"https:\/\/vocesparalelas.com.ar\/sitio\/wp-content\/uploads\/2023\/12\/RIVADAVIA-LOGO-NUEVO.jpg\" alt=\"\" width=\"800\" height=\"533\" srcset=\"https:\/\/vocesparalelas.com.ar\/sitio\/wp-content\/uploads\/2023\/12\/RIVADAVIA-LOGO-NUEVO.jpg 800w, https:\/\/vocesparalelas.com.ar\/sitio\/wp-content\/uploads\/2023\/12\/RIVADAVIA-LOGO-NUEVO-300x200.jpg 300w, https:\/\/vocesparalelas.com.ar\/sitio\/wp-content\/uploads\/2023\/12\/RIVADAVIA-LOGO-NUEVO-768x512.jpg 768w\" sizes=\"auto, (max-width: 800px) 100vw, 800px\" \/><\/p>\n<p>&nbsp;<\/p>\n","protected":false},"excerpt":{"rendered":"<p>La Municipalidad de la Ciudad de Rivadavia y el Ministerio de Justicia de la Naci\u00f3n firmaron un Acta Compromiso. Las<\/p>\n","protected":false},"author":3,"featured_media":68487,"comment_status":"closed","ping_status":"closed","sticky":false,"template":"","format":"standard","meta":{"_acf_changed":false,"_seopress_robots_primary_cat":"none","_seopress_titles_title":"","_seopress_titles_desc":"","_seopress_robots_index":"","colormag_page_container_layout":"default_layout","colormag_page_sidebar_layout":"default_layout","footnotes":""},"categories":[9,7],"tags":[],"class_list":["post-68482","post","type-post","status-publish","format-standard","has-post-thumbnail","hentry","category-cursos","category-videos"],"acf":[],"_links":{"self":[{"href":"https:\/\/vocesparalelas.com.ar\/sitio\/wp-json\/wp\/v2\/posts\/68482","targetHints":{"allow":["GET"]}}],"collection":[{"href":"https:\/\/vocesparalelas.com.ar\/sitio\/wp-json\/wp\/v2\/posts"}],"about":[{"href":"https:\/\/vocesparalelas.com.ar\/sitio\/wp-json\/wp\/v2\/types\/post"}],"author":[{"embeddable":true,"href":"https:\/\/vocesparalelas.com.ar\/sitio\/wp-json\/wp\/v2\/users\/3"}],"replies":[{"embeddable":true,"href":"https:\/\/vocesparalelas.com.ar\/sitio\/wp-json\/wp\/v2\/comments?post=68482"}],"version-history":[{"count":1,"href":"https:\/\/vocesparalelas.com.ar\/sitio\/wp-json\/wp\/v2\/posts\/68482\/revisions"}],"predecessor-version":[{"id":68488,"href":"https:\/\/vocesparalelas.com.ar\/sitio\/wp-json\/wp\/v2\/posts\/68482\/revisions\/68488"}],"wp:featuredmedia":[{"embeddable":true,"href":"https:\/\/vocesparalelas.com.ar\/sitio\/wp-json\/wp\/v2\/media\/68487"}],"wp:attachment":[{"href":"https:\/\/vocesparalelas.com.ar\/sitio\/wp-json\/wp\/v2\/media?parent=68482"}],"wp:term":[{"taxonomy":"category","embeddable":true,"href":"https:\/\/vocesparalelas.com.ar\/sitio\/wp-json\/wp\/v2\/categories?post=68482"},{"taxonomy":"post_tag","embeddable":true,"href":"https:\/\/vocesparalelas.com.ar\/sitio\/wp-json\/wp\/v2\/tags?post=68482"}],"curies":[{"name":"wp","href":"https:\/\/api.w.org\/{rel}","templated":true}]}}