{"id":68478,"date":"2024-01-23T23:08:38","date_gmt":"2024-01-24T02:08:38","guid":{"rendered":"https:\/\/vocesparalelas.com.ar\/sitio\/?p=68478"},"modified":"2024-01-26T00:20:28","modified_gmt":"2024-01-26T03:20:28","slug":"refuerzo-de-la-vacunacion-covid-19-en-san-juan","status":"publish","type":"post","link":"https:\/\/vocesparalelas.com.ar\/sitio\/refuerzo-de-la-vacunacion-covid-19-en-san-juan\/","title":{"rendered":"Refuerzo de la vacunaci\u00f3n COVID-19 en San Juan"},"content":{"rendered":"<p>Desde el Ministerio de Salud del Gobierno de San Juan se recomienda a la poblaci\u00f3n colocarse la dosis de refuerzo, sobre todo aquellos grupos de riesgo que pueden llegar a contraer la enfermedad.<\/p>\n<p>El refuerzo de vacunaci\u00f3n contra el COVID-19, se encuentra disponible en el Vacunatorio Central que funciona de 7:30 a 18:00 horas. Av. Espa\u00f1a 587 norte, Capital, adem\u00e1s en todos los vacunatorios de los Hospitales y Centros de Salud de la Provincia.<\/p>\n<p>Las personas deben llevar el DNI y carnet de Vacunaci\u00f3n, no es necesaria una orden m\u00e9dica.<\/p>\n<p><span style=\"color: #ff0000;\"><strong>Grupos de riesgo<\/strong><\/span><\/p>\n<ul>\n<li>Las personas de 50 a\u00f1os o m\u00e1s, embarazadas e inmunocomprometidos (mayores de 6 meses) a los 6 meses de la \u00faltima dosis aplicada y luego cada 6 meses.<\/li>\n<li>El personal de salud y estrat\u00e9gico y personas menores de 50 a\u00f1os con comorbilidades (enfermedades cr\u00f3nicas, obesidad) a los 6 meses de la \u00faltima dosis aplicada y luego cada 12 meses.<\/li>\n<li>Personas entre 6 meses a 49 a\u00f1os sin comorbilidades, a los 12 meses de la \u00faltima dosis aplicada y luego anual.<\/li>\n<\/ul>\n<p>&nbsp;<\/p>\n<p>&nbsp;<\/p>\n","protected":false},"excerpt":{"rendered":"<p>Desde el Ministerio de Salud del Gobierno de San Juan se recomienda a la poblaci\u00f3n colocarse la dosis de refuerzo,<\/p>\n","protected":false},"author":3,"featured_media":35394,"comment_status":"closed","ping_status":"closed","sticky":false,"template":"","format":"standard","meta":{"_acf_changed":false,"_seopress_robots_primary_cat":"none","_seopress_titles_title":"","_seopress_titles_desc":"","_seopress_robots_index":"","colormag_page_container_layout":"default_layout","colormag_page_sidebar_layout":"default_layout","footnotes":""},"categories":[5],"tags":[],"class_list":["post-68478","post","type-post","status-publish","format-standard","has-post-thumbnail","hentry","category-ofrecimientos"],"acf":[],"_links":{"self":[{"href":"https:\/\/vocesparalelas.com.ar\/sitio\/wp-json\/wp\/v2\/posts\/68478","targetHints":{"allow":["GET"]}}],"collection":[{"href":"https:\/\/vocesparalelas.com.ar\/sitio\/wp-json\/wp\/v2\/posts"}],"about":[{"href":"https:\/\/vocesparalelas.com.ar\/sitio\/wp-json\/wp\/v2\/types\/post"}],"author":[{"embeddable":true,"href":"https:\/\/vocesparalelas.com.ar\/sitio\/wp-json\/wp\/v2\/users\/3"}],"replies":[{"embeddable":true,"href":"https:\/\/vocesparalelas.com.ar\/sitio\/wp-json\/wp\/v2\/comments?post=68478"}],"version-history":[{"count":1,"href":"https:\/\/vocesparalelas.com.ar\/sitio\/wp-json\/wp\/v2\/posts\/68478\/revisions"}],"predecessor-version":[{"id":68481,"href":"https:\/\/vocesparalelas.com.ar\/sitio\/wp-json\/wp\/v2\/posts\/68478\/revisions\/68481"}],"wp:featuredmedia":[{"embeddable":true,"href":"https:\/\/vocesparalelas.com.ar\/sitio\/wp-json\/wp\/v2\/media\/35394"}],"wp:attachment":[{"href":"https:\/\/vocesparalelas.com.ar\/sitio\/wp-json\/wp\/v2\/media?parent=68478"}],"wp:term":[{"taxonomy":"category","embeddable":true,"href":"https:\/\/vocesparalelas.com.ar\/sitio\/wp-json\/wp\/v2\/categories?post=68478"},{"taxonomy":"post_tag","embeddable":true,"href":"https:\/\/vocesparalelas.com.ar\/sitio\/wp-json\/wp\/v2\/tags?post=68478"}],"curies":[{"name":"wp","href":"https:\/\/api.w.org\/{rel}","templated":true}]}}