{"id":68394,"date":"2024-01-20T12:59:04","date_gmt":"2024-01-20T15:59:04","guid":{"rendered":"https:\/\/vocesparalelas.com.ar\/sitio\/?p=68394"},"modified":"2024-01-25T02:30:50","modified_gmt":"2024-01-25T05:30:50","slug":"verano-cultural-en-rawson-para-disfrutar-en-familia","status":"publish","type":"post","link":"https:\/\/vocesparalelas.com.ar\/sitio\/verano-cultural-en-rawson-para-disfrutar-en-familia\/","title":{"rendered":"\u00abVerano Cultural\u00bb en Rawson para disfrutar en familia"},"content":{"rendered":"<p>Durante la noche del Viernes, 19 de Enero de 2024, el Complejo Cultural y Deportivo La Superiora fue escenario del primer cierre semanal del programa Verano Cultural.<\/p>\n<p>Esta iniciativa tiene como objetivo ser un punto de encuentro para que los interesados puedan aprender y divertirse.<\/p>\n<p>Un gran marco de p\u00fablico acompa\u00f1\u00f3 durante la jornada y pudo disfrutar de shows art\u00edsticos, entre los que se destac\u00f3 Jazm\u00edn Mesina.<\/p>\n<p><img loading=\"lazy\" decoding=\"async\" class=\"alignnone size-full wp-image-68399\" src=\"https:\/\/vocesparalelas.com.ar\/sitio\/wp-content\/uploads\/2024\/01\/RAWSON-CULTURAL-02-1.jpg\" alt=\"\" width=\"800\" height=\"534\" srcset=\"https:\/\/vocesparalelas.com.ar\/sitio\/wp-content\/uploads\/2024\/01\/RAWSON-CULTURAL-02-1.jpg 800w, https:\/\/vocesparalelas.com.ar\/sitio\/wp-content\/uploads\/2024\/01\/RAWSON-CULTURAL-02-1-300x200.jpg 300w, https:\/\/vocesparalelas.com.ar\/sitio\/wp-content\/uploads\/2024\/01\/RAWSON-CULTURAL-02-1-768x513.jpg 768w\" sizes=\"auto, (max-width: 800px) 100vw, 800px\" \/><\/p>\n<p>Adem\u00e1s, los emprendedores departamentales tuvieron la oportunidad de tener un lugar donde mostrar sus productos.<\/p>\n<p>\u00abVerano Cultural\u00bb es un programa que todos los Viernes tiene su cierre semanal, en donde los asistentes pueden poner en escena todas las actividades art\u00edsticas que desarrollaron durante la semana.<\/p>\n<p>Se ofrecen una serie de talleres con una amplia gama de actividades para todas las edades desde Teatro para Ni\u00f1os, Adolescentes y Adultos, Ritmos Urbanos, Ritmos Latinos, Folklore, Tango, Arte Recreativo, Danzas hasta Fotograf\u00eda.<\/p>\n<p><img loading=\"lazy\" decoding=\"async\" class=\"alignnone size-full wp-image-68400\" src=\"https:\/\/vocesparalelas.com.ar\/sitio\/wp-content\/uploads\/2024\/01\/RAWSON-CULTURAL-03.jpg\" alt=\"\" width=\"800\" height=\"534\" srcset=\"https:\/\/vocesparalelas.com.ar\/sitio\/wp-content\/uploads\/2024\/01\/RAWSON-CULTURAL-03.jpg 800w, https:\/\/vocesparalelas.com.ar\/sitio\/wp-content\/uploads\/2024\/01\/RAWSON-CULTURAL-03-300x200.jpg 300w, https:\/\/vocesparalelas.com.ar\/sitio\/wp-content\/uploads\/2024\/01\/RAWSON-CULTURAL-03-768x513.jpg 768w\" sizes=\"auto, (max-width: 800px) 100vw, 800px\" \/><\/p>\n<p><img loading=\"lazy\" decoding=\"async\" class=\"alignnone size-full wp-image-67149\" src=\"https:\/\/vocesparalelas.com.ar\/sitio\/wp-content\/uploads\/2023\/12\/RAWSON-LOGO-NUEVO.jpg\" alt=\"\" width=\"800\" height=\"533\" srcset=\"https:\/\/vocesparalelas.com.ar\/sitio\/wp-content\/uploads\/2023\/12\/RAWSON-LOGO-NUEVO.jpg 800w, https:\/\/vocesparalelas.com.ar\/sitio\/wp-content\/uploads\/2023\/12\/RAWSON-LOGO-NUEVO-300x200.jpg 300w, https:\/\/vocesparalelas.com.ar\/sitio\/wp-content\/uploads\/2023\/12\/RAWSON-LOGO-NUEVO-768x512.jpg 768w\" sizes=\"auto, (max-width: 800px) 100vw, 800px\" \/><\/p>\n<p>&nbsp;<\/p>\n","protected":false},"excerpt":{"rendered":"<p>Durante la noche del Viernes, 19 de Enero de 2024, el Complejo Cultural y Deportivo La Superiora fue escenario del<\/p>\n","protected":false},"author":3,"featured_media":68397,"comment_status":"closed","ping_status":"closed","sticky":false,"template":"","format":"standard","meta":{"_acf_changed":false,"_seopress_robots_primary_cat":"none","_seopress_titles_title":"","_seopress_titles_desc":"","_seopress_robots_index":"","colormag_page_container_layout":"default_layout","colormag_page_sidebar_layout":"default_layout","footnotes":""},"categories":[9],"tags":[],"class_list":["post-68394","post","type-post","status-publish","format-standard","has-post-thumbnail","hentry","category-cursos"],"acf":[],"_links":{"self":[{"href":"https:\/\/vocesparalelas.com.ar\/sitio\/wp-json\/wp\/v2\/posts\/68394","targetHints":{"allow":["GET"]}}],"collection":[{"href":"https:\/\/vocesparalelas.com.ar\/sitio\/wp-json\/wp\/v2\/posts"}],"about":[{"href":"https:\/\/vocesparalelas.com.ar\/sitio\/wp-json\/wp\/v2\/types\/post"}],"author":[{"embeddable":true,"href":"https:\/\/vocesparalelas.com.ar\/sitio\/wp-json\/wp\/v2\/users\/3"}],"replies":[{"embeddable":true,"href":"https:\/\/vocesparalelas.com.ar\/sitio\/wp-json\/wp\/v2\/comments?post=68394"}],"version-history":[{"count":1,"href":"https:\/\/vocesparalelas.com.ar\/sitio\/wp-json\/wp\/v2\/posts\/68394\/revisions"}],"predecessor-version":[{"id":68401,"href":"https:\/\/vocesparalelas.com.ar\/sitio\/wp-json\/wp\/v2\/posts\/68394\/revisions\/68401"}],"wp:featuredmedia":[{"embeddable":true,"href":"https:\/\/vocesparalelas.com.ar\/sitio\/wp-json\/wp\/v2\/media\/68397"}],"wp:attachment":[{"href":"https:\/\/vocesparalelas.com.ar\/sitio\/wp-json\/wp\/v2\/media?parent=68394"}],"wp:term":[{"taxonomy":"category","embeddable":true,"href":"https:\/\/vocesparalelas.com.ar\/sitio\/wp-json\/wp\/v2\/categories?post=68394"},{"taxonomy":"post_tag","embeddable":true,"href":"https:\/\/vocesparalelas.com.ar\/sitio\/wp-json\/wp\/v2\/tags?post=68394"}],"curies":[{"name":"wp","href":"https:\/\/api.w.org\/{rel}","templated":true}]}}