{"id":68372,"date":"2024-01-19T23:01:17","date_gmt":"2024-01-20T02:01:17","guid":{"rendered":"https:\/\/vocesparalelas.com.ar\/sitio\/?p=68372"},"modified":"2024-01-19T23:01:17","modified_gmt":"2024-01-20T02:01:17","slug":"asumio-el-subjefe-de-la-policia-de-san-juan-comisario-general-diego-morales","status":"publish","type":"post","link":"https:\/\/vocesparalelas.com.ar\/sitio\/asumio-el-subjefe-de-la-policia-de-san-juan-comisario-general-diego-morales\/","title":{"rendered":"Asumi\u00f3 el subjefe de la Polic\u00eda de San Juan, Comisario General Diego Morales"},"content":{"rendered":"<p>El gobernador de San Juan, Dr. Marcelo Orrego presidi\u00f3 el acto de asunci\u00f3n del nuevo subjefe de la Polic\u00eda de San Juan, Comisario General Diego Morales, en la Escuela de Polic\u00eda de San Juan, Departamento Chimbas.<\/p>\n<p>El acto comenz\u00f3 con la ubicaci\u00f3n de las autoridades en el palco el gobernador Dr. Marcelo Orrego,\u00a0 la ministra de Gobierno, Dra. Laura Palma, diputada nacional, Dra. Nancy Pic\u00f3n; ministro de Turismo, Cultura y Deporte, Dr. Guido Romero, el ministro de Miner\u00eda, Dr. Juan Pablo Perea; secretario de Estado de Seguridad y Orden P\u00fablico, Dr. Gustavo S\u00e1nchez; subsecretaria de Seguridad, Sandra Chamorro; jefe de Polic\u00eda de San Juan, comisario general Eduardo Lirola; representantes de las Fuerzas Armadas y de Seguridad; subjefe saliente de la Polic\u00eda, comisario general Carlos Dar\u00edo Ponce; dem\u00e1s funcionarios provinciales.<\/p>\n<p><img loading=\"lazy\" decoding=\"async\" class=\"alignnone size-full wp-image-68375\" src=\"https:\/\/vocesparalelas.com.ar\/sitio\/wp-content\/uploads\/2024\/01\/SUBJEFE-POLICIA-01.jpg\" alt=\"\" width=\"800\" height=\"450\" srcset=\"https:\/\/vocesparalelas.com.ar\/sitio\/wp-content\/uploads\/2024\/01\/SUBJEFE-POLICIA-01.jpg 800w, https:\/\/vocesparalelas.com.ar\/sitio\/wp-content\/uploads\/2024\/01\/SUBJEFE-POLICIA-01-300x169.jpg 300w, https:\/\/vocesparalelas.com.ar\/sitio\/wp-content\/uploads\/2024\/01\/SUBJEFE-POLICIA-01-768x432.jpg 768w\" sizes=\"auto, (max-width: 800px) 100vw, 800px\" \/><\/p>\n<p>Luego, se enton\u00f3 el Himno Nacional Argentino, interpretado por la Banda de M\u00fasica de la Polic\u00eda de San Juan, dirigida por el comisario Jos\u00e9 Trigos.<\/p>\n<p>Tambi\u00e9n se llev\u00f3 a cabo la invocaci\u00f3n Religiosa por parte del sacerdote Gabriel Laciar. Por otro lado se ley\u00f3 la resoluci\u00f3n y puesta en funcionamiento del nuevo subjefe Comisario General Diego Morales.<\/p>\n<p>Por ello, el gobernador Dr. Marcelo Orrego remarc\u00f3 que \u00abel nuevo subjefe de la Polic\u00eda\u00a0 es una persona con mucha experiencia. Ha estado prestando funciones en distintos, m\u00e1s que capacitado para el rol que le toca asumir\u00bb.<\/p>\n<p>\u00abPara m\u00ed hay tres \u00e1reas que son las m\u00e1s sensibles. La educaci\u00f3n, la salud y la seguridad son claves en mi gesti\u00f3n. El nuevo subjefe trabajar\u00e1 codo a codo con el jefe de la Polic\u00eda y con toda la instituci\u00f3n\u00bb &#8211; sintetiz\u00f3 el Dr. Orrego.<\/p>\n<p>A su momento, el subjefe de la Polic\u00eda de San Juan, Comisario General Diego Morales subray\u00f3 emocionado que \u00abes un enorme honor que siento al asumir el cargo de subjefe de mi amada Polic\u00eda de San Juan. Deseo agradecer al gobernador, al secretario de Seguridad y al jefe de Polic\u00eda, quienes han confiado en este subalterno para desempe\u00f1arse en esta \u00e1rea estatal de tan alta complejidad\u00bb.<\/p>\n<p>\u00abQuiero reconocer y agradecer a mi predecesor, el comisario Carlos Ponce por su arduo trabajo y compromiso demostrado en toda su carrera con la seguridad de nuestros ciudadanos. Ha sentado unas bases s\u00f3lidas y prometo mantener, desde la plena humildad mejorar ese legado. Es un privilegio para m\u00ed la oportunidad de servir a nuestra comunidad y trabajar junto a un equipo tan talentoso y dedicado\u00bb &#8211; puntualiz\u00f3 el subjefe.<\/p>\n<p>Seguidamente, el jefe de Polic\u00eda de San Juan, comisario general Eduardo Lirola manifest\u00f3 que \u00abtengo la satisfacci\u00f3n de estar presente hoy con un subjefe que se retira, quien conoc\u00ed desde que era cadete y a un subjefe que ingresa de la misma manera, comprometido con la funci\u00f3n policial. Son hombres de bien\u00bb.<\/p>\n<p>Mientras que el secretario de Seguridad, Dr. Gustavo S\u00e1nchez dijo que \u00abhemos escuchado palabras verdaderamente emocionantes, y uno est\u00e1 muy agradecido de todo el personal que contribuye a que cada d\u00eda San Juan sea una ciudad en la que se pueda disfrutar de la vida, de la paz social\u00bb.<\/p>\n<p>A continuaci\u00f3n, las autoridades entregaron una plaqueta recordatoria al subjefe saliente de la Fuerza, Carlos Dar\u00edo Ponce.<\/p>\n<p><img loading=\"lazy\" decoding=\"async\" class=\"alignnone size-full wp-image-68377\" src=\"https:\/\/vocesparalelas.com.ar\/sitio\/wp-content\/uploads\/2024\/01\/SUBJEFE-POLICIA-03.jpg\" alt=\"\" width=\"800\" height=\"449\" srcset=\"https:\/\/vocesparalelas.com.ar\/sitio\/wp-content\/uploads\/2024\/01\/SUBJEFE-POLICIA-03.jpg 800w, https:\/\/vocesparalelas.com.ar\/sitio\/wp-content\/uploads\/2024\/01\/SUBJEFE-POLICIA-03-300x168.jpg 300w, https:\/\/vocesparalelas.com.ar\/sitio\/wp-content\/uploads\/2024\/01\/SUBJEFE-POLICIA-03-768x431.jpg 768w\" sizes=\"auto, (max-width: 800px) 100vw, 800px\" \/><\/p>\n<p>El acto finaliz\u00f3 con el desfile de los alumnos de la Polic\u00eda de San Juan frente al palco oficial.<\/p>\n<p><img loading=\"lazy\" decoding=\"async\" class=\"alignnone size-full wp-image-68378\" src=\"https:\/\/vocesparalelas.com.ar\/sitio\/wp-content\/uploads\/2024\/01\/SUBJEFE-POLICIA-04.jpg\" alt=\"\" width=\"800\" height=\"450\" srcset=\"https:\/\/vocesparalelas.com.ar\/sitio\/wp-content\/uploads\/2024\/01\/SUBJEFE-POLICIA-04.jpg 800w, https:\/\/vocesparalelas.com.ar\/sitio\/wp-content\/uploads\/2024\/01\/SUBJEFE-POLICIA-04-300x169.jpg 300w, https:\/\/vocesparalelas.com.ar\/sitio\/wp-content\/uploads\/2024\/01\/SUBJEFE-POLICIA-04-768x432.jpg 768w\" sizes=\"auto, (max-width: 800px) 100vw, 800px\" \/><\/p>\n","protected":false},"excerpt":{"rendered":"<p>El gobernador de San Juan, Dr. Marcelo Orrego presidi\u00f3 el acto de asunci\u00f3n del nuevo subjefe de la Polic\u00eda de<\/p>\n","protected":false},"author":3,"featured_media":68376,"comment_status":"closed","ping_status":"closed","sticky":false,"template":"","format":"standard","meta":{"_acf_changed":false,"_seopress_robots_primary_cat":"none","_seopress_titles_title":"","_seopress_titles_desc":"","_seopress_robots_index":"","colormag_page_container_layout":"default_layout","colormag_page_sidebar_layout":"default_layout","footnotes":""},"categories":[1],"tags":[],"class_list":["post-68372","post","type-post","status-publish","format-standard","has-post-thumbnail","hentry","category-destacadas"],"acf":[],"_links":{"self":[{"href":"https:\/\/vocesparalelas.com.ar\/sitio\/wp-json\/wp\/v2\/posts\/68372","targetHints":{"allow":["GET"]}}],"collection":[{"href":"https:\/\/vocesparalelas.com.ar\/sitio\/wp-json\/wp\/v2\/posts"}],"about":[{"href":"https:\/\/vocesparalelas.com.ar\/sitio\/wp-json\/wp\/v2\/types\/post"}],"author":[{"embeddable":true,"href":"https:\/\/vocesparalelas.com.ar\/sitio\/wp-json\/wp\/v2\/users\/3"}],"replies":[{"embeddable":true,"href":"https:\/\/vocesparalelas.com.ar\/sitio\/wp-json\/wp\/v2\/comments?post=68372"}],"version-history":[{"count":1,"href":"https:\/\/vocesparalelas.com.ar\/sitio\/wp-json\/wp\/v2\/posts\/68372\/revisions"}],"predecessor-version":[{"id":68379,"href":"https:\/\/vocesparalelas.com.ar\/sitio\/wp-json\/wp\/v2\/posts\/68372\/revisions\/68379"}],"wp:featuredmedia":[{"embeddable":true,"href":"https:\/\/vocesparalelas.com.ar\/sitio\/wp-json\/wp\/v2\/media\/68376"}],"wp:attachment":[{"href":"https:\/\/vocesparalelas.com.ar\/sitio\/wp-json\/wp\/v2\/media?parent=68372"}],"wp:term":[{"taxonomy":"category","embeddable":true,"href":"https:\/\/vocesparalelas.com.ar\/sitio\/wp-json\/wp\/v2\/categories?post=68372"},{"taxonomy":"post_tag","embeddable":true,"href":"https:\/\/vocesparalelas.com.ar\/sitio\/wp-json\/wp\/v2\/tags?post=68372"}],"curies":[{"name":"wp","href":"https:\/\/api.w.org\/{rel}","templated":true}]}}