{"id":68347,"date":"2024-01-19T21:00:46","date_gmt":"2024-01-20T00:00:46","guid":{"rendered":"https:\/\/vocesparalelas.com.ar\/sitio\/?p=68347"},"modified":"2024-01-19T21:00:46","modified_gmt":"2024-01-20T00:00:46","slug":"firmaron-convenio-para-agilizar-tiempos-de-espera-en-trasplante-de-organos-en-san-juan","status":"publish","type":"post","link":"https:\/\/vocesparalelas.com.ar\/sitio\/firmaron-convenio-para-agilizar-tiempos-de-espera-en-trasplante-de-organos-en-san-juan\/","title":{"rendered":"Firmaron convenio para agilizar tiempos de espera en trasplante de \u00f3rganos en San Juan"},"content":{"rendered":"<p>El Viernes, 19 de Enero, tuvo lugar el acto de ratificaci\u00f3n del convenio para fortalecer la donaci\u00f3n y el trasplante de \u00f3rganos en el Hospital Dr. Guillermo Rawson, en San Juan.<\/p>\n<p>El encuentro se realiz\u00f3 en el Ministerio de Salud del Gobierno de San Juan presidida por el ministro, Dr. Am\u00edlcar Dobladez, acompa\u00f1ado por el presidente del INCUCAI, Dr. Carlos Soratti; el director del Hospital Dr. Guillermo Rawson, Dr. Juan Pablo Gempel; representante de INAISA, Dra. Mariela Gelvez.<\/p>\n<p><img loading=\"lazy\" decoding=\"async\" class=\"alignnone size-full wp-image-68351\" src=\"https:\/\/vocesparalelas.com.ar\/sitio\/wp-content\/uploads\/2024\/01\/SALUD-INCUCAI-02.jpg\" alt=\"\" width=\"800\" height=\"455\" srcset=\"https:\/\/vocesparalelas.com.ar\/sitio\/wp-content\/uploads\/2024\/01\/SALUD-INCUCAI-02.jpg 800w, https:\/\/vocesparalelas.com.ar\/sitio\/wp-content\/uploads\/2024\/01\/SALUD-INCUCAI-02-300x171.jpg 300w, https:\/\/vocesparalelas.com.ar\/sitio\/wp-content\/uploads\/2024\/01\/SALUD-INCUCAI-02-768x437.jpg 768w\" sizes=\"auto, (max-width: 800px) 100vw, 800px\" \/><\/p>\n<p>El acuerdo se refiere al Programa para la Incorporaci\u00f3n de Unidades Hospitalarias de Procuraci\u00f3n de \u00d3rganos y Tejidos, UHPROT y Programa para el Abordaje Integral de la Enfermedad Renal Cr\u00f3nica Avanzada.<\/p>\n<p>En \u00e9ste sentido, cabe mencionar que el convenio est\u00e1 vinculado a la facturaci\u00f3n de los costos de procuraci\u00f3n de \u00f3rganos y tejidos por los procesos generados en la jurisdicci\u00f3n y se firm\u00f3 en Noviembre del 2023.<\/p>\n<p>En este marco, ministro, Dr. Am\u00edlcar Dobladez manifest\u00f3 que \u00abagradezco a las autoridades los proyectos y planes de acci\u00f3n para San Juan. Aportan una soluci\u00f3n r\u00e1pida para achicar los tiempos de espera, que son a veces muy largos y angustiantes para los pacientes en situaci\u00f3n de espera de trasplante. A nosotros nos pone muy orgullosos que la direcci\u00f3n de un hospital sea parte de esto. Es muy importante la discusi\u00f3n de estos proyectos y que donante y receptor est\u00e9n informados\u201d.<\/p>\n<p>A su turno, Gempel destac\u00f3 que \u201ceste es un programa importante que increment\u00f3 la cantidad de pacientes trasplantados y est\u00e1 dando muy buenos resultados en San Juan. Actualmente, en el Rawson tenemos dos tipos de trasplantes: renal y de c\u00f3rneas, pero tenemos en desarrollo proyectos para trasplantar m\u00e9dula \u00f3sea, hep\u00e1ticos y card\u00edacos, que esperamos concretar en breve\u201d.<\/p>\n<p>Sumado a esto, el facultativo inform\u00f3 sobre otro proyecto, el de Procuraci\u00f3n de \u00d3rganos. Otro dato que aport\u00f3 el profesional se refiere a que, en el 2023 se realizaron 15 trasplantes renales en el Hospital Rawson. \u201cLa importancia del programa radica en que el hospital ser\u00e1 el encargado de procurar los \u00f3rganos y realizar el trasplante, a trav\u00e9s de una organizaci\u00f3n que compete a los distintos servicios que ofrece el nosocomio, sin la intervenci\u00f3n de INAISA\u201d.<\/p>\n<p>Luego, el director del Hospital Dr. Guillermo Rawson, Dr. Juan Pablo Gempel puso el foco en el numeroso equipo de profesionales debidamente capacitado para ablaci\u00f3n y trasplante de \u00f3rganos.<\/p>\n<p>Finalmente, el presidente del INCUCAI, Dr. Carlos Soratti subray\u00f3 que \u00abla importancia de la ratificaci\u00f3n del convenio con las nuevas autoridades sanitarias significan los compromisos de gesti\u00f3n para el desarrollo de las pol\u00edticas p\u00fablicas. Mejoran el acceso a lista de espera para el trasplante de \u00f3rganos, tejidos y c\u00e9lulas y acortan los tiempos de espera, porque apuntan a incrementar su disponibilidad\u00bb.<\/p>\n<p>\u00abSan Juan se suma a los proyectos UHPROT y CERCA. Estos acuerdos se est\u00e1n estableciendo en el resto del pa\u00eds para ofrecer una oportunidad de vida lo antes posible para el receptor del \u00f3rgano. El desaf\u00edo en el mundo es reducir las esperas y \u00e9ste es un mensaje para quien depende de un trasplante y para el pa\u00eds. Estamos orgullosos y agradecidos\u201d, concluy\u00f3 el Dr. Carlos Soratti.<\/p>\n<p><strong><span style=\"color: #ff0000;\">Otros objetivos del convenio<\/span><\/strong><\/p>\n<p>El acuerdo revalidado incluye otras metas, entre las que se encuentra un trabajo institucional de incorporaci\u00f3n de donantes, a trav\u00e9s de la generaci\u00f3n de una unidad encargada de la procuraci\u00f3n de \u00f3rganos y tejidos integrada a la estructura del establecimiento.<\/p>\n<p>Adem\u00e1s, el convenio contempla que cada instituci\u00f3n se involucre en la detecci\u00f3n, selecci\u00f3n, certificaci\u00f3n de las muertes y tratamiento de los potenciales donantes.<\/p>\n<p>Otro punto del que habla el compromiso se refiere a la necesidad de impulsar y desarrollar actividades de capacitaci\u00f3n y formaci\u00f3n de recursos humanos para los profesionales afectados a la ablaci\u00f3n y trasplante.<\/p>\n<p>Por otra parte, el pacto puntualiza sobre la difusi\u00f3n de mensajes positivos de los hospitales hacia la comunidad referidos al trasplante de \u00f3rganos.<\/p>\n<p><span style=\"color: #ff0000;\"><strong>Sobre la Enfermedad Renal Cr\u00f3nica (ERC)<\/strong><\/span><\/p>\n<p>La ERC es un problema de salud p\u00fablica que amerita una estrategia sanitaria de abordaje integral que involucre la promoci\u00f3n, prevenci\u00f3n, diagn\u00f3stico precoz, tratamiento, seguimiento y cuidado integral de la poblaci\u00f3n involucrada, indistintamente del estadio evolutivo de la misma.<\/p>\n<p>La apertura de este consultorio es una gran avance, dado que la provincia de San Juan tiene una Unidad de Salud Renal que lleva adelante un modelo preventivo trasplantol\u00f3gico como pol\u00edtica de estado provincial.<\/p>\n<p>&nbsp;<\/p>\n<p><iframe loading=\"lazy\" title=\"Gobierno e INCUCAI firmaron un convenio para la donaci\u00f3n y el trasplante de \u00f3rganos\" width=\"800\" height=\"450\" src=\"https:\/\/www.youtube.com\/embed\/PNmyJVlRhRM?feature=oembed\" frameborder=\"0\" allow=\"accelerometer; autoplay; clipboard-write; encrypted-media; gyroscope; picture-in-picture; web-share\" allowfullscreen><\/iframe><\/p>\n","protected":false},"excerpt":{"rendered":"<p>El Viernes, 19 de Enero, tuvo lugar el acto de ratificaci\u00f3n del convenio para fortalecer la donaci\u00f3n y el trasplante<\/p>\n","protected":false},"author":3,"featured_media":68350,"comment_status":"closed","ping_status":"closed","sticky":false,"template":"","format":"standard","meta":{"_acf_changed":false,"_seopress_robots_primary_cat":"none","_seopress_titles_title":"","_seopress_titles_desc":"","_seopress_robots_index":"","colormag_page_container_layout":"default_layout","colormag_page_sidebar_layout":"default_layout","footnotes":""},"categories":[1,7],"tags":[],"class_list":["post-68347","post","type-post","status-publish","format-standard","has-post-thumbnail","hentry","category-destacadas","category-videos"],"acf":[],"_links":{"self":[{"href":"https:\/\/vocesparalelas.com.ar\/sitio\/wp-json\/wp\/v2\/posts\/68347","targetHints":{"allow":["GET"]}}],"collection":[{"href":"https:\/\/vocesparalelas.com.ar\/sitio\/wp-json\/wp\/v2\/posts"}],"about":[{"href":"https:\/\/vocesparalelas.com.ar\/sitio\/wp-json\/wp\/v2\/types\/post"}],"author":[{"embeddable":true,"href":"https:\/\/vocesparalelas.com.ar\/sitio\/wp-json\/wp\/v2\/users\/3"}],"replies":[{"embeddable":true,"href":"https:\/\/vocesparalelas.com.ar\/sitio\/wp-json\/wp\/v2\/comments?post=68347"}],"version-history":[{"count":1,"href":"https:\/\/vocesparalelas.com.ar\/sitio\/wp-json\/wp\/v2\/posts\/68347\/revisions"}],"predecessor-version":[{"id":68352,"href":"https:\/\/vocesparalelas.com.ar\/sitio\/wp-json\/wp\/v2\/posts\/68347\/revisions\/68352"}],"wp:featuredmedia":[{"embeddable":true,"href":"https:\/\/vocesparalelas.com.ar\/sitio\/wp-json\/wp\/v2\/media\/68350"}],"wp:attachment":[{"href":"https:\/\/vocesparalelas.com.ar\/sitio\/wp-json\/wp\/v2\/media?parent=68347"}],"wp:term":[{"taxonomy":"category","embeddable":true,"href":"https:\/\/vocesparalelas.com.ar\/sitio\/wp-json\/wp\/v2\/categories?post=68347"},{"taxonomy":"post_tag","embeddable":true,"href":"https:\/\/vocesparalelas.com.ar\/sitio\/wp-json\/wp\/v2\/tags?post=68347"}],"curies":[{"name":"wp","href":"https:\/\/api.w.org\/{rel}","templated":true}]}}