{"id":68344,"date":"2024-01-19T21:15:13","date_gmt":"2024-01-20T00:15:13","guid":{"rendered":"https:\/\/vocesparalelas.com.ar\/sitio\/?p=68344"},"modified":"2024-01-23T01:30:53","modified_gmt":"2024-01-23T04:30:53","slug":"diagnostico-y-talleres-para-fortalecer-los-aprendizajes-en-rawson","status":"publish","type":"post","link":"https:\/\/vocesparalelas.com.ar\/sitio\/diagnostico-y-talleres-para-fortalecer-los-aprendizajes-en-rawson\/","title":{"rendered":"Diagn\u00f3stico y talleres para fortalecer los aprendizajes en Rawson"},"content":{"rendered":"<p>La Municipalidad de la Ciudad de Rawson invita a los interesados a sumarse a los Talleres de Capacitaci\u00f3n gratuitos en diversos oficios de la Econom\u00eda Social que son muy variados e interesantes.<\/p>\n<p>La iniciativa tiene como objetivo impulsar el desarrollo de habilidades y promover la inclusi\u00f3n laboral en \u00e1reas creativas y productivas.<\/p>\n<p><span style=\"color: #ff6600;\"><strong>Oficios<\/strong><\/span><\/p>\n<ul>\n<li>Dise\u00f1o de Indumentaria<\/li>\n<li>Molderia<\/li>\n<li>Sublimaci\u00f3n<\/li>\n<li>Tejido en Telar y en Crochet<\/li>\n<li>Bordado Mexicano<\/li>\n<li>Manualidades<\/li>\n<li>Uso de M\u00e1quinas Industriales de Costura<\/li>\n<li>Cer\u00e1mica Artesanal<\/li>\n<li>Artes Mixtas: Reciclado, Mosaiquismo, Pintura Decorativa, Decoupage, Porcelana fr\u00eda, entre otros.<\/li>\n<\/ul>\n<p>Por ello, Voces Paralelas desarroll\u00f3 una entrevista period\u00edstica a la Directora de Econom\u00eda Social de la Secretar\u00eda de Desarrollo Humano Integral de la Municipalidad de la Ciudad de Rawson, Ver\u00f3nica Dias, quien cont\u00f3 que despu\u00e9s de realizar un diagn\u00f3stico como l\u00ednea de trabajo del intendente, Dr. Carlos Munisaga comenzamos con capacitaciones gratuitas en diferentes talleres para fortalecer lo que se tiene.<\/p>\n<p><iframe loading=\"lazy\" title=\"RAWSON VERONICA DIAS\" width=\"800\" height=\"450\" src=\"https:\/\/www.youtube.com\/embed\/S1NaOiO2NeA?feature=oembed\" frameborder=\"0\" allow=\"accelerometer; autoplay; clipboard-write; encrypted-media; gyroscope; picture-in-picture; web-share\" allowfullscreen><\/iframe><\/p>\n<p>Adem\u00e1s, se realiz\u00f3 el encuentro con emprendedores con referentes de la Secretaria de Desarrollo Humano Integral de la Municipalidad de la Ciudad de Rawson para que organizarse y buscar el medio para mejorar los productos que ponen a su venta.<\/p>\n<p><img loading=\"lazy\" decoding=\"async\" class=\"alignnone size-full wp-image-68359\" src=\"https:\/\/vocesparalelas.com.ar\/sitio\/wp-content\/uploads\/2024\/01\/RAWSON-VERONICA-DIAS-01.jpg\" alt=\"\" width=\"800\" height=\"533\" srcset=\"https:\/\/vocesparalelas.com.ar\/sitio\/wp-content\/uploads\/2024\/01\/RAWSON-VERONICA-DIAS-01.jpg 800w, https:\/\/vocesparalelas.com.ar\/sitio\/wp-content\/uploads\/2024\/01\/RAWSON-VERONICA-DIAS-01-300x200.jpg 300w, https:\/\/vocesparalelas.com.ar\/sitio\/wp-content\/uploads\/2024\/01\/RAWSON-VERONICA-DIAS-01-768x512.jpg 768w\" sizes=\"auto, (max-width: 800px) 100vw, 800px\" \/><\/p>\n<p><img loading=\"lazy\" decoding=\"async\" class=\"alignnone size-full wp-image-68356\" src=\"https:\/\/vocesparalelas.com.ar\/sitio\/wp-content\/uploads\/2024\/01\/RAWSON-VERONICA-DIAS-02.jpg\" alt=\"\" width=\"800\" height=\"533\" srcset=\"https:\/\/vocesparalelas.com.ar\/sitio\/wp-content\/uploads\/2024\/01\/RAWSON-VERONICA-DIAS-02.jpg 800w, https:\/\/vocesparalelas.com.ar\/sitio\/wp-content\/uploads\/2024\/01\/RAWSON-VERONICA-DIAS-02-300x200.jpg 300w, https:\/\/vocesparalelas.com.ar\/sitio\/wp-content\/uploads\/2024\/01\/RAWSON-VERONICA-DIAS-02-768x512.jpg 768w\" sizes=\"auto, (max-width: 800px) 100vw, 800px\" \/><\/p>\n<p><img loading=\"lazy\" decoding=\"async\" class=\"alignnone size-full wp-image-68357\" src=\"https:\/\/vocesparalelas.com.ar\/sitio\/wp-content\/uploads\/2024\/01\/RAWSON-VERONICA-DIAS-04-1.jpg\" alt=\"\" width=\"800\" height=\"533\" srcset=\"https:\/\/vocesparalelas.com.ar\/sitio\/wp-content\/uploads\/2024\/01\/RAWSON-VERONICA-DIAS-04-1.jpg 800w, https:\/\/vocesparalelas.com.ar\/sitio\/wp-content\/uploads\/2024\/01\/RAWSON-VERONICA-DIAS-04-1-300x200.jpg 300w, https:\/\/vocesparalelas.com.ar\/sitio\/wp-content\/uploads\/2024\/01\/RAWSON-VERONICA-DIAS-04-1-768x512.jpg 768w\" sizes=\"auto, (max-width: 800px) 100vw, 800px\" \/><\/p>\n<blockquote class=\"wp-embedded-content\" data-secret=\"azcJfe1uwk\"><p><a href=\"https:\/\/vocesparalelas.com.ar\/sitio\/comienzan-los-talleres-en-oficios-gratuitos-en-rawson\/\">Comienzan los Talleres en oficios gratuitos en Rawson<\/a><\/p><\/blockquote>\n<p><iframe loading=\"lazy\" class=\"wp-embedded-content\" sandbox=\"allow-scripts\" security=\"restricted\" style=\"position: absolute; clip: rect(1px, 1px, 1px, 1px);\" title=\"\u00abComienzan los Talleres en oficios gratuitos en Rawson\u00bb \u2014 Voces Paralelas\" src=\"https:\/\/vocesparalelas.com.ar\/sitio\/comienzan-los-talleres-en-oficios-gratuitos-en-rawson\/embed\/#?secret=8lcp7oK1dK#?secret=azcJfe1uwk\" data-secret=\"azcJfe1uwk\" width=\"600\" height=\"338\" frameborder=\"0\" marginwidth=\"0\" marginheight=\"0\" scrolling=\"no\"><\/iframe><\/p>\n<p>&nbsp;<\/p>\n<p><img loading=\"lazy\" decoding=\"async\" class=\"alignnone size-full wp-image-67149\" src=\"https:\/\/vocesparalelas.com.ar\/sitio\/wp-content\/uploads\/2023\/12\/RAWSON-LOGO-NUEVO.jpg\" alt=\"\" width=\"800\" height=\"533\" srcset=\"https:\/\/vocesparalelas.com.ar\/sitio\/wp-content\/uploads\/2023\/12\/RAWSON-LOGO-NUEVO.jpg 800w, https:\/\/vocesparalelas.com.ar\/sitio\/wp-content\/uploads\/2023\/12\/RAWSON-LOGO-NUEVO-300x200.jpg 300w, https:\/\/vocesparalelas.com.ar\/sitio\/wp-content\/uploads\/2023\/12\/RAWSON-LOGO-NUEVO-768x512.jpg 768w\" sizes=\"auto, (max-width: 800px) 100vw, 800px\" \/><\/p>\n<blockquote class=\"wp-embedded-content\" data-secret=\"gUAucXSR1P\"><p><a href=\"https:\/\/vocesparalelas.com.ar\/sitio\/talleres-del-cic-del-medano-de-oro-rawson\/\">Talleres del CIC del M\u00e9dano de Oro Rawson<\/a><\/p><\/blockquote>\n<p><iframe loading=\"lazy\" class=\"wp-embedded-content\" sandbox=\"allow-scripts\" security=\"restricted\" style=\"position: absolute; clip: rect(1px, 1px, 1px, 1px);\" title=\"\u00abTalleres del CIC del M\u00e9dano de Oro Rawson\u00bb \u2014 Voces Paralelas\" src=\"https:\/\/vocesparalelas.com.ar\/sitio\/talleres-del-cic-del-medano-de-oro-rawson\/embed\/#?secret=2UL5uuSa7u#?secret=gUAucXSR1P\" data-secret=\"gUAucXSR1P\" width=\"600\" height=\"338\" frameborder=\"0\" marginwidth=\"0\" marginheight=\"0\" scrolling=\"no\"><\/iframe><\/p>\n","protected":false},"excerpt":{"rendered":"<p>La Municipalidad de la Ciudad de Rawson invita a los interesados a sumarse a los Talleres de Capacitaci\u00f3n gratuitos en<\/p>\n","protected":false},"author":3,"featured_media":68354,"comment_status":"closed","ping_status":"closed","sticky":false,"template":"","format":"standard","meta":{"_acf_changed":false,"_seopress_robots_primary_cat":"none","_seopress_titles_title":"","_seopress_titles_desc":"","_seopress_robots_index":"","colormag_page_container_layout":"default_layout","colormag_page_sidebar_layout":"default_layout","footnotes":""},"categories":[9,7],"tags":[],"class_list":["post-68344","post","type-post","status-publish","format-standard","has-post-thumbnail","hentry","category-cursos","category-videos"],"acf":[],"_links":{"self":[{"href":"https:\/\/vocesparalelas.com.ar\/sitio\/wp-json\/wp\/v2\/posts\/68344","targetHints":{"allow":["GET"]}}],"collection":[{"href":"https:\/\/vocesparalelas.com.ar\/sitio\/wp-json\/wp\/v2\/posts"}],"about":[{"href":"https:\/\/vocesparalelas.com.ar\/sitio\/wp-json\/wp\/v2\/types\/post"}],"author":[{"embeddable":true,"href":"https:\/\/vocesparalelas.com.ar\/sitio\/wp-json\/wp\/v2\/users\/3"}],"replies":[{"embeddable":true,"href":"https:\/\/vocesparalelas.com.ar\/sitio\/wp-json\/wp\/v2\/comments?post=68344"}],"version-history":[{"count":4,"href":"https:\/\/vocesparalelas.com.ar\/sitio\/wp-json\/wp\/v2\/posts\/68344\/revisions"}],"predecessor-version":[{"id":68393,"href":"https:\/\/vocesparalelas.com.ar\/sitio\/wp-json\/wp\/v2\/posts\/68344\/revisions\/68393"}],"wp:featuredmedia":[{"embeddable":true,"href":"https:\/\/vocesparalelas.com.ar\/sitio\/wp-json\/wp\/v2\/media\/68354"}],"wp:attachment":[{"href":"https:\/\/vocesparalelas.com.ar\/sitio\/wp-json\/wp\/v2\/media?parent=68344"}],"wp:term":[{"taxonomy":"category","embeddable":true,"href":"https:\/\/vocesparalelas.com.ar\/sitio\/wp-json\/wp\/v2\/categories?post=68344"},{"taxonomy":"post_tag","embeddable":true,"href":"https:\/\/vocesparalelas.com.ar\/sitio\/wp-json\/wp\/v2\/tags?post=68344"}],"curies":[{"name":"wp","href":"https:\/\/api.w.org\/{rel}","templated":true}]}}