{"id":68181,"date":"2024-01-16T18:46:01","date_gmt":"2024-01-16T21:46:01","guid":{"rendered":"https:\/\/vocesparalelas.com.ar\/sitio\/?p=68181"},"modified":"2024-01-17T18:13:31","modified_gmt":"2024-01-17T21:13:31","slug":"tablao-flamenco-en-el-tb-de-san-juan-2","status":"publish","type":"post","link":"https:\/\/vocesparalelas.com.ar\/sitio\/tablao-flamenco-en-el-tb-de-san-juan-2\/","title":{"rendered":"Tablao Flamenco en el TB de San Juan"},"content":{"rendered":"<p>Un imperdible espect\u00e1culo que deleita al p\u00fablico con lo m\u00e1s puro del flamenco entre casta\u00f1uelas, taconeo y cante hondo el S\u00e1bado, 3 de Febrero, a las 21:30 horas, en la Sala Auditori0 del Teatro del Bicentenario de San Juan.<\/p>\n<p>Por ello, el El Ministerio de Turismo, Cultura y Deporte del Gobierno de San Juan, a trav\u00e9s del Teatro del Bicentenario, presenta Tablao Flamenco, un espect\u00e1culo tradicional andaluz a cargo de Jasiel Nahin, como proyecto seleccionado por la Ley de Mecenazgo 2023.<\/p>\n<p>De esta manera, la sala secundaria del Teatro del Bicentenario se convierte en un tradicional tablao, donde la danza y el toque en vivo se unen en una imperdible ocasi\u00f3n.<\/p>\n<p>El evento, que es organizado por Cuky Maestro, presidenta de la Asociaci\u00f3n Civil Ciclo Flamenco, se realiza en el marco de un seminario a cargo del destacado bailar\u00edn, quien a su vez dirige el montaje coreogr\u00e1fico de la Compa\u00f1\u00eda Cuyo Flamenco, un nuevo proyecto de la asociaci\u00f3n.<\/p>\n<p>En esta oportunidad, al bailaor espa\u00f1ol Jasiel Nahin se le unen en cante Gaby G\u00f3mez y Rita L\u00f3pez, en toque Daniel G\u00f3mez y en palmas Marisol Morales y Alejandra Minet.<\/p>\n<p><strong><span style=\"color: #339966;\">Entrada<\/span><\/strong><\/p>\n<p>General tiene el valor de $3500 y est\u00e1 disponible en la boleter\u00eda del teatro de Martes a S\u00e1bado, de 10 a 14 horas.<\/p>\n<p>Tambi\u00e9n puede adquirirse a trav\u00e9s de\u00a0<a href=\"http:\/\/TuEntrada.com.\">http:\/\/TuEntrada.com<\/a><\/p>\n<p><iframe loading=\"lazy\" title=\"JASIEL NAHIN   | FLAMENCO ALEGR\u00cdAS |\" width=\"800\" height=\"450\" src=\"https:\/\/www.youtube.com\/embed\/y1CrkqNMrpo?feature=oembed\" frameborder=\"0\" allow=\"accelerometer; autoplay; clipboard-write; encrypted-media; gyroscope; picture-in-picture; web-share\" allowfullscreen><\/iframe><\/p>\n<div class=\"vc_custom_heading_wrap \">\n<div class=\"heading-text el-text\"><\/div>\n<\/div>\n<div class=\"uncode_text_column right-t-left animate_when_almost_visible start_animation\">\n<p>&nbsp;<\/p>\n<p><span style=\"color: #339966;\"><strong>Datos de Jasiel Nahin<\/strong><\/span><\/p>\n<p>Nacido el 14 de febrero de 1995 en san Carlos Mendoza (Argentina), en su sangre hered\u00f3 la esencia flamenca de su madre y su tierra le fue dando el folclore y la tonada, luego su destino estaba escrito en el flamenco. Ya m\u00e1s joven, fue Andaluc\u00eda donde comenz\u00f3 lo que ser\u00eda su fruct\u00edfera carrera.<\/p>\n<p>Desde los 5 a\u00f1os su formaci\u00f3n contaba con el folclore argentino de la mano de Benito Gonzales, a la par que estudiaba en el instituto de danzas espa\u00f1olas Marisie. Teniendo en s\u00ed gran formaci\u00f3n en danza espa\u00f1ola, contempor\u00e1neo cl\u00e1sico y flamenco. As\u00ed tambi\u00e9n con estudios de guitarra y lenguaje musical de la escuela art\u00edstica de Tunuy\u00e1n.<\/p>\n<p>Contin\u00faa sus estudios en Amor de Dios (Madrid), escuela de baile Mariquilla (Granada), escuela de danza Luc\u00eda Guarnido (Granada). Asimismo recibe clase de la mano de otros artistas y core\u00f3grafos ya consagrados como Bel\u00e9n Fern\u00e1ndez, Alejandro Granados, Farruquito, Pepe torres, Alfonso Losa, Bel\u00e9n L\u00f3pez, Paloma Fantova, Antonio Rodr\u00edguez, Pedro C\u00f3rdoba, entre otros.<\/p>\n<p>A lo largo de su trayectoria art\u00edstica ha recibido premios y reconocimientos como mejor bailar\u00edn y premio revelaci\u00f3n en diversos concursos que lo encaminaron al terreno profesional. Cabe destacar su habilidad en el folclore argentino, que lo llev\u00f3 a la capital del malambo (Laborde), donde logr\u00f3 participar representando a su Mendoza natal.<\/p>\n<p>Su pasi\u00f3n por el flamenco su comp\u00e1s y fortaleza llam\u00f3 la atenci\u00f3n de grandes compa\u00f1\u00edas con las que no ha parado de girar. En 2018, con la compa\u00f1\u00eda Hearbeat of Home recorre los teatros m\u00e1s importantes de Shangay, Pek\u00edn, Berl\u00edn, Londres , Zurich\u2026<\/p>\n<p>En 2018, recibe por el consejo deliberante la DISTINCI\u00d3N por su trayectoria y representaci\u00f3n del pueblo como bailaor flamenco en Espa\u00f1a.<\/p>\n<p>Y en 2019, con la compa\u00f1\u00eda Noche Flamenca, viaja por San Francisco, Philadelphia y New York, donde recibe importantes cr\u00edticas del New York Times.<\/p>\n<p>La evoluci\u00f3n art\u00edstica de Jasiel Nahin y sus a\u00f1os de aprendizaje y vivencia en la cultura andaluza y cuyana, provocan a el bailaor a mostrar la uni\u00f3n de ambas culturas.<\/p>\n<p>En 2019 estrena en Argentina \u201cMirando dentro\u201d donde expresa en tablas aquellos momentos y experiencias de su camino por el baile.<\/p>\n<p>A finales de este a\u00f1o, incursiona en la producci\u00f3n audiovisual sacando a luz su primer reel, con la coproducci\u00f3n de Leannister estudio.<\/p>\n<p>En 2021, logra el \u201cSalinas de Oro\u201d en la modalidad de baile del II Certamen Primavera Flamenca de Torrevieja, lo que le permite realizar una gala en el Teatro Mayor de Alicante.<\/p>\n<p>Tambi\u00e9n en este a\u00f1o estrena el espect\u00e1culo \u00abEl andar\u00b4\u00b4 donde re\u00fane la pureza de ambas culturas, aunando la pasi\u00f3n\u00a0 y el desarrollo de lo que podr\u00eda ser una nueva forma de expresi\u00f3n.<\/p>\n<p>En 2022, pendiente de estrenar \u201cEntre dos tierras\u201d, una mirada a trav\u00e9s del baile y las sensaciones del teatro, la pugna entre el coraz\u00f3n y la mente.<\/p>\n<p><a name=\"Bookmark\"><\/a>Jasiel es creatividad y pasi\u00f3n. Cargado de una fuerza impresionante, un comp\u00e1s a\u00f1ejo fusionado con la frescura de la juventud. Saber y talento, eso es Nahin.<\/p>\n<\/div>\n","protected":false},"excerpt":{"rendered":"<p>Un imperdible espect\u00e1culo que deleita al p\u00fablico con lo m\u00e1s puro del flamenco entre casta\u00f1uelas, taconeo y cante hondo el<\/p>\n","protected":false},"author":3,"featured_media":68184,"comment_status":"closed","ping_status":"closed","sticky":false,"template":"","format":"standard","meta":{"_acf_changed":false,"_seopress_robots_primary_cat":"none","_seopress_titles_title":"","_seopress_titles_desc":"","_seopress_robots_index":"","colormag_page_container_layout":"default_layout","colormag_page_sidebar_layout":"default_layout","footnotes":""},"categories":[20,7],"tags":[],"class_list":["post-68181","post","type-post","status-publish","format-standard","has-post-thumbnail","hentry","category-cartelera","category-videos"],"acf":[],"_links":{"self":[{"href":"https:\/\/vocesparalelas.com.ar\/sitio\/wp-json\/wp\/v2\/posts\/68181","targetHints":{"allow":["GET"]}}],"collection":[{"href":"https:\/\/vocesparalelas.com.ar\/sitio\/wp-json\/wp\/v2\/posts"}],"about":[{"href":"https:\/\/vocesparalelas.com.ar\/sitio\/wp-json\/wp\/v2\/types\/post"}],"author":[{"embeddable":true,"href":"https:\/\/vocesparalelas.com.ar\/sitio\/wp-json\/wp\/v2\/users\/3"}],"replies":[{"embeddable":true,"href":"https:\/\/vocesparalelas.com.ar\/sitio\/wp-json\/wp\/v2\/comments?post=68181"}],"version-history":[{"count":4,"href":"https:\/\/vocesparalelas.com.ar\/sitio\/wp-json\/wp\/v2\/posts\/68181\/revisions"}],"predecessor-version":[{"id":68188,"href":"https:\/\/vocesparalelas.com.ar\/sitio\/wp-json\/wp\/v2\/posts\/68181\/revisions\/68188"}],"wp:featuredmedia":[{"embeddable":true,"href":"https:\/\/vocesparalelas.com.ar\/sitio\/wp-json\/wp\/v2\/media\/68184"}],"wp:attachment":[{"href":"https:\/\/vocesparalelas.com.ar\/sitio\/wp-json\/wp\/v2\/media?parent=68181"}],"wp:term":[{"taxonomy":"category","embeddable":true,"href":"https:\/\/vocesparalelas.com.ar\/sitio\/wp-json\/wp\/v2\/categories?post=68181"},{"taxonomy":"post_tag","embeddable":true,"href":"https:\/\/vocesparalelas.com.ar\/sitio\/wp-json\/wp\/v2\/tags?post=68181"}],"curies":[{"name":"wp","href":"https:\/\/api.w.org\/{rel}","templated":true}]}}