{"id":68083,"date":"2024-01-13T12:06:05","date_gmt":"2024-01-13T15:06:05","guid":{"rendered":"https:\/\/vocesparalelas.com.ar\/sitio\/?p=68083"},"modified":"2024-01-13T12:06:05","modified_gmt":"2024-01-13T15:06:05","slug":"upcn-san-juan-emitio-un-comunicado","status":"publish","type":"post","link":"https:\/\/vocesparalelas.com.ar\/sitio\/upcn-san-juan-emitio-un-comunicado\/","title":{"rendered":"UPCN San Juan emiti\u00f3 un Comunicado"},"content":{"rendered":"<p>Con respecto a la viralizaci\u00f3n de una captura de imagen con supuestas declaraciones de Jos\u00e9 \u00abPepe\u00bb Villa a un medio de comunicaci\u00f3n sobre la cl\u00e1usula gatillo, UPCN Seccional San Juan se ve en la obligaci\u00f3n de comunicar que se trata de una informaci\u00f3n falsa y generada con malicia.<\/p>\n<p>De hecho, UPCN mantiene gestiones para sostener este mecanismo de aumento en los haberes de los empleados de la Administraci\u00f3n P\u00fablica.<\/p>\n<p>Por consiguiente, solicitamos no difundir este tipo de contenido y consultar a las fuentes directas de informaci\u00f3n.<\/p>\n<p>Se ha establecido a trav\u00e9s de numerosos trabajos que la desinformaci\u00f3n constituye una de las mayores preocupaciones de los pa\u00edses democr\u00e1ticos.<\/p>\n<p>Detr\u00e1s de las noticias falsas o fake news se articulan, en numerosas ocasiones, estrategias para manipular la opini\u00f3n p\u00fablica y erosionar la estabilidad de las instituciones.<\/p>\n<p><img loading=\"lazy\" decoding=\"async\" class=\"alignnone size-full wp-image-51792\" src=\"https:\/\/vocesparalelas.com.ar\/sitio\/wp-content\/uploads\/2022\/08\/UPCN-NENES-04.jpg\" alt=\"\" width=\"800\" height=\"533\" srcset=\"https:\/\/vocesparalelas.com.ar\/sitio\/wp-content\/uploads\/2022\/08\/UPCN-NENES-04.jpg 800w, https:\/\/vocesparalelas.com.ar\/sitio\/wp-content\/uploads\/2022\/08\/UPCN-NENES-04-300x200.jpg 300w, https:\/\/vocesparalelas.com.ar\/sitio\/wp-content\/uploads\/2022\/08\/UPCN-NENES-04-768x512.jpg 768w\" sizes=\"auto, (max-width: 800px) 100vw, 800px\" \/><\/p>\n","protected":false},"excerpt":{"rendered":"<p>Con respecto a la viralizaci\u00f3n de una captura de imagen con supuestas declaraciones de Jos\u00e9 \u00abPepe\u00bb Villa a un medio<\/p>\n","protected":false},"author":3,"featured_media":4796,"comment_status":"closed","ping_status":"closed","sticky":false,"template":"","format":"standard","meta":{"_acf_changed":false,"_seopress_robots_primary_cat":"none","_seopress_titles_title":"","_seopress_titles_desc":"","_seopress_robots_index":"","colormag_page_container_layout":"default_layout","colormag_page_sidebar_layout":"default_layout","footnotes":""},"categories":[1],"tags":[],"class_list":["post-68083","post","type-post","status-publish","format-standard","has-post-thumbnail","hentry","category-destacadas"],"acf":[],"_links":{"self":[{"href":"https:\/\/vocesparalelas.com.ar\/sitio\/wp-json\/wp\/v2\/posts\/68083","targetHints":{"allow":["GET"]}}],"collection":[{"href":"https:\/\/vocesparalelas.com.ar\/sitio\/wp-json\/wp\/v2\/posts"}],"about":[{"href":"https:\/\/vocesparalelas.com.ar\/sitio\/wp-json\/wp\/v2\/types\/post"}],"author":[{"embeddable":true,"href":"https:\/\/vocesparalelas.com.ar\/sitio\/wp-json\/wp\/v2\/users\/3"}],"replies":[{"embeddable":true,"href":"https:\/\/vocesparalelas.com.ar\/sitio\/wp-json\/wp\/v2\/comments?post=68083"}],"version-history":[{"count":1,"href":"https:\/\/vocesparalelas.com.ar\/sitio\/wp-json\/wp\/v2\/posts\/68083\/revisions"}],"predecessor-version":[{"id":68086,"href":"https:\/\/vocesparalelas.com.ar\/sitio\/wp-json\/wp\/v2\/posts\/68083\/revisions\/68086"}],"wp:featuredmedia":[{"embeddable":true,"href":"https:\/\/vocesparalelas.com.ar\/sitio\/wp-json\/wp\/v2\/media\/4796"}],"wp:attachment":[{"href":"https:\/\/vocesparalelas.com.ar\/sitio\/wp-json\/wp\/v2\/media?parent=68083"}],"wp:term":[{"taxonomy":"category","embeddable":true,"href":"https:\/\/vocesparalelas.com.ar\/sitio\/wp-json\/wp\/v2\/categories?post=68083"},{"taxonomy":"post_tag","embeddable":true,"href":"https:\/\/vocesparalelas.com.ar\/sitio\/wp-json\/wp\/v2\/tags?post=68083"}],"curies":[{"name":"wp","href":"https:\/\/api.w.org\/{rel}","templated":true}]}}