{"id":68065,"date":"2024-01-14T21:04:25","date_gmt":"2024-01-15T00:04:25","guid":{"rendered":"https:\/\/vocesparalelas.com.ar\/sitio\/?p=68065"},"modified":"2024-01-14T22:47:16","modified_gmt":"2024-01-15T01:47:16","slug":"muestra-del-80-aniversario-del-terremoto-de-1944-en-san-juan","status":"publish","type":"post","link":"https:\/\/vocesparalelas.com.ar\/sitio\/muestra-del-80-aniversario-del-terremoto-de-1944-en-san-juan\/","title":{"rendered":"Muestra del 80\u00b0 aniversario del terremoto de 1944 en San Juan"},"content":{"rendered":"<p>El Ministerio de Gobierno, la Secretar\u00eda de Relaciones Institucionales y la Direcci\u00f3n de Archivo General y Sistema Provincial de Archivo del Gobierno de San Juan, invitan a la apertura de la muestra documental, fotogr\u00e1fica, hemerogr\u00e1fica, audiovisual, bibliogr\u00e1fica, museol\u00f3gica y vivencial.<\/p>\n<p>El lugar de exposici\u00f3n es en el Auditorio Gobernador Eloy Pr\u00f3spero Camus, del Centro C\u00edvico, el Lunes, 15 de Enero de 2024, a las 10:30 hs.; con la presencia del Gobernador de San Juan, Dr. Marcelo Orrego, el vicegobernador, Dr. Fabi\u00e1n Mart\u00edn; la ministra de Gobierno, Dra. Laura Palma; ministros provinciales y dem\u00e1s autoridades, quien realiza el corte de cinta. La Muestra se puede observar el Martes, 16 y el Mi\u00e9rcoles, 17 de Enero, de 9 a 13 horas.<\/p>\n<p><strong><span style=\"color: #339966;\">Detalles de la muestra hist\u00f3rica<\/span><\/strong><\/p>\n<p>La muestra denominada \u00ab80\u00b0 aniversario del Terremoto que cambi\u00f3 a San Juan para siempre\u00bb tiene como objetivo dar a conocer y acrecentar el patrimonio documental resguardado en la instituci\u00f3n sobre este hecho hist\u00f3rico que marc\u00f3 un antes y despu\u00e9s de San Juan y Argentina.<\/p>\n<p>Esta exposici\u00f3n abrir\u00e1 sus puertas para que los sanjuaninos puedan acceder visualmente a los archivos hist\u00f3ricos m\u00e1s relevantes sobre el terremoto y, adem\u00e1s, puedan tener contacto con documentaci\u00f3n de otras instituciones, en su mayor\u00eda del Archivo General de la Naci\u00f3n, ingresaron en el a\u00f1o 2019, el Archivo de Santa Fe y el Archivo General de Mendoza y de la ciudadan\u00eda.<\/p>\n<p>En tanto, aporta valiosos testimonios audiovisuales que relatan los sucesos en primera persona de aquel acontecimiento y que son de suma importancia para la comunidad, teniendo en cuenta que muchos registros y documentaci\u00f3n sucumbieron con el terremoto.<\/p>\n<p>Esta muestra cuenta con la colaboraci\u00f3n del Instituto Nacional de Prevenci\u00f3n S\u00edsmica (INPRES), la Universidad Nacional de San Juan (UNSJ), el Museo Hist\u00f3rico Provincial Agust\u00edn Gnecco, el Ministerio de Cultura, la Direcci\u00f3n de Protecci\u00f3n Civil y el Ministerio de Salud, entre otros.<\/p>\n<p><img loading=\"lazy\" decoding=\"async\" class=\"alignnone size-full wp-image-34320\" src=\"https:\/\/vocesparalelas.com.ar\/sitio\/wp-content\/uploads\/2021\/01\/TERREMOTO-MISA-01.jpg\" alt=\"\" width=\"800\" height=\"452\" srcset=\"https:\/\/vocesparalelas.com.ar\/sitio\/wp-content\/uploads\/2021\/01\/TERREMOTO-MISA-01.jpg 800w, https:\/\/vocesparalelas.com.ar\/sitio\/wp-content\/uploads\/2021\/01\/TERREMOTO-MISA-01-300x170.jpg 300w, https:\/\/vocesparalelas.com.ar\/sitio\/wp-content\/uploads\/2021\/01\/TERREMOTO-MISA-01-768x434.jpg 768w\" sizes=\"auto, (max-width: 800px) 100vw, 800px\" \/><\/p>\n<p>&nbsp;<\/p>\n","protected":false},"excerpt":{"rendered":"<p>El Ministerio de Gobierno, la Secretar\u00eda de Relaciones Institucionales y la Direcci\u00f3n de Archivo General y Sistema Provincial de Archivo<\/p>\n","protected":false},"author":3,"featured_media":55771,"comment_status":"closed","ping_status":"closed","sticky":false,"template":"","format":"standard","meta":{"_acf_changed":false,"_seopress_robots_primary_cat":"none","_seopress_titles_title":"","_seopress_titles_desc":"","_seopress_robots_index":"","colormag_page_container_layout":"default_layout","colormag_page_sidebar_layout":"default_layout","footnotes":""},"categories":[1],"tags":[],"class_list":["post-68065","post","type-post","status-publish","format-standard","has-post-thumbnail","hentry","category-destacadas"],"acf":[],"_links":{"self":[{"href":"https:\/\/vocesparalelas.com.ar\/sitio\/wp-json\/wp\/v2\/posts\/68065","targetHints":{"allow":["GET"]}}],"collection":[{"href":"https:\/\/vocesparalelas.com.ar\/sitio\/wp-json\/wp\/v2\/posts"}],"about":[{"href":"https:\/\/vocesparalelas.com.ar\/sitio\/wp-json\/wp\/v2\/types\/post"}],"author":[{"embeddable":true,"href":"https:\/\/vocesparalelas.com.ar\/sitio\/wp-json\/wp\/v2\/users\/3"}],"replies":[{"embeddable":true,"href":"https:\/\/vocesparalelas.com.ar\/sitio\/wp-json\/wp\/v2\/comments?post=68065"}],"version-history":[{"count":1,"href":"https:\/\/vocesparalelas.com.ar\/sitio\/wp-json\/wp\/v2\/posts\/68065\/revisions"}],"predecessor-version":[{"id":68068,"href":"https:\/\/vocesparalelas.com.ar\/sitio\/wp-json\/wp\/v2\/posts\/68065\/revisions\/68068"}],"wp:featuredmedia":[{"embeddable":true,"href":"https:\/\/vocesparalelas.com.ar\/sitio\/wp-json\/wp\/v2\/media\/55771"}],"wp:attachment":[{"href":"https:\/\/vocesparalelas.com.ar\/sitio\/wp-json\/wp\/v2\/media?parent=68065"}],"wp:term":[{"taxonomy":"category","embeddable":true,"href":"https:\/\/vocesparalelas.com.ar\/sitio\/wp-json\/wp\/v2\/categories?post=68065"},{"taxonomy":"post_tag","embeddable":true,"href":"https:\/\/vocesparalelas.com.ar\/sitio\/wp-json\/wp\/v2\/tags?post=68065"}],"curies":[{"name":"wp","href":"https:\/\/api.w.org\/{rel}","templated":true}]}}