{"id":68055,"date":"2024-01-12T19:34:59","date_gmt":"2024-01-12T22:34:59","guid":{"rendered":"https:\/\/vocesparalelas.com.ar\/sitio\/?p=68055"},"modified":"2024-01-12T19:34:59","modified_gmt":"2024-01-12T22:34:59","slug":"se-desarrollo-la-1-etapa-del-giro-del-sol-2024-en-san-juan","status":"publish","type":"post","link":"https:\/\/vocesparalelas.com.ar\/sitio\/se-desarrollo-la-1-etapa-del-giro-del-sol-2024-en-san-juan\/","title":{"rendered":"Se desarroll\u00f3 la 1\u00b0 etapa del Giro del Sol 2024 en San Juan"},"content":{"rendered":"<p>Ajustado y fren\u00e9tico fue el sprint que ayer por la tarde defini\u00f3 la victoria del ciclista Mauricio P\u00e1ez (36), del equipo Gremios por el Deporte, en la primera etapa del Giro del Sol 2024.<\/p>\n<p>La cita cicl\u00edstica fue la primera de las cuatro programadas para esta 22\u00b0 edici\u00f3n del Giro. Y la carrera estuvo amparada bajo un manto de fe y religiosidad. Ya que, tras la salida desde la plaza departamental de Santa Luc\u00eda a las 16 horas, los 97 participantes se dirigieron hacia el paraje caucetero de Vallecito para encontrarse con el santuario de la Difunta Correa.<\/p>\n<p>Luego de atravesar dos veces el exigente paso por Cuesta de las Vacas, el mal\u00f3n de ciclistas pas\u00f3 por 9 de Julio y r\u00e1pidamente fue en b\u00fasqueda de suelo pocitano. Porque el punto culmine de la etapa fue en Avenida U\u00f1ac, entre Calle 6 y 7, casi enfrente a la ex f\u00e1brica de motocicletas.<\/p>\n<p>El final fue abierto a cualquier ciclista, es decir, un embalaje que cont\u00f3 con varios candidatos para alzar los brazos y cantar victoria. Pero en el momento de la definici\u00f3n, el mendocino Mauricio P\u00e1ez fue el m\u00e1s efectivo.<\/p>\n<p>Uno de los referentes del equipo Gremios por el Deporte logr\u00f3 el primer puesto luego de 142,5 kil\u00f3metros de carrera, con un tiempo final de 03:04:27 segundos. Segundo, a cent\u00edmetros, concluy\u00f3 el local Gerardo Tivani, capit\u00e1n de Municipalidad de Pocito. Y quien cerr\u00f3 el podio principal fue Leonardo Cobarrubia, l\u00edder del SEP San Juan. Ambos con el mismo tiempo del ganador.<\/p>\n<p><a href=\"https:\/\/drive.google.com\/file\/d\/10fwLtMoEcVlyQGvUg81h4zYuPcDF0bf6\/view?usp=sharing\" target=\"_blank\" rel=\"noopener noreferrer\">Clasificaci\u00f3n completa de la primera etapa del Giro del Sol \u2013 San Juan 2024<\/a><\/p>\n<p>&nbsp;<\/p>\n<p><strong><span style=\"color: #ff6600;\">2\u00b0 Etapa del Giro del Sol 2024\u00a0<\/span><\/strong><\/p>\n<p>La invitaci\u00f3n para la jornada del Viernes, 12 de Enero, tiene como punto de concentraci\u00f3n el coraz\u00f3n de la Ciudad de San Juan.<\/p>\n<p>Los 14 equipos participantes comienza a reunirse a las 15 horas frente a Plaza 25 de Mayo. La salida neutralizada est\u00e1 programada para las 15:50 y la partida real para las 16hs.; en calle Mendoza y Avenida Circunvalaci\u00f3n, hacia el sur. Esta segunda etapa \u2013de 127 kil\u00f3metros- recorrer\u00e1 Capital, Pocito, Sarmiento, 25 de Mayo, 9 de Julio, Santa Luc\u00eda y Rawson.<\/p>\n<p>Luego del v\u00eda oficial, el pelot\u00f3n continuar\u00e1 por calle Mendoza hasta que sea Avenida U\u00f1ac en Pocito, en calle 14 girar\u00e1n a la izquierda hasta Ruta Nacional 40. Desde ah\u00ed hacia el sur directo hasta la entrada a Media Agua, empalme a la izquierda con Ruta 319, al norte con Ruta 162, a la derecha por Ruta 295, a la izquierda por Ruta 246 hasta conectar Ruta 20 y de ah\u00ed a Avenida Circunvalaci\u00f3n. Salida por General Acha, continuar hasta calle Mendoza, a la izquierda hasta Boulevard Sarmiento, y a la derecha hasta l\u00ednea de meta frente al palacio municipal de Rawson.<\/p>\n<p><img loading=\"lazy\" decoding=\"async\" class=\"alignnone size-full wp-image-68059\" src=\"https:\/\/vocesparalelas.com.ar\/sitio\/wp-content\/uploads\/2024\/01\/GIRO-DEL-SOL-02-1.jpg\" alt=\"\" width=\"800\" height=\"450\" srcset=\"https:\/\/vocesparalelas.com.ar\/sitio\/wp-content\/uploads\/2024\/01\/GIRO-DEL-SOL-02-1.jpg 800w, https:\/\/vocesparalelas.com.ar\/sitio\/wp-content\/uploads\/2024\/01\/GIRO-DEL-SOL-02-1-300x169.jpg 300w, https:\/\/vocesparalelas.com.ar\/sitio\/wp-content\/uploads\/2024\/01\/GIRO-DEL-SOL-02-1-768x432.jpg 768w\" sizes=\"auto, (max-width: 800px) 100vw, 800px\" \/><\/p>\n<p>&nbsp;<\/p>\n","protected":false},"excerpt":{"rendered":"<p>Ajustado y fren\u00e9tico fue el sprint que ayer por la tarde defini\u00f3 la victoria del ciclista Mauricio P\u00e1ez (36), del<\/p>\n","protected":false},"author":3,"featured_media":68058,"comment_status":"closed","ping_status":"closed","sticky":false,"template":"","format":"standard","meta":{"_acf_changed":false,"_seopress_robots_primary_cat":"none","_seopress_titles_title":"","_seopress_titles_desc":"","_seopress_robots_index":"","colormag_page_container_layout":"default_layout","colormag_page_sidebar_layout":"default_layout","footnotes":""},"categories":[1],"tags":[],"class_list":["post-68055","post","type-post","status-publish","format-standard","has-post-thumbnail","hentry","category-destacadas"],"acf":[],"_links":{"self":[{"href":"https:\/\/vocesparalelas.com.ar\/sitio\/wp-json\/wp\/v2\/posts\/68055","targetHints":{"allow":["GET"]}}],"collection":[{"href":"https:\/\/vocesparalelas.com.ar\/sitio\/wp-json\/wp\/v2\/posts"}],"about":[{"href":"https:\/\/vocesparalelas.com.ar\/sitio\/wp-json\/wp\/v2\/types\/post"}],"author":[{"embeddable":true,"href":"https:\/\/vocesparalelas.com.ar\/sitio\/wp-json\/wp\/v2\/users\/3"}],"replies":[{"embeddable":true,"href":"https:\/\/vocesparalelas.com.ar\/sitio\/wp-json\/wp\/v2\/comments?post=68055"}],"version-history":[{"count":1,"href":"https:\/\/vocesparalelas.com.ar\/sitio\/wp-json\/wp\/v2\/posts\/68055\/revisions"}],"predecessor-version":[{"id":68060,"href":"https:\/\/vocesparalelas.com.ar\/sitio\/wp-json\/wp\/v2\/posts\/68055\/revisions\/68060"}],"wp:featuredmedia":[{"embeddable":true,"href":"https:\/\/vocesparalelas.com.ar\/sitio\/wp-json\/wp\/v2\/media\/68058"}],"wp:attachment":[{"href":"https:\/\/vocesparalelas.com.ar\/sitio\/wp-json\/wp\/v2\/media?parent=68055"}],"wp:term":[{"taxonomy":"category","embeddable":true,"href":"https:\/\/vocesparalelas.com.ar\/sitio\/wp-json\/wp\/v2\/categories?post=68055"},{"taxonomy":"post_tag","embeddable":true,"href":"https:\/\/vocesparalelas.com.ar\/sitio\/wp-json\/wp\/v2\/tags?post=68055"}],"curies":[{"name":"wp","href":"https:\/\/api.w.org\/{rel}","templated":true}]}}