{"id":68031,"date":"2024-01-11T20:32:09","date_gmt":"2024-01-11T23:32:09","guid":{"rendered":"https:\/\/vocesparalelas.com.ar\/sitio\/?p=68031"},"modified":"2024-01-13T01:23:37","modified_gmt":"2024-01-13T04:23:37","slug":"sistema-online-para-procesar-datos-de-la-colonia-de-verano-san-juan-2024","status":"publish","type":"post","link":"https:\/\/vocesparalelas.com.ar\/sitio\/sistema-online-para-procesar-datos-de-la-colonia-de-verano-san-juan-2024\/","title":{"rendered":"Sistema online para procesar datos de la Colonia de Verano San Juan 2024"},"content":{"rendered":"<p>Esta plataforma interactiva permite a los profesionales consultar de manera \u00e1gil acerca de las \u00e1reas a su cargo. El nuevo sistema de gesti\u00f3n de datos, cuidadosamente dise\u00f1ado, abarca espacios fundamentales como son los de contenci\u00f3n, esparcimiento, nutrici\u00f3n, salud entre otros, garantizando la seguridad de los datos en los 19 departamentos y facilitando la asistencia o intervenci\u00f3n en los casos que sea necesario.<\/p>\n<p>Esta base de datos permitir\u00e1 almacenar informaci\u00f3n de los 90 predios de manera online, en tiempo real, con una carga eficiente y precisa de referencias, que van desde detalles demogr\u00e1ficos hasta asignaciones espec\u00edficas de natatorios, proporcionando una planificaci\u00f3n personalizada y una administraci\u00f3n eficaz de recursos.<\/p>\n<p>En esta l\u00ednea, la plataforma establece una jerarqu\u00eda de datos que responde, por un lado, a la seguridad y privacidad de la informaci\u00f3n y por otro, otorga el acceso selectivo al almacenamiento de datos, seg\u00fan roles espec\u00edficos del personal.<\/p>\n<p><span style=\"color: #ff0000;\"><strong>Control Nutricional Integral<\/strong><\/span><\/p>\n<p>El sistema integra de manera completa los centros recreativos y sus proveedores de alimentos, habilitando una gesti\u00f3n organizada del servicio alimentario, considerando cuidadosamente prioridades y necesidades diet\u00e9ticas individuales.<\/p>\n<p><span style=\"color: #ff0000;\"><strong>Supervisi\u00f3n Psicosocial en Tiempo Real<\/strong><\/span><\/p>\n<p>Facilita la detecci\u00f3n temprana de necesidades y problemas emocionales, posibilitando respuestas personalizadas y atenci\u00f3n inmediata, fortaleciendo el compromiso con el bienestar integral de los participantes.<\/p>\n<p>Cabe destacar que, este a\u00f1o el eje tem\u00e1tico tiene la particularidad de estar enfocado en la prevenci\u00f3n y promoci\u00f3n de la salud mental, priorizando el bienestar de cada destinatario.<\/p>\n<p><span style=\"color: #ff0000;\"><strong>Registro Digital de Asistencia<\/strong><\/span><\/p>\n<p>Introduce un sistema de registro de asistencia, proporcionando a los supervisores una visi\u00f3n inmediata y actualizada de la participaci\u00f3n diaria, mejorando la toma de decisiones operativas.<\/p>\n<p>Esta pol\u00edtica p\u00fablica, alcanza a 25.000 ni\u00f1os, ni\u00f1as, adultos mayores, personas con discapacidad y titulares de prestaciones alimentarias de los servicios nutricionales brindados a trav\u00e9s, del Ministerio de Familia y Desarrollo Humano.<\/p>\n<p>Esta disposici\u00f3n de la Direcci\u00f3n de Pol\u00edticas Alimentarias, permitir\u00e1 que, a lo largo de todo el mes sus participantes puedan divertirse en estos espacios de sociabilizaci\u00f3n que brindan igualdad de oportunidades para los sanjuaninos.<\/p>\n<p>De esta manera, coexiste una zona recreativa y de contenci\u00f3n social durante el descanso escolar. Es una estrategia, en materia de derechos que busca encontrar el impacto emocional por medio de distintas actividades, con el objetivo de que cada participante pueda superarse a s\u00ed mismo, tomar conciencia sobre sus emociones y se fortalezca tanto a nivel personal como grupal.<\/p>\n<p><img loading=\"lazy\" decoding=\"async\" class=\"alignnone size-full wp-image-67937\" src=\"https:\/\/vocesparalelas.com.ar\/sitio\/wp-content\/uploads\/2024\/01\/RIVADAVIA-COLONIA-04.jpg\" alt=\"\" width=\"800\" height=\"533\" srcset=\"https:\/\/vocesparalelas.com.ar\/sitio\/wp-content\/uploads\/2024\/01\/RIVADAVIA-COLONIA-04.jpg 800w, https:\/\/vocesparalelas.com.ar\/sitio\/wp-content\/uploads\/2024\/01\/RIVADAVIA-COLONIA-04-300x200.jpg 300w, https:\/\/vocesparalelas.com.ar\/sitio\/wp-content\/uploads\/2024\/01\/RIVADAVIA-COLONIA-04-768x512.jpg 768w\" sizes=\"auto, (max-width: 800px) 100vw, 800px\" \/><\/p>\n<p>&nbsp;<\/p>\n<p>&nbsp;<\/p>\n","protected":false},"excerpt":{"rendered":"<p>Esta plataforma interactiva permite a los profesionales consultar de manera \u00e1gil acerca de las \u00e1reas a su cargo. El nuevo<\/p>\n","protected":false},"author":3,"featured_media":39831,"comment_status":"closed","ping_status":"closed","sticky":false,"template":"","format":"standard","meta":{"_acf_changed":false,"_seopress_robots_primary_cat":"none","_seopress_titles_title":"","_seopress_titles_desc":"","_seopress_robots_index":"","colormag_page_container_layout":"default_layout","colormag_page_sidebar_layout":"default_layout","footnotes":""},"categories":[6],"tags":[],"class_list":["post-68031","post","type-post","status-publish","format-standard","has-post-thumbnail","hentry","category-eventos"],"acf":[],"_links":{"self":[{"href":"https:\/\/vocesparalelas.com.ar\/sitio\/wp-json\/wp\/v2\/posts\/68031","targetHints":{"allow":["GET"]}}],"collection":[{"href":"https:\/\/vocesparalelas.com.ar\/sitio\/wp-json\/wp\/v2\/posts"}],"about":[{"href":"https:\/\/vocesparalelas.com.ar\/sitio\/wp-json\/wp\/v2\/types\/post"}],"author":[{"embeddable":true,"href":"https:\/\/vocesparalelas.com.ar\/sitio\/wp-json\/wp\/v2\/users\/3"}],"replies":[{"embeddable":true,"href":"https:\/\/vocesparalelas.com.ar\/sitio\/wp-json\/wp\/v2\/comments?post=68031"}],"version-history":[{"count":1,"href":"https:\/\/vocesparalelas.com.ar\/sitio\/wp-json\/wp\/v2\/posts\/68031\/revisions"}],"predecessor-version":[{"id":68034,"href":"https:\/\/vocesparalelas.com.ar\/sitio\/wp-json\/wp\/v2\/posts\/68031\/revisions\/68034"}],"wp:featuredmedia":[{"embeddable":true,"href":"https:\/\/vocesparalelas.com.ar\/sitio\/wp-json\/wp\/v2\/media\/39831"}],"wp:attachment":[{"href":"https:\/\/vocesparalelas.com.ar\/sitio\/wp-json\/wp\/v2\/media?parent=68031"}],"wp:term":[{"taxonomy":"category","embeddable":true,"href":"https:\/\/vocesparalelas.com.ar\/sitio\/wp-json\/wp\/v2\/categories?post=68031"},{"taxonomy":"post_tag","embeddable":true,"href":"https:\/\/vocesparalelas.com.ar\/sitio\/wp-json\/wp\/v2\/tags?post=68031"}],"curies":[{"name":"wp","href":"https:\/\/api.w.org\/{rel}","templated":true}]}}