{"id":67987,"date":"2024-01-10T21:35:30","date_gmt":"2024-01-11T00:35:30","guid":{"rendered":"https:\/\/vocesparalelas.com.ar\/sitio\/?p=67987"},"modified":"2024-01-12T01:00:31","modified_gmt":"2024-01-12T04:00:31","slug":"convocatoria-proyectos-artisticos-temporada-2024-del-tb-de-san-juan","status":"publish","type":"post","link":"https:\/\/vocesparalelas.com.ar\/sitio\/convocatoria-proyectos-artisticos-temporada-2024-del-tb-de-san-juan\/","title":{"rendered":"Convocatoria \u00abProyectos art\u00edsticos Temporada 2024\u00bb del TB de San Juan"},"content":{"rendered":"<p>El Teatro del Bicentenario &#8211; TB &#8211; del Ministerio de Turismo, Cultura y Deporte del Gobierno de San Juan ofrece la Convocatoria \u00abProyectos art\u00edsticos Temporada 2024\u00bb<\/p>\n<p>Por tercer a\u00f1o consecutivo y tras el \u00e9xito de la temporada 2023, con m\u00e1s de 100 proyectos art\u00edsticos inscriptos y 50 funciones en todo el a\u00f1o, el TB apuesta por consolidarse como un escenario abierto a la comunidad art\u00edstica y nutrido por las nuevas corrientes, lenguajes y g\u00e9neros art\u00edsticos y culturales.<\/p>\n<p>La convocatoria est\u00e1 dirigida a quienes practiquen las artes esc\u00e9nicas &#8211; perform\u00e1ticas, pudiendo postularse directores y creadores esc\u00e9nicos, colectivos, grupos y compa\u00f1\u00edas integrados por personas f\u00edsicas, mayores de 18 a\u00f1os, de todo el territorio argentino, y del exterior presentando obras o puestas en escena de reposici\u00f3n o in\u00e9ditas de teatro, danza, m\u00fasica, en formatos innovadores, tradicionales o que contemplen el cruce de disciplinas art\u00edsticas.<\/p>\n<p>A partir del Mi\u00e9rcoles, 10 de Enero hasta el 23 de Febrero de 2024, la comunidad art\u00edstica local, nacional e internacional de las m\u00e1s variadas disciplinas, teatro, m\u00fasica, danza, espect\u00e1culos interdisciplinarios, entre otros, pueden inscribirse presentando un proyecto art\u00edstico, a estrenar o en formato de reposici\u00f3n y cumpliendo con los requisitos, bases y condiciones detalladas en la p\u00e1gina<\/p>\n<p><a href=\"https:\/\/www.teatrodelbicentenariosanjuan.org\/convocatoriaauditorium24\/\">https:\/\/www.teatrodelbicentenariosanjuan.org\/convocatoriaauditorium24\/<\/a><\/p>\n<p><strong><span style=\"color: #339966;\">Informaci\u00f3n<\/span><\/strong><\/p>\n<p>Consulta al e-mail<\/p>\n<p><span id=\"cloak4a1e45c635d0f5587ab72b6179f7198e\"><a href=\"mailto:convocatoriasalaauditoriumtb@gmail.com\">convocatoriasalaauditoriumtb@gmail.com<\/a><\/span><\/p>\n","protected":false},"excerpt":{"rendered":"<p>El Teatro del Bicentenario &#8211; TB &#8211; del Ministerio de Turismo, Cultura y Deporte del Gobierno de San Juan ofrece<\/p>\n","protected":false},"author":3,"featured_media":32104,"comment_status":"closed","ping_status":"closed","sticky":false,"template":"","format":"standard","meta":{"_acf_changed":false,"_seopress_robots_primary_cat":"none","_seopress_titles_title":"","_seopress_titles_desc":"","_seopress_robots_index":"","colormag_page_container_layout":"default_layout","colormag_page_sidebar_layout":"default_layout","footnotes":""},"categories":[8],"tags":[],"class_list":["post-67987","post","type-post","status-publish","format-standard","has-post-thumbnail","hentry","category-concursos"],"acf":[],"_links":{"self":[{"href":"https:\/\/vocesparalelas.com.ar\/sitio\/wp-json\/wp\/v2\/posts\/67987","targetHints":{"allow":["GET"]}}],"collection":[{"href":"https:\/\/vocesparalelas.com.ar\/sitio\/wp-json\/wp\/v2\/posts"}],"about":[{"href":"https:\/\/vocesparalelas.com.ar\/sitio\/wp-json\/wp\/v2\/types\/post"}],"author":[{"embeddable":true,"href":"https:\/\/vocesparalelas.com.ar\/sitio\/wp-json\/wp\/v2\/users\/3"}],"replies":[{"embeddable":true,"href":"https:\/\/vocesparalelas.com.ar\/sitio\/wp-json\/wp\/v2\/comments?post=67987"}],"version-history":[{"count":1,"href":"https:\/\/vocesparalelas.com.ar\/sitio\/wp-json\/wp\/v2\/posts\/67987\/revisions"}],"predecessor-version":[{"id":67990,"href":"https:\/\/vocesparalelas.com.ar\/sitio\/wp-json\/wp\/v2\/posts\/67987\/revisions\/67990"}],"wp:featuredmedia":[{"embeddable":true,"href":"https:\/\/vocesparalelas.com.ar\/sitio\/wp-json\/wp\/v2\/media\/32104"}],"wp:attachment":[{"href":"https:\/\/vocesparalelas.com.ar\/sitio\/wp-json\/wp\/v2\/media?parent=67987"}],"wp:term":[{"taxonomy":"category","embeddable":true,"href":"https:\/\/vocesparalelas.com.ar\/sitio\/wp-json\/wp\/v2\/categories?post=67987"},{"taxonomy":"post_tag","embeddable":true,"href":"https:\/\/vocesparalelas.com.ar\/sitio\/wp-json\/wp\/v2\/tags?post=67987"}],"curies":[{"name":"wp","href":"https:\/\/api.w.org\/{rel}","templated":true}]}}