{"id":67962,"date":"2024-01-10T21:14:25","date_gmt":"2024-01-11T00:14:25","guid":{"rendered":"https:\/\/vocesparalelas.com.ar\/sitio\/?p=67962"},"modified":"2024-01-13T01:24:34","modified_gmt":"2024-01-13T04:24:34","slug":"22-edicion-del-giro-del-sol-2024-en-san-juan-en-homenaje-al-visionario-juan-jose-chica","status":"publish","type":"post","link":"https:\/\/vocesparalelas.com.ar\/sitio\/22-edicion-del-giro-del-sol-2024-en-san-juan-en-homenaje-al-visionario-juan-jose-chica\/","title":{"rendered":"22\u00b0 edici\u00f3n del Giro del Sol 2024 en San Juan en homenaje al visionario Juan Jos\u00e9 Chica"},"content":{"rendered":"<p>El Jueves, 11 de Enero, comienza la 22\u00b0 edici\u00f3n del Giro del Sol 2024, la segunda competencia cicl\u00edstica de ruta m\u00e1s importante de San Juan y en esta oportunidad se desarrolla en homenaje al visionario Juan Jos\u00e9 Chica.<\/p>\n<p>En la sala de prensa Dante Pantuso del estadio Aldo Cantoni se present\u00f3 en conferencia de prensa la carrera m\u00e1s relevantes del calendario argentino de ciclismo la 22\u00b0 edici\u00f3n del Giro del Sol 2024.<\/p>\n<p>La mesa de autoridades estuvo integrada por el vicegobernador en ejercicio del Poder Ejecutivo, Dr. Fabi\u00e1n Mart\u00edn, el secretario de Deporte, Pablo Tabachnik; el subsecretario de Alto Rendimiento, Eduardo Cerimedo; el presidente de Fundaci\u00f3n para el Progreso, club organizador del Giro del Sol, Rodolfo Virhuez y el presidente interino de la Federaci\u00f3n Ciclista Sanjuanina, Juan Ernesto Pacheco.<\/p>\n<p><img loading=\"lazy\" decoding=\"async\" class=\"alignnone size-full wp-image-67966\" src=\"https:\/\/vocesparalelas.com.ar\/sitio\/wp-content\/uploads\/2024\/01\/GIRO-DEL-SOL-02.jpg\" alt=\"\" width=\"800\" height=\"533\" srcset=\"https:\/\/vocesparalelas.com.ar\/sitio\/wp-content\/uploads\/2024\/01\/GIRO-DEL-SOL-02.jpg 800w, https:\/\/vocesparalelas.com.ar\/sitio\/wp-content\/uploads\/2024\/01\/GIRO-DEL-SOL-02-300x200.jpg 300w, https:\/\/vocesparalelas.com.ar\/sitio\/wp-content\/uploads\/2024\/01\/GIRO-DEL-SOL-02-768x512.jpg 768w\" sizes=\"auto, (max-width: 800px) 100vw, 800px\" \/><\/p>\n<p>&nbsp;<\/p>\n<p><span style=\"color: #ff9900;\"><strong>Desarrollo y recorrido<\/strong><\/span><\/p>\n<p>Esta edici\u00f3n cuenta de cuatro etapas, que se celebran una por d\u00eda, desde el Jueves, 11 hasta el 14 de Enero inclusive. Hay tres parciales en l\u00ednea o pelot\u00f3n, el Jueves, el Viernes y el Domingo, en la tarde y uno s\u00f3lo en calidad de contrarreloj individual, el S\u00e1bado a la ma\u00f1ana.<\/p>\n<p>La organizaci\u00f3n de la carrera prev\u00e9 que el recorrido total tiene un aproximado de los 408 kil\u00f3metros. En esta ocasi\u00f3n, son 13 los Departamentos de la provincia de San Juan, por los cuales transita el mal\u00f3n de ciclistas participantes.<\/p>\n<ul>\n<li>Departamentos Santa Luc\u00eda,<\/li>\n<li>Departamentos 9 de Julio,<\/li>\n<li>Departamentos Caucete,<\/li>\n<li>Departamentos Chimbas,<\/li>\n<li>Departamentos Capital,<\/li>\n<li>Departamentos Rivadavia,<\/li>\n<li>Departamentos Rawson,<\/li>\n<li>Departamentos Pocito,<\/li>\n<li>Departamentos Sarmiento,<\/li>\n<li>Departamentos 25 de Mayo,<\/li>\n<li>Departamentos Albard\u00f3n,<\/li>\n<li>Departamentos Ull\u00fam y<\/li>\n<li>Departamentos Zonda.<\/li>\n<\/ul>\n<p>El presidente de Fundaci\u00f3n para el Progreso, club organizador del Giro del Sol, Rodolfo Virhuez describi\u00f3 el recorrido y el esfuerzo que se realiza para que todos los organizadores vienen pregonando el \u00e9xito del la 22\u00b0 edici\u00f3n del Giro del Sol 2024 es cuidar al cilista participantes para que tenga seguridad en la competencia.<\/p>\n<p><iframe loading=\"lazy\" title=\"GIRO DEL SOL 2024 SAN JUAN\" width=\"800\" height=\"450\" src=\"https:\/\/www.youtube.com\/embed\/rs0gEjVF750?feature=oembed\" frameborder=\"0\" allow=\"accelerometer; autoplay; clipboard-write; encrypted-media; gyroscope; picture-in-picture; web-share\" allowfullscreen><\/iframe><\/p>\n<p>Con respecto a la cantidad de ciclistas, desde el club organizador adelantaron esperan a (al menos) 100 ciclistas participantes. Y en relaci\u00f3n a los equipos, hasta entonces hay 12 escuadras confirmadas. Los elencos inscriptos son: Gremios por el Deporte (donde milita Maximiliano Navarrete, \u00faltimo ganador del Giro), Chimbas Te Quiero, Fundaci\u00f3n Salda\u00f1o, Sindicato Empleados de Comercio, Municipalidad de Rawson, Vento \u2013 Diberboll, DM Cycling, Municipalidad de Albard\u00f3n \u2013 Mani Zabala, Fuerza Activa (todos de San Juan), Jujuy Somos Todos (de Jujuy) y Dolores Cycling (de Uruguay). Hoy ser\u00e1 el \u00faltimo d\u00eda de inscripciones y desde la organizaci\u00f3n esperan por dos equipos m\u00e1s: uno de nuestra provincia y otro de Mendoza.<\/p>\n<p>Seguidamente, el presidente interino de la Federaci\u00f3n Ciclista Sanjuanina, Juan Ernesto Pacheco destac\u00f3 la responsabilidad de seguir los pasos de Juan Jos\u00e9 Chica con la ayuda de los integrantes de la familia del ciclismo de San Juan.<\/p>\n<p><iframe loading=\"lazy\" title=\"GIRO DEL SOL 2024\" width=\"800\" height=\"450\" src=\"https:\/\/www.youtube.com\/embed\/aJKidRo8cPU?feature=oembed\" frameborder=\"0\" allow=\"accelerometer; autoplay; clipboard-write; encrypted-media; gyroscope; picture-in-picture; web-share\" allowfullscreen><\/iframe><\/p>\n<p>Finalmente, el el vicegobernador en ejercicio del Poder Ejecutivo, Dr. Fabi\u00e1n Mart\u00edn remarc\u00f3 la seguridad para los participantes de la competencia y rindi\u00f3 un fuerte homenaje al visionario Juan Jos\u00e9 Chica.<\/p>\n<p><iframe loading=\"lazy\" title=\"VICEGOBERNADOR SAN JUAN DR FABI\u00c1N MART\u00cdN\" width=\"800\" height=\"450\" src=\"https:\/\/www.youtube.com\/embed\/U26A2p9Y9M4?feature=oembed\" frameborder=\"0\" allow=\"accelerometer; autoplay; clipboard-write; encrypted-media; gyroscope; picture-in-picture; web-share\" allowfullscreen><\/iframe><\/p>\n<p>&nbsp;<\/p>\n<p><img loading=\"lazy\" decoding=\"async\" class=\"alignnone size-large wp-image-9512\" src=\"https:\/\/vocesparalelas.com.ar\/sitio\/wp-content\/uploads\/2018\/01\/CICLISTAS-800x533.jpg\" alt=\"\" width=\"800\" height=\"533\" srcset=\"https:\/\/vocesparalelas.com.ar\/sitio\/wp-content\/uploads\/2018\/01\/CICLISTAS-800x533.jpg 800w, https:\/\/vocesparalelas.com.ar\/sitio\/wp-content\/uploads\/2018\/01\/CICLISTAS-300x200.jpg 300w, https:\/\/vocesparalelas.com.ar\/sitio\/wp-content\/uploads\/2018\/01\/CICLISTAS-768x512.jpg 768w, https:\/\/vocesparalelas.com.ar\/sitio\/wp-content\/uploads\/2018\/01\/CICLISTAS.jpg 1024w\" sizes=\"auto, (max-width: 800px) 100vw, 800px\" \/><\/p>\n<p><img loading=\"lazy\" decoding=\"async\" class=\"alignnone size-large wp-image-9515\" src=\"https:\/\/vocesparalelas.com.ar\/sitio\/wp-content\/uploads\/2018\/01\/CICLISTAS-10-800x533.jpg\" alt=\"\" width=\"800\" height=\"533\" srcset=\"https:\/\/vocesparalelas.com.ar\/sitio\/wp-content\/uploads\/2018\/01\/CICLISTAS-10-800x533.jpg 800w, https:\/\/vocesparalelas.com.ar\/sitio\/wp-content\/uploads\/2018\/01\/CICLISTAS-10-300x200.jpg 300w, https:\/\/vocesparalelas.com.ar\/sitio\/wp-content\/uploads\/2018\/01\/CICLISTAS-10-768x512.jpg 768w, https:\/\/vocesparalelas.com.ar\/sitio\/wp-content\/uploads\/2018\/01\/CICLISTAS-10.jpg 1024w\" sizes=\"auto, (max-width: 800px) 100vw, 800px\" \/><\/p>\n<p>&nbsp;<\/p>\n<p>&nbsp;<\/p>\n","protected":false},"excerpt":{"rendered":"<p>El Jueves, 11 de Enero, comienza la 22\u00b0 edici\u00f3n del Giro del Sol 2024, la segunda competencia cicl\u00edstica de ruta<\/p>\n","protected":false},"author":3,"featured_media":67965,"comment_status":"closed","ping_status":"closed","sticky":false,"template":"","format":"standard","meta":{"_acf_changed":false,"_seopress_robots_primary_cat":"none","_seopress_titles_title":"","_seopress_titles_desc":"","_seopress_robots_index":"","colormag_page_container_layout":"default_layout","colormag_page_sidebar_layout":"default_layout","footnotes":""},"categories":[6,7],"tags":[],"class_list":["post-67962","post","type-post","status-publish","format-standard","has-post-thumbnail","hentry","category-eventos","category-videos"],"acf":[],"_links":{"self":[{"href":"https:\/\/vocesparalelas.com.ar\/sitio\/wp-json\/wp\/v2\/posts\/67962","targetHints":{"allow":["GET"]}}],"collection":[{"href":"https:\/\/vocesparalelas.com.ar\/sitio\/wp-json\/wp\/v2\/posts"}],"about":[{"href":"https:\/\/vocesparalelas.com.ar\/sitio\/wp-json\/wp\/v2\/types\/post"}],"author":[{"embeddable":true,"href":"https:\/\/vocesparalelas.com.ar\/sitio\/wp-json\/wp\/v2\/users\/3"}],"replies":[{"embeddable":true,"href":"https:\/\/vocesparalelas.com.ar\/sitio\/wp-json\/wp\/v2\/comments?post=67962"}],"version-history":[{"count":3,"href":"https:\/\/vocesparalelas.com.ar\/sitio\/wp-json\/wp\/v2\/posts\/67962\/revisions"}],"predecessor-version":[{"id":67974,"href":"https:\/\/vocesparalelas.com.ar\/sitio\/wp-json\/wp\/v2\/posts\/67962\/revisions\/67974"}],"wp:featuredmedia":[{"embeddable":true,"href":"https:\/\/vocesparalelas.com.ar\/sitio\/wp-json\/wp\/v2\/media\/67965"}],"wp:attachment":[{"href":"https:\/\/vocesparalelas.com.ar\/sitio\/wp-json\/wp\/v2\/media?parent=67962"}],"wp:term":[{"taxonomy":"category","embeddable":true,"href":"https:\/\/vocesparalelas.com.ar\/sitio\/wp-json\/wp\/v2\/categories?post=67962"},{"taxonomy":"post_tag","embeddable":true,"href":"https:\/\/vocesparalelas.com.ar\/sitio\/wp-json\/wp\/v2\/tags?post=67962"}],"curies":[{"name":"wp","href":"https:\/\/api.w.org\/{rel}","templated":true}]}}