{"id":67921,"date":"2024-01-09T22:07:01","date_gmt":"2024-01-10T01:07:01","guid":{"rendered":"https:\/\/vocesparalelas.com.ar\/sitio\/?p=67921"},"modified":"2024-01-13T20:06:11","modified_gmt":"2024-01-13T23:06:11","slug":"llega-ironman-70-3-a-san-juan-el-7-de-abril-de-2024","status":"publish","type":"post","link":"https:\/\/vocesparalelas.com.ar\/sitio\/llega-ironman-70-3-a-san-juan-el-7-de-abril-de-2024\/","title":{"rendered":"Llega \u00abIronman 70.3\u00bb a San Juan el 7 de Abril de 2024"},"content":{"rendered":"<p>Los atletas de distintas latitudes llegan a San Juan el 7 de abril de 2024 para sumarse a Ironman 70.3, en su tercera edici\u00f3n, donde cada participante va a probar sus l\u00edmites en una de las carreras m\u00e1s extremas del mundo.<\/p>\n<p>Participaron de la presentaci\u00f3n oficial de Ironman 70.3; en la Casa de San Juan en Buenos Aires, el ministro de Turismo, Cultura y Deporte de San Juan, Dr. Guido Romero, el ministro de Producci\u00f3n y Desarrollo Econ\u00f3mico, CPN Gustavo Fern\u00e1ndez; el director general de Event Sports, Mariano Pratone; el socio gerente de Event Sports, Rub\u00e9n Sciutto; y el director de la Casa de San Juan en Buenos Aires, Eduardo Licciardi.<\/p>\n<p>De este modo, la provincia de San Juan vuelve a ser el centro de atenci\u00f3n\u00a0 para el mundo del triatl\u00f3n Ironman 70.3<\/p>\n<p><img loading=\"lazy\" decoding=\"async\" class=\"alignnone size-full wp-image-67928\" src=\"https:\/\/vocesparalelas.com.ar\/sitio\/wp-content\/uploads\/2024\/01\/IRONMAN-RUNNING.jpg\" alt=\"\" width=\"800\" height=\"534\" srcset=\"https:\/\/vocesparalelas.com.ar\/sitio\/wp-content\/uploads\/2024\/01\/IRONMAN-RUNNING.jpg 800w, https:\/\/vocesparalelas.com.ar\/sitio\/wp-content\/uploads\/2024\/01\/IRONMAN-RUNNING-300x200.jpg 300w, https:\/\/vocesparalelas.com.ar\/sitio\/wp-content\/uploads\/2024\/01\/IRONMAN-RUNNING-768x513.jpg 768w\" sizes=\"auto, (max-width: 800px) 100vw, 800px\" \/> <img loading=\"lazy\" decoding=\"async\" class=\"alignnone size-full wp-image-67927\" src=\"https:\/\/vocesparalelas.com.ar\/sitio\/wp-content\/uploads\/2024\/01\/IRONMAN-NATACION.jpg\" alt=\"\" width=\"800\" height=\"490\" srcset=\"https:\/\/vocesparalelas.com.ar\/sitio\/wp-content\/uploads\/2024\/01\/IRONMAN-NATACION.jpg 800w, https:\/\/vocesparalelas.com.ar\/sitio\/wp-content\/uploads\/2024\/01\/IRONMAN-NATACION-300x184.jpg 300w, https:\/\/vocesparalelas.com.ar\/sitio\/wp-content\/uploads\/2024\/01\/IRONMAN-NATACION-768x470.jpg 768w\" sizes=\"auto, (max-width: 800px) 100vw, 800px\" \/> <img loading=\"lazy\" decoding=\"async\" class=\"alignnone size-full wp-image-67926\" src=\"https:\/\/vocesparalelas.com.ar\/sitio\/wp-content\/uploads\/2024\/01\/IRONMAN-CICLISMO.jpg\" alt=\"\" width=\"800\" height=\"533\" srcset=\"https:\/\/vocesparalelas.com.ar\/sitio\/wp-content\/uploads\/2024\/01\/IRONMAN-CICLISMO.jpg 800w, https:\/\/vocesparalelas.com.ar\/sitio\/wp-content\/uploads\/2024\/01\/IRONMAN-CICLISMO-300x200.jpg 300w, https:\/\/vocesparalelas.com.ar\/sitio\/wp-content\/uploads\/2024\/01\/IRONMAN-CICLISMO-768x512.jpg 768w\" sizes=\"auto, (max-width: 800px) 100vw, 800px\" \/><\/p>\n<p>&nbsp;<\/p>\n<p>Cabe destacar que la competencia potencia el turismo de eventos en la provincia de San Juan. En cuanto a esta edici\u00f3n, participan unos 1200 atletas de 25 pa\u00edses, que ser\u00e1n vistos por espectadores de todo el mundo, en plena competencia.<\/p>\n<figure id=\"attachment_67925\" aria-describedby=\"caption-attachment-67925\" style=\"width: 800px\" class=\"wp-caption alignnone\"><img loading=\"lazy\" decoding=\"async\" class=\"size-full wp-image-67925\" src=\"https:\/\/vocesparalelas.com.ar\/sitio\/wp-content\/uploads\/2024\/01\/ORREGO-DEPORTE-02.jpg\" alt=\"\" width=\"800\" height=\"533\" srcset=\"https:\/\/vocesparalelas.com.ar\/sitio\/wp-content\/uploads\/2024\/01\/ORREGO-DEPORTE-02.jpg 800w, https:\/\/vocesparalelas.com.ar\/sitio\/wp-content\/uploads\/2024\/01\/ORREGO-DEPORTE-02-300x200.jpg 300w, https:\/\/vocesparalelas.com.ar\/sitio\/wp-content\/uploads\/2024\/01\/ORREGO-DEPORTE-02-768x512.jpg 768w\" sizes=\"auto, (max-width: 800px) 100vw, 800px\" \/><figcaption id=\"caption-attachment-67925\" class=\"wp-caption-text\">Gobernador de San Juan, Dr. Marcelo Orrego<\/figcaption><\/figure>\n<p>En este contexto, el Dr. Marcelo Orrego remarc\u00f3 que \u201ceste es un a\u00f1o muy especial, un a\u00f1o donde hay cambios de gobiernos, son momentos dif\u00edciles, pero creo que no se deben perder las pol\u00edticas de Estado con el deporte que nos da disciplina, que nos ayuda a trabajar en equipo. Que San Juan sea sede por tercera vez de una carrera tan importante en el mundo, nos llena de orgullo\u201d.<\/p>\n<p>\u201cSe habla de los lindos paisajes que tiene San Juan, pero hay una cosa que todos destacan y es la calidad humana de los sanjuaninos. Por eso esperamos que sean muchos los que nos vengan a visitar. Vamos a esperar a los atletas de Argentina y otros pa\u00edses, con los brazos abiertos\u201d.<\/p>\n<p>Es importante destacar que estos eventos internacionales es producto del trabajo conjunto que se realiza entre la esfera p\u00fablica y la privada para que estos eventos puedan ser una realidad en la provincia de San Juan.<\/p>\n<p><img loading=\"lazy\" decoding=\"async\" class=\"alignnone size-full wp-image-67929\" src=\"https:\/\/vocesparalelas.com.ar\/sitio\/wp-content\/uploads\/2024\/01\/IRONMAN-LOGO.png\" alt=\"\" width=\"800\" height=\"455\" srcset=\"https:\/\/vocesparalelas.com.ar\/sitio\/wp-content\/uploads\/2024\/01\/IRONMAN-LOGO.png 800w, https:\/\/vocesparalelas.com.ar\/sitio\/wp-content\/uploads\/2024\/01\/IRONMAN-LOGO-300x171.png 300w, https:\/\/vocesparalelas.com.ar\/sitio\/wp-content\/uploads\/2024\/01\/IRONMAN-LOGO-768x437.png 768w\" sizes=\"auto, (max-width: 800px) 100vw, 800px\" \/><\/p>\n<p>&nbsp;<\/p>\n<p><img loading=\"lazy\" decoding=\"async\" class=\"alignnone size-full wp-image-59964\" src=\"https:\/\/vocesparalelas.com.ar\/sitio\/wp-content\/uploads\/2023\/06\/BANDERA-SAN-JUAN.jpg\" alt=\"\" width=\"800\" height=\"600\" srcset=\"https:\/\/vocesparalelas.com.ar\/sitio\/wp-content\/uploads\/2023\/06\/BANDERA-SAN-JUAN.jpg 800w, https:\/\/vocesparalelas.com.ar\/sitio\/wp-content\/uploads\/2023\/06\/BANDERA-SAN-JUAN-300x225.jpg 300w, https:\/\/vocesparalelas.com.ar\/sitio\/wp-content\/uploads\/2023\/06\/BANDERA-SAN-JUAN-768x576.jpg 768w\" sizes=\"auto, (max-width: 800px) 100vw, 800px\" \/><\/p>\n<p>&nbsp;<\/p>\n","protected":false},"excerpt":{"rendered":"<p>Los atletas de distintas latitudes llegan a San Juan el 7 de abril de 2024 para sumarse a Ironman 70.3,<\/p>\n","protected":false},"author":3,"featured_media":67924,"comment_status":"closed","ping_status":"closed","sticky":false,"template":"","format":"standard","meta":{"_acf_changed":false,"_seopress_robots_primary_cat":"none","_seopress_titles_title":"","_seopress_titles_desc":"","_seopress_robots_index":"","colormag_page_container_layout":"default_layout","colormag_page_sidebar_layout":"default_layout","footnotes":""},"categories":[2],"tags":[],"class_list":["post-67921","post","type-post","status-publish","format-standard","has-post-thumbnail","hentry","category-convocatorias"],"acf":[],"_links":{"self":[{"href":"https:\/\/vocesparalelas.com.ar\/sitio\/wp-json\/wp\/v2\/posts\/67921","targetHints":{"allow":["GET"]}}],"collection":[{"href":"https:\/\/vocesparalelas.com.ar\/sitio\/wp-json\/wp\/v2\/posts"}],"about":[{"href":"https:\/\/vocesparalelas.com.ar\/sitio\/wp-json\/wp\/v2\/types\/post"}],"author":[{"embeddable":true,"href":"https:\/\/vocesparalelas.com.ar\/sitio\/wp-json\/wp\/v2\/users\/3"}],"replies":[{"embeddable":true,"href":"https:\/\/vocesparalelas.com.ar\/sitio\/wp-json\/wp\/v2\/comments?post=67921"}],"version-history":[{"count":2,"href":"https:\/\/vocesparalelas.com.ar\/sitio\/wp-json\/wp\/v2\/posts\/67921\/revisions"}],"predecessor-version":[{"id":68093,"href":"https:\/\/vocesparalelas.com.ar\/sitio\/wp-json\/wp\/v2\/posts\/67921\/revisions\/68093"}],"wp:featuredmedia":[{"embeddable":true,"href":"https:\/\/vocesparalelas.com.ar\/sitio\/wp-json\/wp\/v2\/media\/67924"}],"wp:attachment":[{"href":"https:\/\/vocesparalelas.com.ar\/sitio\/wp-json\/wp\/v2\/media?parent=67921"}],"wp:term":[{"taxonomy":"category","embeddable":true,"href":"https:\/\/vocesparalelas.com.ar\/sitio\/wp-json\/wp\/v2\/categories?post=67921"},{"taxonomy":"post_tag","embeddable":true,"href":"https:\/\/vocesparalelas.com.ar\/sitio\/wp-json\/wp\/v2\/tags?post=67921"}],"curies":[{"name":"wp","href":"https:\/\/api.w.org\/{rel}","templated":true}]}}