{"id":67873,"date":"2024-01-08T22:59:30","date_gmt":"2024-01-09T01:59:30","guid":{"rendered":"https:\/\/vocesparalelas.com.ar\/sitio\/?p=67873"},"modified":"2024-01-08T22:59:30","modified_gmt":"2024-01-09T01:59:30","slug":"operativos-de-rescate-de-flora-y-fauna-de-san-juan","status":"publish","type":"post","link":"https:\/\/vocesparalelas.com.ar\/sitio\/operativos-de-rescate-de-flora-y-fauna-de-san-juan\/","title":{"rendered":"Operativos de rescate de flora y fauna de San Juan"},"content":{"rendered":"<p>La Secretar\u00eda de Estado de Ambiente y Desarrollo Sustentable del Gobierno de San Juan trabaja continuamente en la ejecuci\u00f3n de operativos de control y fiscalizaci\u00f3n de flora y fauna, como una de las pol\u00edticas ambientales pilares de la gesti\u00f3n.<\/p>\n<p>Los operativos se concretan diariamente, adem\u00e1s de realizarse en \u00e1reas protegidas a trav\u00e9s de guardias permanentes, distintos equipos de la Direcci\u00f3n de Conservaci\u00f3n recorren toda la provincia.<\/p>\n<p>En estos recorridos por huellas y rutas, los agentes labraron dos actas de infracci\u00f3n en el departamento Pocito, donde adem\u00e1s, rescataron cinco aves conocidas como corbatita y chamuchina.<\/p>\n<p>En el \u00e1rea protegida La Ci\u00e9naga, en el departamento J\u00e1chal fue liberado un gavil\u00e1n mixto despu\u00e9s de cumplir con un proceso de rehabilitaci\u00f3n. El ave presentaba serios problemas de movilidad en su pata izquierda, por lo que el gavil\u00e1n deb\u00eda ser alimentado.<\/p>\n<p>Finalmente, en un control de huella realizado en el departamento 25 de Mayo, el cuerpo de inspectores de Flora y Fauna intercept\u00f3 un veh\u00edculo en cuyo interior encontraron tres quirquinchos vivos, aunque en cr\u00edticas condiciones ya que presentaban mordeduras de perro. En el veh\u00edculo tambi\u00e9n fueron encontrados seis canes, que ser\u00edan los utilizados para la caza de los quirquinchos.<\/p>\n<p><img loading=\"lazy\" decoding=\"async\" class=\"alignnone size-full wp-image-67877\" src=\"https:\/\/vocesparalelas.com.ar\/sitio\/wp-content\/uploads\/2024\/01\/AMBIENTE-MULITA.jpg\" alt=\"\" width=\"800\" height=\"450\" srcset=\"https:\/\/vocesparalelas.com.ar\/sitio\/wp-content\/uploads\/2024\/01\/AMBIENTE-MULITA.jpg 800w, https:\/\/vocesparalelas.com.ar\/sitio\/wp-content\/uploads\/2024\/01\/AMBIENTE-MULITA-300x169.jpg 300w, https:\/\/vocesparalelas.com.ar\/sitio\/wp-content\/uploads\/2024\/01\/AMBIENTE-MULITA-768x432.jpg 768w\" sizes=\"auto, (max-width: 800px) 100vw, 800px\" \/><\/p>\n<p>Inmediatamente fue labrada el acta de infracci\u00f3n correspondiente, y los animales heridos trasladados hasta la veterinaria para recibir la atenci\u00f3n necesaria.<\/p>\n<p><img loading=\"lazy\" decoding=\"async\" class=\"alignnone size-large wp-image-18375\" src=\"https:\/\/vocesparalelas.com.ar\/sitio\/wp-content\/uploads\/2019\/01\/AMBIENTE-CARTEL-800x496.jpg\" alt=\"\" width=\"800\" height=\"496\" srcset=\"https:\/\/vocesparalelas.com.ar\/sitio\/wp-content\/uploads\/2019\/01\/AMBIENTE-CARTEL-800x496.jpg 800w, https:\/\/vocesparalelas.com.ar\/sitio\/wp-content\/uploads\/2019\/01\/AMBIENTE-CARTEL-300x186.jpg 300w, https:\/\/vocesparalelas.com.ar\/sitio\/wp-content\/uploads\/2019\/01\/AMBIENTE-CARTEL-768x476.jpg 768w, https:\/\/vocesparalelas.com.ar\/sitio\/wp-content\/uploads\/2019\/01\/AMBIENTE-CARTEL.jpg 1000w\" sizes=\"auto, (max-width: 800px) 100vw, 800px\" \/><\/p>\n","protected":false},"excerpt":{"rendered":"<p>La Secretar\u00eda de Estado de Ambiente y Desarrollo Sustentable del Gobierno de San Juan trabaja continuamente en la ejecuci\u00f3n de<\/p>\n","protected":false},"author":3,"featured_media":67876,"comment_status":"closed","ping_status":"closed","sticky":false,"template":"","format":"standard","meta":{"_acf_changed":false,"_seopress_robots_primary_cat":"none","_seopress_titles_title":"","_seopress_titles_desc":"","_seopress_robots_index":"","colormag_page_container_layout":"default_layout","colormag_page_sidebar_layout":"default_layout","footnotes":""},"categories":[1],"tags":[],"class_list":["post-67873","post","type-post","status-publish","format-standard","has-post-thumbnail","hentry","category-destacadas"],"acf":[],"_links":{"self":[{"href":"https:\/\/vocesparalelas.com.ar\/sitio\/wp-json\/wp\/v2\/posts\/67873","targetHints":{"allow":["GET"]}}],"collection":[{"href":"https:\/\/vocesparalelas.com.ar\/sitio\/wp-json\/wp\/v2\/posts"}],"about":[{"href":"https:\/\/vocesparalelas.com.ar\/sitio\/wp-json\/wp\/v2\/types\/post"}],"author":[{"embeddable":true,"href":"https:\/\/vocesparalelas.com.ar\/sitio\/wp-json\/wp\/v2\/users\/3"}],"replies":[{"embeddable":true,"href":"https:\/\/vocesparalelas.com.ar\/sitio\/wp-json\/wp\/v2\/comments?post=67873"}],"version-history":[{"count":1,"href":"https:\/\/vocesparalelas.com.ar\/sitio\/wp-json\/wp\/v2\/posts\/67873\/revisions"}],"predecessor-version":[{"id":67878,"href":"https:\/\/vocesparalelas.com.ar\/sitio\/wp-json\/wp\/v2\/posts\/67873\/revisions\/67878"}],"wp:featuredmedia":[{"embeddable":true,"href":"https:\/\/vocesparalelas.com.ar\/sitio\/wp-json\/wp\/v2\/media\/67876"}],"wp:attachment":[{"href":"https:\/\/vocesparalelas.com.ar\/sitio\/wp-json\/wp\/v2\/media?parent=67873"}],"wp:term":[{"taxonomy":"category","embeddable":true,"href":"https:\/\/vocesparalelas.com.ar\/sitio\/wp-json\/wp\/v2\/categories?post=67873"},{"taxonomy":"post_tag","embeddable":true,"href":"https:\/\/vocesparalelas.com.ar\/sitio\/wp-json\/wp\/v2\/tags?post=67873"}],"curies":[{"name":"wp","href":"https:\/\/api.w.org\/{rel}","templated":true}]}}