{"id":67798,"date":"2024-01-05T21:13:49","date_gmt":"2024-01-06T00:13:49","guid":{"rendered":"https:\/\/vocesparalelas.com.ar\/sitio\/?p=67798"},"modified":"2024-01-09T09:05:22","modified_gmt":"2024-01-09T12:05:22","slug":"sumate-a-los-precios-diferenciados-de-san-juan","status":"publish","type":"post","link":"https:\/\/vocesparalelas.com.ar\/sitio\/sumate-a-los-precios-diferenciados-de-san-juan\/","title":{"rendered":"Sumate a los \u00abPrecios Diferenciados\u00bb de San Juan"},"content":{"rendered":"<p>El Ministerio de Producci\u00f3n, Trabajo e Innovaci\u00f3n del Gobierno de San Juan junto a la C\u00e1mara Sanjuanina de Supermercados y Almacenes &#8211; CASSA &#8211; a los \u00abPrecios Diferenciados\u00bb<\/p>\n<p>El acuerdo de precios establece un 20% de descuento en 20 productos de la canasta familiar durante 60 d\u00edas.<\/p>\n<p>El listado de productos seleccionados est\u00e1 compuesto por az\u00facar, leche, huevos, yerba, fideos, harina, aceite, galletas saladas y dulces, pan, legumbres, pur\u00e9 de tomate y dulce de leche.<\/p>\n<p>Tambi\u00e9n, est\u00e1n comprendidas algunas bebidas e infusiones como t\u00e9, mate cocido y gaseosas.<\/p>\n<p>Adem\u00e1s, se incluyen productos de cuidado personal e higiene como jab\u00f3n de tocador, papel higi\u00e9nico, lavandina, detergente y rollos de cocina.<\/p>\n<p><img loading=\"lazy\" decoding=\"async\" class=\"alignnone size-full wp-image-67801\" src=\"https:\/\/vocesparalelas.com.ar\/sitio\/wp-content\/uploads\/2024\/01\/PRODUCCION-PRECIOS-01.jpg\" alt=\"\" width=\"800\" height=\"533\" srcset=\"https:\/\/vocesparalelas.com.ar\/sitio\/wp-content\/uploads\/2024\/01\/PRODUCCION-PRECIOS-01.jpg 800w, https:\/\/vocesparalelas.com.ar\/sitio\/wp-content\/uploads\/2024\/01\/PRODUCCION-PRECIOS-01-300x200.jpg 300w, https:\/\/vocesparalelas.com.ar\/sitio\/wp-content\/uploads\/2024\/01\/PRODUCCION-PRECIOS-01-768x512.jpg 768w\" sizes=\"auto, (max-width: 800px) 100vw, 800px\" \/><\/p>\n<p>Asistieron el Ministro de Producci\u00f3n, Trabajo e Innovaci\u00f3n del Gobierno de San Juan, CPN Gustavo Fern\u00e1ndez,\u00a0el secretario de Industria y Comercio, Alejandro Mart\u00edn, la directora del \u00e1rea Roc\u00edo C\u00e1rdenas, la presidente de CASSA, Andrea L\u00f3pez y otros referentes del sector.<\/p>\n<p>Por ello, el Ministro de Producci\u00f3n, Trabajo e Innovaci\u00f3n del Gobierno de San Juan, CPN Gustavo Fern\u00e1ndez, invit\u00f3 a la poblaci\u00f3n a buscar los \u00abPrecios Diferenciados\u00bb en almacenes para que obtengan un 20%\u00a0 en productos de la canasta familiar.<\/p>\n<p><iframe loading=\"lazy\" title=\"MINISTRO PRODUCCI\u00d3N CPN GUSTAVO FERN\u00c1NDEZ\" width=\"800\" height=\"450\" src=\"https:\/\/www.youtube.com\/embed\/b3u2oCZ0Jos?feature=oembed\" frameborder=\"0\" allow=\"accelerometer; autoplay; clipboard-write; encrypted-media; gyroscope; picture-in-picture; web-share\" allowfullscreen><\/iframe><\/p>\n<p>&nbsp;<\/p>\n<p>Por su parte, la Presidenta de la C\u00e1mara Sanjuanina de Supermercados y Almacenes &#8211; CASSA &#8211;\u00a0 Andrea L\u00f3pez agradece a todos los supermercados y almacenes que ya se sumaron a la iniciativa y aclara que \u00abla convocatoria sigue abierta para los comercios que quieran adheriste al acuerdo de precios\u00bb.<\/p>\n<p><iframe loading=\"lazy\" title=\"PRESIDENTA DE CASSA ANDREA L\u00d3PEZ\" width=\"800\" height=\"450\" src=\"https:\/\/www.youtube.com\/embed\/VamIiFde5Jk?feature=oembed\" frameborder=\"0\" allow=\"accelerometer; autoplay; clipboard-write; encrypted-media; gyroscope; picture-in-picture; web-share\" allowfullscreen><\/iframe><\/p>\n<p>Despu\u00e9s, el el Ministro de Producci\u00f3n, Trabajo e Innovaci\u00f3n del Gobierno de San Juan, CPN Gustavo Fern\u00e1ndez, recalca la posibilidad de venta para atraer al p\u00fablico consumidos y la Presidenta de la C\u00e1mara Sanjuanina de Supermercados y Almacenes &#8211; CASSA &#8211;\u00a0 Andrea L\u00f3pez invita a los comercios a sumarse a la propuesta.<\/p>\n<p><iframe loading=\"lazy\" title=\"MINISTRO PRODUCCI\u00d3N CPN GUSTAVO FERN\u00c1NDEZ\" width=\"800\" height=\"450\" src=\"https:\/\/www.youtube.com\/embed\/565-UXFuJZE?feature=oembed\" frameborder=\"0\" allow=\"accelerometer; autoplay; clipboard-write; encrypted-media; gyroscope; picture-in-picture; web-share\" allowfullscreen><\/iframe><\/p>\n<p>&nbsp;<\/p>\n<p><span style=\"color: #339966;\"><strong>\u00bfQu\u00e9 comercios adhieren al programa \u00abPrecios Diferenciados\u00bb?<\/strong><\/span><\/p>\n<p>Con una gran aceptaci\u00f3n, m\u00e1s de 20 supermercados y almacenes en 13 departamentos de San Juan ofrecer\u00e1n de forma voluntaria este beneficio durante todo el mes de enero y febrero. Por su parte, las grandes cadenas no se sumar\u00e1n al programa \u00abPrecios Diferenciados\u00bb, ya que contin\u00faan con su pol\u00edtica de ofertas especiales.<\/p>\n<ul>\n<li>Departamento Capital: S\u00faper Napolis, en sus dos locales; el autoservicio Av\u00edcola Myriam, Ejarque Supermercados, Salvador Gonz\u00e1lez, Supermercado el Once, L\u00edber Supermercado, Merco S\u00faper y S\u00faper Market.<\/li>\n<li>Departamento Chimbas: S\u00faper Obrero y Autoservicio La Medalla.<\/li>\n<li>Departamento Rivadavia: sucursal del S\u00faper Obrero<\/li>\n<li>Departamento Albard\u00f3n: Supermercado Olivera.<\/li>\n<li>Departamento J\u00e1chal: Supermercado Bonetti<\/li>\n<li>Departamento Santa Luc\u00eda: Autoservicio Fern\u00e1ndez<\/li>\n<li>Departamento Angaco: Mi S\u00faper<\/li>\n<li>Departamento 25 de Mayo: Supermercado Integral y Zega Autoservicio<\/li>\n<li>Departamento Caucete: Supermercado Integral<\/li>\n<li>Departamento Rawson: Lote Supermercado y S\u00faper Paulita Autoservicio<\/li>\n<li>Departamento Calingasta: Anilu Supermercado<\/li>\n<li>Departamento Ullum: Micaela Supermercado<\/li>\n<li>Departamento 9 de Julio: Zega Autoservicio<\/li>\n<\/ul>\n<p><img loading=\"lazy\" decoding=\"async\" class=\"alignnone size-full wp-image-67807 aligncenter\" src=\"https:\/\/vocesparalelas.com.ar\/sitio\/wp-content\/uploads\/2024\/01\/CASSA-LOGO.jpg\" alt=\"\" width=\"800\" height=\"800\" srcset=\"https:\/\/vocesparalelas.com.ar\/sitio\/wp-content\/uploads\/2024\/01\/CASSA-LOGO.jpg 800w, https:\/\/vocesparalelas.com.ar\/sitio\/wp-content\/uploads\/2024\/01\/CASSA-LOGO-300x300.jpg 300w, https:\/\/vocesparalelas.com.ar\/sitio\/wp-content\/uploads\/2024\/01\/CASSA-LOGO-150x150.jpg 150w, https:\/\/vocesparalelas.com.ar\/sitio\/wp-content\/uploads\/2024\/01\/CASSA-LOGO-768x768.jpg 768w\" sizes=\"auto, (max-width: 800px) 100vw, 800px\" \/><\/p>\n<p><img loading=\"lazy\" decoding=\"async\" class=\"alignnone size-full wp-image-67803\" src=\"https:\/\/vocesparalelas.com.ar\/sitio\/wp-content\/uploads\/2024\/01\/PRODUCCION-PRECIOS-03.jpg\" alt=\"\" width=\"800\" height=\"533\" srcset=\"https:\/\/vocesparalelas.com.ar\/sitio\/wp-content\/uploads\/2024\/01\/PRODUCCION-PRECIOS-03.jpg 800w, https:\/\/vocesparalelas.com.ar\/sitio\/wp-content\/uploads\/2024\/01\/PRODUCCION-PRECIOS-03-300x200.jpg 300w, https:\/\/vocesparalelas.com.ar\/sitio\/wp-content\/uploads\/2024\/01\/PRODUCCION-PRECIOS-03-768x512.jpg 768w\" sizes=\"auto, (max-width: 800px) 100vw, 800px\" \/><\/p>\n","protected":false},"excerpt":{"rendered":"<p>El Ministerio de Producci\u00f3n, Trabajo e Innovaci\u00f3n del Gobierno de San Juan junto a la C\u00e1mara Sanjuanina de Supermercados y<\/p>\n","protected":false},"author":3,"featured_media":67802,"comment_status":"closed","ping_status":"closed","sticky":false,"template":"","format":"standard","meta":{"_acf_changed":false,"_seopress_robots_primary_cat":"none","_seopress_titles_title":"","_seopress_titles_desc":"","_seopress_robots_index":"","colormag_page_container_layout":"default_layout","colormag_page_sidebar_layout":"default_layout","footnotes":""},"categories":[5,7],"tags":[],"class_list":["post-67798","post","type-post","status-publish","format-standard","has-post-thumbnail","hentry","category-ofrecimientos","category-videos"],"acf":[],"_links":{"self":[{"href":"https:\/\/vocesparalelas.com.ar\/sitio\/wp-json\/wp\/v2\/posts\/67798","targetHints":{"allow":["GET"]}}],"collection":[{"href":"https:\/\/vocesparalelas.com.ar\/sitio\/wp-json\/wp\/v2\/posts"}],"about":[{"href":"https:\/\/vocesparalelas.com.ar\/sitio\/wp-json\/wp\/v2\/types\/post"}],"author":[{"embeddable":true,"href":"https:\/\/vocesparalelas.com.ar\/sitio\/wp-json\/wp\/v2\/users\/3"}],"replies":[{"embeddable":true,"href":"https:\/\/vocesparalelas.com.ar\/sitio\/wp-json\/wp\/v2\/comments?post=67798"}],"version-history":[{"count":3,"href":"https:\/\/vocesparalelas.com.ar\/sitio\/wp-json\/wp\/v2\/posts\/67798\/revisions"}],"predecessor-version":[{"id":67808,"href":"https:\/\/vocesparalelas.com.ar\/sitio\/wp-json\/wp\/v2\/posts\/67798\/revisions\/67808"}],"wp:featuredmedia":[{"embeddable":true,"href":"https:\/\/vocesparalelas.com.ar\/sitio\/wp-json\/wp\/v2\/media\/67802"}],"wp:attachment":[{"href":"https:\/\/vocesparalelas.com.ar\/sitio\/wp-json\/wp\/v2\/media?parent=67798"}],"wp:term":[{"taxonomy":"category","embeddable":true,"href":"https:\/\/vocesparalelas.com.ar\/sitio\/wp-json\/wp\/v2\/categories?post=67798"},{"taxonomy":"post_tag","embeddable":true,"href":"https:\/\/vocesparalelas.com.ar\/sitio\/wp-json\/wp\/v2\/tags?post=67798"}],"curies":[{"name":"wp","href":"https:\/\/api.w.org\/{rel}","templated":true}]}}