{"id":67751,"date":"2024-01-04T19:04:37","date_gmt":"2024-01-04T22:04:37","guid":{"rendered":"https:\/\/vocesparalelas.com.ar\/sitio\/?p=67751"},"modified":"2024-01-06T00:06:55","modified_gmt":"2024-01-06T03:06:55","slug":"se-traslado-a-octubre-la-fiesta-nacional-del-sol-2024-de-san-juan","status":"publish","type":"post","link":"https:\/\/vocesparalelas.com.ar\/sitio\/se-traslado-a-octubre-la-fiesta-nacional-del-sol-2024-de-san-juan\/","title":{"rendered":"Se traslad\u00f3 a Octubre la Fiesta Nacional del Sol 2024 de San Juan"},"content":{"rendered":"<p>El ministro de Turismo, Cultura y Deporte del Gobierno de San Juan, Dr. Guido Romero convoc\u00f3 la conferencia de Prensa para tratar el desarrollo de la Fiesta Nacional del Sol 2024, que se desarroll\u00f3 en Febrero y como una excepci\u00f3n en el 2024 pasa a desarrollarse en Octubre.<\/p>\n<p>Es importante destacar que, la gesti\u00f3n actual del Gobierno de San Juan, asumi\u00f3 el 10 de Diciembre de 2023 y la Fiesta Nacional del Sol 2024 se desarrolla en Febrero. Considerando que es un tiempo muy acotado, el Gobierno de San Juan cambiar la fecha para Octubre de 2024.<\/p>\n<p>Esto significa tener mas tiempo para ofrecer una Fiesta Nacional del Sol 2024 con calidad y con artistas de San Juan. A trav\u00e9s de los avances de las decisiones se ir\u00e1 anunciando nuevas novedades.<\/p>\n<p><iframe loading=\"lazy\" title=\"FNS SAN JUAN MINISTRO TURISMO DR GUIDO ROMERO\" width=\"800\" height=\"450\" src=\"https:\/\/www.youtube.com\/embed\/zlOmWW56318?feature=oembed\" frameborder=\"0\" allow=\"accelerometer; autoplay; clipboard-write; encrypted-media; gyroscope; picture-in-picture; web-share\" allowfullscreen><\/iframe><\/p>\n<p>&nbsp;<\/p>\n<p>Luego, el Ministro Dr. Guido Romero, respondi\u00f3 preguntas de los Periodistas San Juan pero qued\u00f3 claro que se le da prioridad a los artistas de San Juan en todas sus expresiones.<\/p>\n<p><iframe loading=\"lazy\" title=\"FNS SAN JUAN MINISTRO TURISMO DR GUIDO ROMERO\" width=\"800\" height=\"450\" src=\"https:\/\/www.youtube.com\/embed\/Iu2ANKCEj8A?feature=oembed\" frameborder=\"0\" allow=\"accelerometer; autoplay; clipboard-write; encrypted-media; gyroscope; picture-in-picture; web-share\" allowfullscreen><\/iframe><\/p>\n<p>&nbsp;<\/p>\n<p><img loading=\"lazy\" decoding=\"async\" class=\"alignnone size-full wp-image-55776\" src=\"https:\/\/vocesparalelas.com.ar\/sitio\/wp-content\/uploads\/2023\/01\/FNS-2023-03.jpg\" alt=\"\" width=\"800\" height=\"525\" srcset=\"https:\/\/vocesparalelas.com.ar\/sitio\/wp-content\/uploads\/2023\/01\/FNS-2023-03.jpg 800w, https:\/\/vocesparalelas.com.ar\/sitio\/wp-content\/uploads\/2023\/01\/FNS-2023-03-300x197.jpg 300w, https:\/\/vocesparalelas.com.ar\/sitio\/wp-content\/uploads\/2023\/01\/FNS-2023-03-768x504.jpg 768w\" sizes=\"auto, (max-width: 800px) 100vw, 800px\" \/><\/p>\n","protected":false},"excerpt":{"rendered":"<p>El ministro de Turismo, Cultura y Deporte del Gobierno de San Juan, Dr. Guido Romero convoc\u00f3 la conferencia de Prensa<\/p>\n","protected":false},"author":3,"featured_media":67754,"comment_status":"closed","ping_status":"closed","sticky":false,"template":"","format":"standard","meta":{"_acf_changed":false,"_seopress_robots_primary_cat":"none","_seopress_titles_title":"","_seopress_titles_desc":"","_seopress_robots_index":"","colormag_page_container_layout":"default_layout","colormag_page_sidebar_layout":"default_layout","footnotes":""},"categories":[8,7],"tags":[],"class_list":["post-67751","post","type-post","status-publish","format-standard","has-post-thumbnail","hentry","category-concursos","category-videos"],"acf":[],"_links":{"self":[{"href":"https:\/\/vocesparalelas.com.ar\/sitio\/wp-json\/wp\/v2\/posts\/67751","targetHints":{"allow":["GET"]}}],"collection":[{"href":"https:\/\/vocesparalelas.com.ar\/sitio\/wp-json\/wp\/v2\/posts"}],"about":[{"href":"https:\/\/vocesparalelas.com.ar\/sitio\/wp-json\/wp\/v2\/types\/post"}],"author":[{"embeddable":true,"href":"https:\/\/vocesparalelas.com.ar\/sitio\/wp-json\/wp\/v2\/users\/3"}],"replies":[{"embeddable":true,"href":"https:\/\/vocesparalelas.com.ar\/sitio\/wp-json\/wp\/v2\/comments?post=67751"}],"version-history":[{"count":1,"href":"https:\/\/vocesparalelas.com.ar\/sitio\/wp-json\/wp\/v2\/posts\/67751\/revisions"}],"predecessor-version":[{"id":67755,"href":"https:\/\/vocesparalelas.com.ar\/sitio\/wp-json\/wp\/v2\/posts\/67751\/revisions\/67755"}],"wp:featuredmedia":[{"embeddable":true,"href":"https:\/\/vocesparalelas.com.ar\/sitio\/wp-json\/wp\/v2\/media\/67754"}],"wp:attachment":[{"href":"https:\/\/vocesparalelas.com.ar\/sitio\/wp-json\/wp\/v2\/media?parent=67751"}],"wp:term":[{"taxonomy":"category","embeddable":true,"href":"https:\/\/vocesparalelas.com.ar\/sitio\/wp-json\/wp\/v2\/categories?post=67751"},{"taxonomy":"post_tag","embeddable":true,"href":"https:\/\/vocesparalelas.com.ar\/sitio\/wp-json\/wp\/v2\/tags?post=67751"}],"curies":[{"name":"wp","href":"https:\/\/api.w.org\/{rel}","templated":true}]}}