{"id":67736,"date":"2024-01-03T22:50:27","date_gmt":"2024-01-04T01:50:27","guid":{"rendered":"https:\/\/vocesparalelas.com.ar\/sitio\/?p=67736"},"modified":"2024-01-04T23:38:22","modified_gmt":"2024-01-05T02:38:22","slug":"canal-de-comunicacion-para-emprendedores-y-artesanos-de-san-juan","status":"publish","type":"post","link":"https:\/\/vocesparalelas.com.ar\/sitio\/canal-de-comunicacion-para-emprendedores-y-artesanos-de-san-juan\/","title":{"rendered":"Canal de comunicaci\u00f3n para emprendedores y artesanos de San Juan"},"content":{"rendered":"<p>El Ministerio de Familia y desarrollo Humano del Gobierno de San Juan, a trav\u00e9s del \u00e1rea Econom\u00eda Social busca instalar canales de comunicaci\u00f3n que ayuden a fortalecer al emprendedurismo.<\/p>\n<p>Con este nuevo canal de comunicaci\u00f3n se pretende detectar, entrenar y acompa\u00f1ar a emprendedores y artesanos de San Juan para potenciar sus capacidades.<\/p>\n<p>El estado brinda herramientas que ofrecen estrategias empresariales para atender las necesidades de los emprendedores en desarrollo.<\/p>\n<p>Es primordial fomentar el emprendimiento como un motor de desarrollo econ\u00f3mico y social, el eje central es impulsar e incentivar la innovaci\u00f3n, permitiendo a los artesanos llegar a nuevos mercados y desarrollar nuevos modelos de negocio.<\/p>\n<p>En este sentido, el \u00e1rea busca que puedan fortalecer la capacidad para que tomen decisiones estrat\u00e9gicas, lideren la actividad productiva e intensifiquen el tejido productivo de la provincia.<\/p>\n<p>Pueden asesorase de forma telef\u00f3nica o de manera virtual, a trav\u00e9s de los siguientes medios:<\/p>\n<ul>\n<li>WhatsApp: 264 505-3411<\/li>\n<li>Redes sociales: <a href=\"https:\/\/www.facebook.com\/EconomiaSocialSJ\/\">Direcci\u00f3n de Econom\u00eda Social<\/a><\/li>\n<li>Oficinas del Centro C\u00edvico, primer (1\u00ba) Piso, N\u00facleo 2, ingreso 3<\/li>\n<li>Mail: <span id=\"cloakc6894e090ca5e6e756f416d93d1875ba\"><a href=\"mailto:direcciondeeconomiasocial@gmail.com\">direcciondeeconomiasocial@gmail.com<\/a><\/span><\/li>\n<\/ul>\n<p><img loading=\"lazy\" decoding=\"async\" class=\"alignnone size-large wp-image-16157\" src=\"https:\/\/vocesparalelas.com.ar\/sitio\/wp-content\/uploads\/2018\/10\/FERIA-EMPRENDEDORES-06-800x534.jpg\" alt=\"\" width=\"800\" height=\"534\" srcset=\"https:\/\/vocesparalelas.com.ar\/sitio\/wp-content\/uploads\/2018\/10\/FERIA-EMPRENDEDORES-06-800x534.jpg 800w, https:\/\/vocesparalelas.com.ar\/sitio\/wp-content\/uploads\/2018\/10\/FERIA-EMPRENDEDORES-06-300x200.jpg 300w, https:\/\/vocesparalelas.com.ar\/sitio\/wp-content\/uploads\/2018\/10\/FERIA-EMPRENDEDORES-06-768x512.jpg 768w, https:\/\/vocesparalelas.com.ar\/sitio\/wp-content\/uploads\/2018\/10\/FERIA-EMPRENDEDORES-06.jpg 1000w\" sizes=\"auto, (max-width: 800px) 100vw, 800px\" \/><\/p>\n","protected":false},"excerpt":{"rendered":"<p>El Ministerio de Familia y desarrollo Humano del Gobierno de San Juan, a trav\u00e9s del \u00e1rea Econom\u00eda Social busca instalar<\/p>\n","protected":false},"author":3,"featured_media":17367,"comment_status":"closed","ping_status":"closed","sticky":false,"template":"","format":"standard","meta":{"_acf_changed":false,"_seopress_robots_primary_cat":"none","_seopress_titles_title":"","_seopress_titles_desc":"","_seopress_robots_index":"","colormag_page_container_layout":"default_layout","colormag_page_sidebar_layout":"default_layout","footnotes":""},"categories":[2],"tags":[],"class_list":["post-67736","post","type-post","status-publish","format-standard","has-post-thumbnail","hentry","category-convocatorias"],"acf":[],"_links":{"self":[{"href":"https:\/\/vocesparalelas.com.ar\/sitio\/wp-json\/wp\/v2\/posts\/67736","targetHints":{"allow":["GET"]}}],"collection":[{"href":"https:\/\/vocesparalelas.com.ar\/sitio\/wp-json\/wp\/v2\/posts"}],"about":[{"href":"https:\/\/vocesparalelas.com.ar\/sitio\/wp-json\/wp\/v2\/types\/post"}],"author":[{"embeddable":true,"href":"https:\/\/vocesparalelas.com.ar\/sitio\/wp-json\/wp\/v2\/users\/3"}],"replies":[{"embeddable":true,"href":"https:\/\/vocesparalelas.com.ar\/sitio\/wp-json\/wp\/v2\/comments?post=67736"}],"version-history":[{"count":1,"href":"https:\/\/vocesparalelas.com.ar\/sitio\/wp-json\/wp\/v2\/posts\/67736\/revisions"}],"predecessor-version":[{"id":67739,"href":"https:\/\/vocesparalelas.com.ar\/sitio\/wp-json\/wp\/v2\/posts\/67736\/revisions\/67739"}],"wp:featuredmedia":[{"embeddable":true,"href":"https:\/\/vocesparalelas.com.ar\/sitio\/wp-json\/wp\/v2\/media\/17367"}],"wp:attachment":[{"href":"https:\/\/vocesparalelas.com.ar\/sitio\/wp-json\/wp\/v2\/media?parent=67736"}],"wp:term":[{"taxonomy":"category","embeddable":true,"href":"https:\/\/vocesparalelas.com.ar\/sitio\/wp-json\/wp\/v2\/categories?post=67736"},{"taxonomy":"post_tag","embeddable":true,"href":"https:\/\/vocesparalelas.com.ar\/sitio\/wp-json\/wp\/v2\/tags?post=67736"}],"curies":[{"name":"wp","href":"https:\/\/api.w.org\/{rel}","templated":true}]}}