{"id":67710,"date":"2024-01-03T21:23:52","date_gmt":"2024-01-04T00:23:52","guid":{"rendered":"https:\/\/vocesparalelas.com.ar\/sitio\/?p=67710"},"modified":"2024-01-03T21:24:02","modified_gmt":"2024-01-04T00:24:02","slug":"avanzan-distintas-lineas-de-trabajo-hacia-el-desarrollo-productivo-y-economico-de-san-juan","status":"publish","type":"post","link":"https:\/\/vocesparalelas.com.ar\/sitio\/avanzan-distintas-lineas-de-trabajo-hacia-el-desarrollo-productivo-y-economico-de-san-juan\/","title":{"rendered":"Avanzan distintas l\u00edneas de trabajo hacia el desarrollo productivo y econ\u00f3mico de San Juan"},"content":{"rendered":"<p>El Gobierno de San Juan, mantuvo en Buenos Aires, una nutrida agenda con altos funcionarios nacionales, quienes lograron avanzar en distintas l\u00edneas de trabajo que hacen al desarrollo productivo y econ\u00f3mico de la provincia.<\/p>\n<p>El Ministro de Producci\u00f3n, Trabajo e Innovaci\u00f3n del Gobierno de San Juan, CPN Gustavo Fern\u00e1ndez llev\u00f3 la preocupaci\u00f3n del gobernador Dr. Marcelo Orrego, ante la situaci\u00f3n de la provincia y mantuvo encuentros con los secretarios nacionales de Comercio, Econ. Pablo Lavigne y de Ciencia, Tecnolog\u00eda e Innovaci\u00f3n, Lic. Alejandro Cosentino, con el secretario de Trabajo, Dr. Omar Yasin y con la subsecretaria de Pol\u00edtica Industrial, Econ. Daniela Ramos. Estuvo tambi\u00e9n con el secretario de Bioeconom\u00eda del Ministerio de Econ\u00f3mica, Ing. Fernando Vilella<\/p>\n<p>El ministro de Producci\u00f3n, Trabajo e Innovaci\u00f3n del Gobierno de San Juan, CPN Gustavo Fern\u00e1ndez, en el primer encuentro que mantuvo en Buenos Aires, se reuni\u00f3 con el secretario de Comercio, Econ. Pablo Lavigne, a quien le expres\u00f3 la inquietud del gobernador Dr. Marcelo Orrego, por revertir la cr\u00edtica situaci\u00f3n de la provincia.<\/p>\n<p>Por ello, analizaron c\u00f3mo optimizar el funcionamiento de la Aduana en San Juan, para bajar costos operativos y log\u00edsticos a las exportaciones e importaciones de empresas locales.<\/p>\n<p>Lavigne y la Subsecretaria de Pol\u00edtica Industrial, Econ. Daniela Ramos se mostraron interesados en desarrollar programas para proveedores locales relacionados a la actividad minera, \u00c1reas de las energ\u00edas renovables y otras cadenas de valor estrat\u00e9gicas.<\/p>\n<p>As\u00ed tambi\u00e9n vieron la necesidad de trazar pol\u00edticas entre Naci\u00f3n y provincia para fortalecer la presencia y asistencia del INTI, fortaleciendo las industrias de San Juan. Tema que fue reforzado, m\u00e1s tarde, con el secretario de Innovaci\u00f3n y Ciencia, Lic. Alejandro Cosentino.<\/p>\n<p>Adem\u00e1s, se acord\u00f3 trazar una agenda conjunta de temas de ciencia e innovaci\u00f3n aplicadas al mundo productivo. Asimismo, en desarrollar de manera mancomunada actividades relacionadas a la econom\u00eda del conocimiento y en analizar los convenios vigentes entre Naci\u00f3n y provincia.<\/p>\n<p>En tanto con el secretario de Trabajo, Dr. Omar Yasin, analizaron la problem\u00e1tica de la informalidad laboral y el trabajo no registrado en San Juan. Adem\u00e1s, analizaron estrategias conjuntas para dar empleabilidad a personas fuera del sistema articulando en San Juan programas que vengan desde Naci\u00f3n.<\/p>\n<p>Cabe recordar, que el Ministro de Producci\u00f3n, Trabajo e Innovaci\u00f3n del Gobierno de San Juan, CPN Gustavo Fern\u00e1ndez mantuvo reuni\u00f3n con el Secretario de Bioeconom\u00eda, Ing. Fernando Vilella, donde estuvo acompa\u00f1ado por el ministro de Producci\u00f3n del Gobierno de Mendoza, Lic. Rodolfo Vargas Arizu e integrantes del Coviar*.<\/p>\n<p>Durante el encuentro, se expuso la necesidad de rever en el Congreso de la Naci\u00f3n el porcentaje de retenci\u00f3n a la vinicultura que el Ejecutivo Nacional fij\u00f3 en 8%. As\u00ed como tambi\u00e9n, modificar el r\u00e9gimen de aranceles que aplica a la actividad vitivin\u00edcola en Estados Unidos para facilitar el flujo de ventas de los vinos, pasas y mostos. Se avanz\u00f3 tambi\u00e9n en revisar la regulaci\u00f3n el\u00e9ctrica en zonas afectadas por la crisis h\u00eddrica. Se logr\u00f3 el compromiso de analizar la asistencia con fondos nacionales para combatir plagas como la lobesia botrana.<\/p>\n<p>&nbsp;<\/p>\n<blockquote class=\"wp-embedded-content\" data-secret=\"0QpdmLgc1H\"><p><a href=\"https:\/\/vocesparalelas.com.ar\/sitio\/dieron-pasos-seguros-en-defensa-de-la-industria-madre-de-la-region-de-cuyo\/\">Dieron pasos seguros en defensa de la industria madre de la regi\u00f3n de Cuyo<\/a><\/p><\/blockquote>\n<p><iframe loading=\"lazy\" class=\"wp-embedded-content\" sandbox=\"allow-scripts\" security=\"restricted\" style=\"position: absolute; clip: rect(1px, 1px, 1px, 1px);\" title=\"\u00abDieron pasos seguros en defensa de la industria madre de la regi\u00f3n de Cuyo\u00bb \u2014 Voces Paralelas\" src=\"https:\/\/vocesparalelas.com.ar\/sitio\/dieron-pasos-seguros-en-defensa-de-la-industria-madre-de-la-region-de-cuyo\/embed\/#?secret=QWEW2W2kCW#?secret=0QpdmLgc1H\" data-secret=\"0QpdmLgc1H\" width=\"600\" height=\"338\" frameborder=\"0\" marginwidth=\"0\" marginheight=\"0\" scrolling=\"no\"><\/iframe><\/p>\n","protected":false},"excerpt":{"rendered":"<p>El Gobierno de San Juan, mantuvo en Buenos Aires, una nutrida agenda con altos funcionarios nacionales, quienes lograron avanzar en<\/p>\n","protected":false},"author":3,"featured_media":67713,"comment_status":"closed","ping_status":"closed","sticky":false,"template":"","format":"standard","meta":{"_acf_changed":false,"_seopress_robots_primary_cat":"none","_seopress_titles_title":"","_seopress_titles_desc":"","_seopress_robots_index":"","colormag_page_container_layout":"default_layout","colormag_page_sidebar_layout":"default_layout","footnotes":""},"categories":[1],"tags":[],"class_list":["post-67710","post","type-post","status-publish","format-standard","has-post-thumbnail","hentry","category-destacadas"],"acf":[],"_links":{"self":[{"href":"https:\/\/vocesparalelas.com.ar\/sitio\/wp-json\/wp\/v2\/posts\/67710","targetHints":{"allow":["GET"]}}],"collection":[{"href":"https:\/\/vocesparalelas.com.ar\/sitio\/wp-json\/wp\/v2\/posts"}],"about":[{"href":"https:\/\/vocesparalelas.com.ar\/sitio\/wp-json\/wp\/v2\/types\/post"}],"author":[{"embeddable":true,"href":"https:\/\/vocesparalelas.com.ar\/sitio\/wp-json\/wp\/v2\/users\/3"}],"replies":[{"embeddable":true,"href":"https:\/\/vocesparalelas.com.ar\/sitio\/wp-json\/wp\/v2\/comments?post=67710"}],"version-history":[{"count":1,"href":"https:\/\/vocesparalelas.com.ar\/sitio\/wp-json\/wp\/v2\/posts\/67710\/revisions"}],"predecessor-version":[{"id":67714,"href":"https:\/\/vocesparalelas.com.ar\/sitio\/wp-json\/wp\/v2\/posts\/67710\/revisions\/67714"}],"wp:featuredmedia":[{"embeddable":true,"href":"https:\/\/vocesparalelas.com.ar\/sitio\/wp-json\/wp\/v2\/media\/67713"}],"wp:attachment":[{"href":"https:\/\/vocesparalelas.com.ar\/sitio\/wp-json\/wp\/v2\/media?parent=67710"}],"wp:term":[{"taxonomy":"category","embeddable":true,"href":"https:\/\/vocesparalelas.com.ar\/sitio\/wp-json\/wp\/v2\/categories?post=67710"},{"taxonomy":"post_tag","embeddable":true,"href":"https:\/\/vocesparalelas.com.ar\/sitio\/wp-json\/wp\/v2\/tags?post=67710"}],"curies":[{"name":"wp","href":"https:\/\/api.w.org\/{rel}","templated":true}]}}