{"id":67706,"date":"2024-01-03T20:08:17","date_gmt":"2024-01-03T23:08:17","guid":{"rendered":"https:\/\/vocesparalelas.com.ar\/sitio\/?p=67706"},"modified":"2024-01-04T23:09:21","modified_gmt":"2024-01-05T02:09:21","slug":"rivadavia-astronomico-en-san-juan","status":"publish","type":"post","link":"https:\/\/vocesparalelas.com.ar\/sitio\/rivadavia-astronomico-en-san-juan\/","title":{"rendered":"Rivadavia Astron\u00f3mico en San Juan"},"content":{"rendered":"<p>La Municipalidad de la Ciudad de Rivadavia invita a los interesados el Viernes, 05 de Enero, a las 21:30 hs.; en la Hoster\u00eda de Zonda para disfrutar \u00abRivadavia Astron\u00f3mico\u00bb con m\u00fasica y degustaci\u00f3n de vinos, una noche para que las familias se encuentren con actividades que alegran el coraz\u00f3n.<\/p>\n<p>Disfruta de una noche de observaciones astron\u00f3micas, intervenciones art\u00edsticas y degustaciones de vino.<\/p>\n<p><strong><span style=\"color: #ff6600;\">Actividades<\/span><\/strong><\/p>\n<p>Inicia a las 21;30 hs. y cierra a las 23:30 hs.; donde se puede disfrutar<\/p>\n<ul>\n<li>Degustaci\u00f3n a cargo de la Bodega Merced del Estero<\/li>\n<li>M\u00fasica en vivo con Eduardo Illanez<\/li>\n<li>Intervenci\u00f3n de Tango<\/li>\n<li>Proyecci\u00f3n gigante explicativo sobre el universo, brindada por el Grupo Constelaciones San Juan Astron\u00f3mico.<\/li>\n<li>Se puede observar\u00a0 con el telescopio la Luna, J\u00fapiter y Saturno.<\/li>\n<\/ul>\n<p><span style=\"color: #ff6600;\"><b>Reg\u00edstrate<\/b><\/span><strong><span style=\"color: #ff6600;\">\u00a0y participa<\/span><\/strong><\/p>\n<p><a href=\"https:\/\/forms.gle\/om5joqB3mPX1q8M9A\">https:\/\/forms.gle\/om5joqB3mPX1q8M9A<\/a><\/p>\n<p><img loading=\"lazy\" decoding=\"async\" class=\"alignnone size-full wp-image-66896\" src=\"https:\/\/vocesparalelas.com.ar\/sitio\/wp-content\/uploads\/2023\/12\/RIVADAVIA-LOGO-NUEVO.jpg\" alt=\"\" width=\"800\" height=\"533\" srcset=\"https:\/\/vocesparalelas.com.ar\/sitio\/wp-content\/uploads\/2023\/12\/RIVADAVIA-LOGO-NUEVO.jpg 800w, https:\/\/vocesparalelas.com.ar\/sitio\/wp-content\/uploads\/2023\/12\/RIVADAVIA-LOGO-NUEVO-300x200.jpg 300w, https:\/\/vocesparalelas.com.ar\/sitio\/wp-content\/uploads\/2023\/12\/RIVADAVIA-LOGO-NUEVO-768x512.jpg 768w\" sizes=\"auto, (max-width: 800px) 100vw, 800px\" \/><\/p>\n<p>&nbsp;<\/p>\n<p>&nbsp;<\/p>\n","protected":false},"excerpt":{"rendered":"<p>La Municipalidad de la Ciudad de Rivadavia invita a los interesados el Viernes, 05 de Enero, a las 21:30 hs.;<\/p>\n","protected":false},"author":3,"featured_media":3585,"comment_status":"closed","ping_status":"closed","sticky":false,"template":"","format":"standard","meta":{"_acf_changed":false,"_seopress_robots_primary_cat":"none","_seopress_titles_title":"","_seopress_titles_desc":"","_seopress_robots_index":"","colormag_page_container_layout":"default_layout","colormag_page_sidebar_layout":"default_layout","footnotes":""},"categories":[20],"tags":[],"class_list":["post-67706","post","type-post","status-publish","format-standard","has-post-thumbnail","hentry","category-cartelera"],"acf":[],"_links":{"self":[{"href":"https:\/\/vocesparalelas.com.ar\/sitio\/wp-json\/wp\/v2\/posts\/67706","targetHints":{"allow":["GET"]}}],"collection":[{"href":"https:\/\/vocesparalelas.com.ar\/sitio\/wp-json\/wp\/v2\/posts"}],"about":[{"href":"https:\/\/vocesparalelas.com.ar\/sitio\/wp-json\/wp\/v2\/types\/post"}],"author":[{"embeddable":true,"href":"https:\/\/vocesparalelas.com.ar\/sitio\/wp-json\/wp\/v2\/users\/3"}],"replies":[{"embeddable":true,"href":"https:\/\/vocesparalelas.com.ar\/sitio\/wp-json\/wp\/v2\/comments?post=67706"}],"version-history":[{"count":1,"href":"https:\/\/vocesparalelas.com.ar\/sitio\/wp-json\/wp\/v2\/posts\/67706\/revisions"}],"predecessor-version":[{"id":67709,"href":"https:\/\/vocesparalelas.com.ar\/sitio\/wp-json\/wp\/v2\/posts\/67706\/revisions\/67709"}],"wp:featuredmedia":[{"embeddable":true,"href":"https:\/\/vocesparalelas.com.ar\/sitio\/wp-json\/wp\/v2\/media\/3585"}],"wp:attachment":[{"href":"https:\/\/vocesparalelas.com.ar\/sitio\/wp-json\/wp\/v2\/media?parent=67706"}],"wp:term":[{"taxonomy":"category","embeddable":true,"href":"https:\/\/vocesparalelas.com.ar\/sitio\/wp-json\/wp\/v2\/categories?post=67706"},{"taxonomy":"post_tag","embeddable":true,"href":"https:\/\/vocesparalelas.com.ar\/sitio\/wp-json\/wp\/v2\/tags?post=67706"}],"curies":[{"name":"wp","href":"https:\/\/api.w.org\/{rel}","templated":true}]}}