{"id":67676,"date":"2024-01-02T23:16:04","date_gmt":"2024-01-03T02:16:04","guid":{"rendered":"https:\/\/vocesparalelas.com.ar\/sitio\/?p=67676"},"modified":"2024-01-04T23:09:54","modified_gmt":"2024-01-05T02:09:54","slug":"disfruta-el-verano-en-san-juan-aventura","status":"publish","type":"post","link":"https:\/\/vocesparalelas.com.ar\/sitio\/disfruta-el-verano-en-san-juan-aventura\/","title":{"rendered":"Disfruta el verano en San Juan aventura"},"content":{"rendered":"<p>Con la llegada del verano, San Juan es el destino perfecto para los amantes de la aventura y aquellos que buscan experiencias en medio de un entorno natural imponente. La provincia ofrece una combinaci\u00f3n \u00fanica de monta\u00f1as, diques, sabores y la majestuosidad del cielo sanjuanino, convirti\u00e9ndola en una opci\u00f3n ideal para turistas y locales por igual.<\/p>\n<p>En el 2024, el Ministerio de Turismo, Cultura y Deporte del Gobierno de San Juan, en colaboraci\u00f3n con los departamentos de la provincia y prestadores locales, ha organizado una variada oferta para todos los gustos. Desde la atractiva Ruta del Vino, donde se pueden realizar degustaciones, maridajes y visitas guiadas en las bodegas locales, hasta la emocionante Ruta del Olivo, la Ruta de la Cerveza y la contemplativa Ruta del Cielo, hay opciones para todos los gustos.<\/p>\n<p><img loading=\"lazy\" decoding=\"async\" class=\"alignnone size-large wp-image-5205\" src=\"https:\/\/vocesparalelas.com.ar\/sitio\/wp-content\/uploads\/2017\/09\/AF-GASTRONOMICA-10-800x452.jpg\" alt=\"\" width=\"800\" height=\"452\" srcset=\"https:\/\/vocesparalelas.com.ar\/sitio\/wp-content\/uploads\/2017\/09\/AF-GASTRONOMICA-10-800x452.jpg 800w, https:\/\/vocesparalelas.com.ar\/sitio\/wp-content\/uploads\/2017\/09\/AF-GASTRONOMICA-10-300x170.jpg 300w, https:\/\/vocesparalelas.com.ar\/sitio\/wp-content\/uploads\/2017\/09\/AF-GASTRONOMICA-10-768x434.jpg 768w, https:\/\/vocesparalelas.com.ar\/sitio\/wp-content\/uploads\/2017\/09\/AF-GASTRONOMICA-10.jpg 1000w\" sizes=\"auto, (max-width: 800px) 100vw, 800px\" \/><\/p>\n<p>Los diques de San Juan, entre imponentes cerros, ofrecen un escenario perfecto para actividades acu\u00e1ticas emocionantes. Desde pr\u00e1cticas de buceo hasta paseos en catamar\u00e1n y kayak, los visitantes tienen la oportunidad de sumergirse en la belleza natural de la provincia.<\/p>\n<p>Para aquellos que buscan una experiencia m\u00e1s cultural, la provincia tambi\u00e9n brinda opciones de turismo cultural y rural. La conexi\u00f3n con la naturaleza, la aventura, la historia de cada rinc\u00f3n, sumado a la rica gastronom\u00eda local se combinan para ofrecer un verano inolvidable.<\/p>\n<p>San Juan ofrece un verano lleno de sorpresas y emociones. Ya sea explorando las alturas de las monta\u00f1as, sumergi\u00e9ndose en las aguas de los diques o degustando los exquisitos vinos locales, la provincia tiene todo para que cada visitante viva el verano a su manera.<\/p>\n<p>Para conocer en detalle toda la oferta, se puede ingresar a\u00a0<a href=\"https:\/\/sisanjuan.gob.ar\/sanjuan.tur.ar\">sanjuan.tur.ar<\/a>\u00a0y descargar la gu\u00eda que proporciona informaci\u00f3n espec\u00edfica por departamento y actividad.<\/p>\n<p><img loading=\"lazy\" decoding=\"async\" class=\"alignnone size-full wp-image-41354\" src=\"https:\/\/vocesparalelas.com.ar\/sitio\/wp-content\/uploads\/2021\/09\/VINO-SAN-JUAN.jpg\" alt=\"\" width=\"782\" height=\"440\" srcset=\"https:\/\/vocesparalelas.com.ar\/sitio\/wp-content\/uploads\/2021\/09\/VINO-SAN-JUAN.jpg 782w, https:\/\/vocesparalelas.com.ar\/sitio\/wp-content\/uploads\/2021\/09\/VINO-SAN-JUAN-300x169.jpg 300w, https:\/\/vocesparalelas.com.ar\/sitio\/wp-content\/uploads\/2021\/09\/VINO-SAN-JUAN-768x432.jpg 768w\" sizes=\"auto, (max-width: 782px) 100vw, 782px\" \/><\/p>\n","protected":false},"excerpt":{"rendered":"<p>Con la llegada del verano, San Juan es el destino perfecto para los amantes de la aventura y aquellos que<\/p>\n","protected":false},"author":3,"featured_media":55719,"comment_status":"closed","ping_status":"closed","sticky":false,"template":"","format":"standard","meta":{"_acf_changed":false,"_seopress_robots_primary_cat":"none","_seopress_titles_title":"","_seopress_titles_desc":"","_seopress_robots_index":"","colormag_page_container_layout":"default_layout","colormag_page_sidebar_layout":"default_layout","footnotes":""},"categories":[6],"tags":[],"class_list":["post-67676","post","type-post","status-publish","format-standard","has-post-thumbnail","hentry","category-eventos"],"acf":[],"_links":{"self":[{"href":"https:\/\/vocesparalelas.com.ar\/sitio\/wp-json\/wp\/v2\/posts\/67676","targetHints":{"allow":["GET"]}}],"collection":[{"href":"https:\/\/vocesparalelas.com.ar\/sitio\/wp-json\/wp\/v2\/posts"}],"about":[{"href":"https:\/\/vocesparalelas.com.ar\/sitio\/wp-json\/wp\/v2\/types\/post"}],"author":[{"embeddable":true,"href":"https:\/\/vocesparalelas.com.ar\/sitio\/wp-json\/wp\/v2\/users\/3"}],"replies":[{"embeddable":true,"href":"https:\/\/vocesparalelas.com.ar\/sitio\/wp-json\/wp\/v2\/comments?post=67676"}],"version-history":[{"count":1,"href":"https:\/\/vocesparalelas.com.ar\/sitio\/wp-json\/wp\/v2\/posts\/67676\/revisions"}],"predecessor-version":[{"id":67679,"href":"https:\/\/vocesparalelas.com.ar\/sitio\/wp-json\/wp\/v2\/posts\/67676\/revisions\/67679"}],"wp:featuredmedia":[{"embeddable":true,"href":"https:\/\/vocesparalelas.com.ar\/sitio\/wp-json\/wp\/v2\/media\/55719"}],"wp:attachment":[{"href":"https:\/\/vocesparalelas.com.ar\/sitio\/wp-json\/wp\/v2\/media?parent=67676"}],"wp:term":[{"taxonomy":"category","embeddable":true,"href":"https:\/\/vocesparalelas.com.ar\/sitio\/wp-json\/wp\/v2\/categories?post=67676"},{"taxonomy":"post_tag","embeddable":true,"href":"https:\/\/vocesparalelas.com.ar\/sitio\/wp-json\/wp\/v2\/tags?post=67676"}],"curies":[{"name":"wp","href":"https:\/\/api.w.org\/{rel}","templated":true}]}}