{"id":67667,"date":"2024-01-02T20:50:05","date_gmt":"2024-01-02T23:50:05","guid":{"rendered":"https:\/\/vocesparalelas.com.ar\/sitio\/?p=67667"},"modified":"2024-01-03T23:51:38","modified_gmt":"2024-01-04T02:51:38","slug":"las-empresas-de-san-juan-se-suman-a-la-oferta-exportable","status":"publish","type":"post","link":"https:\/\/vocesparalelas.com.ar\/sitio\/las-empresas-de-san-juan-se-suman-a-la-oferta-exportable\/","title":{"rendered":"Las empresas de San Juan se suman a la oferta exportable"},"content":{"rendered":"<p>El\u00a0Ministerio de Producci\u00f3n, Trabajo e Innovaci\u00f3n del Gobierno de San Juan a trav\u00e9s de la Direcci\u00f3n de Comercio Exterior y en conjunto con el Consejo Federal de Inversiones &#8211; CFI -, invitan a las empresas de San Juan a participar de la oferta exportable a trav\u00e9s del portal web creado para tal fin.<\/p>\n<p>Este portal contiene un\u00a0sistema de directorio de empresas\u00a0basado en niveles de formaci\u00f3n, clasificados por categor\u00eda y rubro. Adem\u00e1s, ofrecer\u00e1 diferentes accesos a subdominios y redireccionamientos que permitan\u00a0potenciar las conexiones\u00a0con potenciales compradores de\u00a0mercados internacionales.<\/p>\n<p>Para formar parte del portal que difunde la oferta exportable de San Juan, se puede completar el siguiente\u00a0formulario siguiendo el enlace.<\/p>\n<p><a href=\"https:\/\/docs.google.com\/forms\/d\/e\/1FAIpQLSf1A9PF6WksIwRd-xB0YUF6In7Pn3iBnZ0KIqSCffZ0TRKUYg\/viewform\">https:\/\/docs.google.com\/forms\/d\/e\/1FAIpQLSf1A9PF6WksIwRd-xB0YUF6In7Pn3iBnZ0KIqSCffZ0TRKUYg\/viewform<\/a><\/p>\n<p>Tambi\u00e9n se pueden informar al respecto contact\u00e1ndose con\u00a04306427.<\/p>\n<p>&nbsp;<\/p>\n","protected":false},"excerpt":{"rendered":"<p>El\u00a0Ministerio de Producci\u00f3n, Trabajo e Innovaci\u00f3n del Gobierno de San Juan a trav\u00e9s de la Direcci\u00f3n de Comercio Exterior y<\/p>\n","protected":false},"author":3,"featured_media":67670,"comment_status":"closed","ping_status":"closed","sticky":false,"template":"","format":"standard","meta":{"_acf_changed":false,"_seopress_robots_primary_cat":"none","_seopress_titles_title":"","_seopress_titles_desc":"","_seopress_robots_index":"","colormag_page_container_layout":"default_layout","colormag_page_sidebar_layout":"default_layout","footnotes":""},"categories":[8],"tags":[],"class_list":["post-67667","post","type-post","status-publish","format-standard","has-post-thumbnail","hentry","category-concursos"],"acf":[],"_links":{"self":[{"href":"https:\/\/vocesparalelas.com.ar\/sitio\/wp-json\/wp\/v2\/posts\/67667","targetHints":{"allow":["GET"]}}],"collection":[{"href":"https:\/\/vocesparalelas.com.ar\/sitio\/wp-json\/wp\/v2\/posts"}],"about":[{"href":"https:\/\/vocesparalelas.com.ar\/sitio\/wp-json\/wp\/v2\/types\/post"}],"author":[{"embeddable":true,"href":"https:\/\/vocesparalelas.com.ar\/sitio\/wp-json\/wp\/v2\/users\/3"}],"replies":[{"embeddable":true,"href":"https:\/\/vocesparalelas.com.ar\/sitio\/wp-json\/wp\/v2\/comments?post=67667"}],"version-history":[{"count":1,"href":"https:\/\/vocesparalelas.com.ar\/sitio\/wp-json\/wp\/v2\/posts\/67667\/revisions"}],"predecessor-version":[{"id":67671,"href":"https:\/\/vocesparalelas.com.ar\/sitio\/wp-json\/wp\/v2\/posts\/67667\/revisions\/67671"}],"wp:featuredmedia":[{"embeddable":true,"href":"https:\/\/vocesparalelas.com.ar\/sitio\/wp-json\/wp\/v2\/media\/67670"}],"wp:attachment":[{"href":"https:\/\/vocesparalelas.com.ar\/sitio\/wp-json\/wp\/v2\/media?parent=67667"}],"wp:term":[{"taxonomy":"category","embeddable":true,"href":"https:\/\/vocesparalelas.com.ar\/sitio\/wp-json\/wp\/v2\/categories?post=67667"},{"taxonomy":"post_tag","embeddable":true,"href":"https:\/\/vocesparalelas.com.ar\/sitio\/wp-json\/wp\/v2\/tags?post=67667"}],"curies":[{"name":"wp","href":"https:\/\/api.w.org\/{rel}","templated":true}]}}