{"id":67636,"date":"2024-01-01T22:37:57","date_gmt":"2024-01-02T01:37:57","guid":{"rendered":"https:\/\/vocesparalelas.com.ar\/sitio\/?p=67636"},"modified":"2024-01-03T00:57:57","modified_gmt":"2024-01-03T03:57:57","slug":"he-tomado-la-decision-de-no-renovar-219-contratos-de-aquellos-que-vencieron-el-31-de-diciembre-de-2023","status":"publish","type":"post","link":"https:\/\/vocesparalelas.com.ar\/sitio\/he-tomado-la-decision-de-no-renovar-219-contratos-de-aquellos-que-vencieron-el-31-de-diciembre-de-2023\/","title":{"rendered":"\u00abHe tomado la decisi\u00f3n de no renovar 219 contratos de aquellos que vencieron el 31 de Diciembre de 2023\u00bb"},"content":{"rendered":"<p>Los diagn\u00f3sticos nacionales y el recientemente expresado por el Gobernador de San Juan, Dr. Marcelo Orrego, nos pone en estado de realidad, con un pron\u00f3stico econ\u00f3micamente duro y<br \/>\nhasta incierto. No podemos soslayar esa circunstancia que nos obliga a actuar con mucha responsabilidad.<\/p>\n<p>La Municipalidad de la Ciudad de San Juan, cuenta con 1688 empleados de planta permanente entre Poder Ejecutivo y Concejo Deliberante, y 1828 contratos de colaboraci\u00f3n de servicios, de los cuales muchos fueron firmados durante el a\u00f1o 2023 y que vencieron el 31 de Diciembre de 2023.<\/p>\n<p>Con esa realidad, solicit\u00e9 a las distintas secretar\u00edas el informe pormenorizado de aquellos contratos que fueron firmados durante el a\u00f1o 2023 y un estudio de optimizaci\u00f3n de servicios con refuncionalizaci\u00f3n general.<\/p>\n<p>Con todo esta informaci\u00f3n he tomado la decisi\u00f3n de no renovar 219 contratos de aquellos que vencieron el 31 de diciembre de 2023 y que fueron firmados durante el mismo a\u00f1o.<\/p>\n<p>Hemos tomado otras medidas estructurales de reducci\u00f3n del gasto p\u00fablico, y hoy, tenemos una baja del 30% en la estructura org\u00e1nica pol\u00edtica de la Municipalidad, no ocupando movilidades oficiales, ni telefon\u00eda m\u00f3vil para el uso de los funcionarios, entre otras cuestiones.<\/p>\n<p>Seguiremos trabajando para hacer eficiente el uso de los recursos p\u00fablicos, tomando medidas que satisfagan el servicio que necesitan los vecinos de la Ciudad de San Juan, sin olvidarnos de la realidad cr\u00edtica que nos toca vivir.<\/p>\n<p style=\"text-align: right;\">SAN JUAN, Ciudad de San Juan, 01 de Enero de 2024.<\/p>\n<p style=\"text-align: right;\">Dra. Susana Laciar<\/p>\n<p style=\"text-align: right;\">Intendente de la<\/p>\n<p style=\"text-align: right;\">Municipalidad de la Ciudad de San Juan<\/p>\n<p>&nbsp;<\/p>\n<p><img loading=\"lazy\" decoding=\"async\" class=\"alignnone size-full wp-image-67559\" src=\"https:\/\/vocesparalelas.com.ar\/sitio\/wp-content\/uploads\/2023\/12\/CAPITAL-SAN-JUAN-LOGO.png\" alt=\"\" width=\"800\" height=\"304\" srcset=\"https:\/\/vocesparalelas.com.ar\/sitio\/wp-content\/uploads\/2023\/12\/CAPITAL-SAN-JUAN-LOGO.png 800w, https:\/\/vocesparalelas.com.ar\/sitio\/wp-content\/uploads\/2023\/12\/CAPITAL-SAN-JUAN-LOGO-300x114.png 300w, https:\/\/vocesparalelas.com.ar\/sitio\/wp-content\/uploads\/2023\/12\/CAPITAL-SAN-JUAN-LOGO-768x292.png 768w\" sizes=\"auto, (max-width: 800px) 100vw, 800px\" \/><\/p>\n","protected":false},"excerpt":{"rendered":"<p>Los diagn\u00f3sticos nacionales y el recientemente expresado por el Gobernador de San Juan, Dr. Marcelo Orrego, nos pone en estado<\/p>\n","protected":false},"author":3,"featured_media":5390,"comment_status":"closed","ping_status":"closed","sticky":false,"template":"","format":"standard","meta":{"_acf_changed":false,"_seopress_robots_primary_cat":"none","_seopress_titles_title":"","_seopress_titles_desc":"","_seopress_robots_index":"","colormag_page_container_layout":"default_layout","colormag_page_sidebar_layout":"default_layout","footnotes":""},"categories":[10],"tags":[],"class_list":["post-67636","post","type-post","status-publish","format-standard","has-post-thumbnail","hentry","category-opiniones"],"acf":[],"_links":{"self":[{"href":"https:\/\/vocesparalelas.com.ar\/sitio\/wp-json\/wp\/v2\/posts\/67636","targetHints":{"allow":["GET"]}}],"collection":[{"href":"https:\/\/vocesparalelas.com.ar\/sitio\/wp-json\/wp\/v2\/posts"}],"about":[{"href":"https:\/\/vocesparalelas.com.ar\/sitio\/wp-json\/wp\/v2\/types\/post"}],"author":[{"embeddable":true,"href":"https:\/\/vocesparalelas.com.ar\/sitio\/wp-json\/wp\/v2\/users\/3"}],"replies":[{"embeddable":true,"href":"https:\/\/vocesparalelas.com.ar\/sitio\/wp-json\/wp\/v2\/comments?post=67636"}],"version-history":[{"count":1,"href":"https:\/\/vocesparalelas.com.ar\/sitio\/wp-json\/wp\/v2\/posts\/67636\/revisions"}],"predecessor-version":[{"id":67639,"href":"https:\/\/vocesparalelas.com.ar\/sitio\/wp-json\/wp\/v2\/posts\/67636\/revisions\/67639"}],"wp:featuredmedia":[{"embeddable":true,"href":"https:\/\/vocesparalelas.com.ar\/sitio\/wp-json\/wp\/v2\/media\/5390"}],"wp:attachment":[{"href":"https:\/\/vocesparalelas.com.ar\/sitio\/wp-json\/wp\/v2\/media?parent=67636"}],"wp:term":[{"taxonomy":"category","embeddable":true,"href":"https:\/\/vocesparalelas.com.ar\/sitio\/wp-json\/wp\/v2\/categories?post=67636"},{"taxonomy":"post_tag","embeddable":true,"href":"https:\/\/vocesparalelas.com.ar\/sitio\/wp-json\/wp\/v2\/tags?post=67636"}],"curies":[{"name":"wp","href":"https:\/\/api.w.org\/{rel}","templated":true}]}}