{"id":67605,"date":"2023-12-30T11:46:44","date_gmt":"2023-12-30T14:46:44","guid":{"rendered":"https:\/\/vocesparalelas.com.ar\/sitio\/?p=67605"},"modified":"2024-01-03T23:54:34","modified_gmt":"2024-01-04T02:54:34","slug":"orquesta-escuela-san-juan-brillo-en-el-2023-en-conciertos","status":"publish","type":"post","link":"https:\/\/vocesparalelas.com.ar\/sitio\/orquesta-escuela-san-juan-brillo-en-el-2023-en-conciertos\/","title":{"rendered":"Orquesta Escuela San Juan brill\u00f3 en el 2023 en conciertos"},"content":{"rendered":"<p>La Orquesta Escuela San Juan durante el 2023 realiz\u00f3 una serie de presentaciones convertidas en conciertos que es el orgullo de la provincia, ya que, el fin es que ni\u00f1os, ni\u00f1as y j\u00f3venes se interesen por alg\u00fan instrumento musical.<\/p>\n<p>Es importante destacar que se convierte en un semillero musical que se impone con su m\u00e9todo de aprendizaje.<\/p>\n<p>Adem\u00e1s, est\u00e1 integrada por alumnos de distintos departamentos de San Juan. No s\u00f3lo tienen posibilidad de exhibir su don en la provincia sino que tienen la oportunidad de viajar a distintos lugares de la Rep\u00fablica Argentina por el nivel musical logrado premiados con invitaciones.<\/p>\n<p>El crecimiento de la Orquesta Escuela de San Juan permite incorporar espacios donde se conforman nuevos grupos de aprendizaje que permite que m\u00e1s alumnos opten por el aprendizaje de diferentes instrumentos musicales. Lo interesante es el grupo de profesores que apuestan al m\u00e9todo y le dan la posibilidad a sus semilleros a querer m\u00e1s el instrumento musical incentivarlos a la pr\u00e1ctica perseverancia y comprometidos a la constancia.<\/p>\n<p>Adem\u00e1s, tomar conciencia que al final del recorrido son premiados como grupos o como orquesta con una presentaci\u00f3n p\u00fablica donde la familia orgullosa participa para apoyar el trabajo que realiz\u00f3 el docente, el alumno y el director M\u00b0 Pablo Grosman para ensamblar y llegar al concierto.<\/p>\n<p><span style=\"color: #339966;\"><strong>Presentaciones 2023<\/strong><\/span><\/p>\n<ul>\n<li>4 febrero Orquesta, en Ischigualasto<\/li>\n<li>5 febrero Orquesta, Astica<\/li>\n<li>6 febrero Orquesta, Valle F\u00e9rtil<\/li>\n<li>16 febrero Orquesta, Estaci\u00f3n San Mart\u00edn<\/li>\n<li>27 febrero Albard\u00f3n, Eloy P Camus<\/li>\n<li>21 al 27 Juvenil, Chascomus<\/li>\n<li>3 marzo Juvenil, MPBAFR<\/li>\n<li>29 marzo Inicial, Legislatura OESI<\/li>\n<li>7 abril Inicial, Vela y Remo<\/li>\n<li>7 abril Juvenil, Iglesia Esp\u00edritu Santo<\/li>\n<li>18 abril Juvenil, Teatro Albard\u00f3n<\/li>\n<li>23 abril Juvenil, MPBAFR<\/li>\n<li>24 mayo Infantil, Escuela en 25 de Mayo<\/li>\n<li>25 mayo Iniciales, Patio Alvear<\/li>\n<li>28 mayo Camerata, 6 Becarios<\/li>\n<li>15 junio Infantil, Casa Espa\u00f1a<\/li>\n<li>26 junio Infantil, Pocito<\/li>\n<li>8 julio Juvenil, Gala Independencia<\/li>\n<li>23 julio Todos,\u00a0Auditorio Ing. Juan Victorio<\/li>\n<li>25 agosto Juvenil, Villa Am\u00e9rica<\/li>\n<li>8 septiembre FESTIBACH, Sirio Libanes<\/li>\n<li>9 septiembre FESTIBACH, Catedral<\/li>\n<li>10 septiembre FESTIBACH, Auditorio Ing. Juan Victorio<\/li>\n<li>11 septiembre FESTIBACH, Auditorio Ing. Juan Victorio<\/li>\n<li>18 septiembre Infantil, Colegio Nacional<\/li>\n<li>22 septiembre Infantil, Escuela Normal<\/li>\n<li>22 septiembre Infantil, INES<\/li>\n<li>5 octubre Juvenil, Alianza Francesa<\/li>\n<li>10 octubre Juvenil, Centro Cultural Dr. Amadeo Conte Grand<\/li>\n<li>12 octubre Juvenil, Rotary Club Rawson<\/li>\n<li>13 noviembre Juvenil, Sociedad Israelita de Beneficencia San Juan<\/li>\n<li>16 noviembre Cuarteto, Estaci\u00f3n San Martin<\/li>\n<li>22 noviembre Todos, Estaci\u00f3n San Martin Santa Cecilia<\/li>\n<li>29 noviembre Juvenil, MPBAFR<\/li>\n<li>14 diciembre Infantil, Escuela Normal Sarmiento<\/li>\n<li>15 diciembre Infantil, Escuela Normal Sarmiento<\/li>\n<li>15 diciembre Juvenil, Colegio Nacional de Rawson<\/li>\n<li>15 diciembre Juvenil, Banda de Polic\u00eda TB<\/li>\n<li>17 diciembre TODOS, Auditorio Ing. Juan Victorio<\/li>\n<li>18 diciembre Juvenil, Januc\u00e1<\/li>\n<li>28 diciembre Cuarteto, Iglesia Metodista<\/li>\n<\/ul>\n<p><iframe loading=\"lazy\" title=\"ORQUESTA ESCUELA SAN JUAN\" width=\"800\" height=\"450\" src=\"https:\/\/www.youtube.com\/embed\/1gcpXnCYVW0?feature=oembed\" frameborder=\"0\" allow=\"accelerometer; autoplay; clipboard-write; encrypted-media; gyroscope; picture-in-picture; web-share\" allowfullscreen><\/iframe><\/p>\n<p>&nbsp;<\/p>\n<p><img loading=\"lazy\" decoding=\"async\" class=\"alignnone size-large wp-image-42245\" src=\"https:\/\/vocesparalelas.com.ar\/sitio\/wp-content\/uploads\/2021\/09\/orquesta-escuela-2-800x598.jpg\" alt=\"\" width=\"800\" height=\"598\" srcset=\"https:\/\/vocesparalelas.com.ar\/sitio\/wp-content\/uploads\/2021\/09\/orquesta-escuela-2-800x598.jpg 800w, https:\/\/vocesparalelas.com.ar\/sitio\/wp-content\/uploads\/2021\/09\/orquesta-escuela-2-300x224.jpg 300w, https:\/\/vocesparalelas.com.ar\/sitio\/wp-content\/uploads\/2021\/09\/orquesta-escuela-2-768x575.jpg 768w, https:\/\/vocesparalelas.com.ar\/sitio\/wp-content\/uploads\/2021\/09\/orquesta-escuela-2.jpg 1024w\" sizes=\"auto, (max-width: 800px) 100vw, 800px\" \/><\/p>\n","protected":false},"excerpt":{"rendered":"<p>La Orquesta Escuela San Juan durante el 2023 realiz\u00f3 una serie de presentaciones convertidas en conciertos que es el orgullo<\/p>\n","protected":false},"author":3,"featured_media":67608,"comment_status":"closed","ping_status":"closed","sticky":false,"template":"","format":"standard","meta":{"_acf_changed":false,"_seopress_robots_primary_cat":"none","_seopress_titles_title":"","_seopress_titles_desc":"","_seopress_robots_index":"","colormag_page_container_layout":"default_layout","colormag_page_sidebar_layout":"default_layout","footnotes":""},"categories":[20,7],"tags":[],"class_list":["post-67605","post","type-post","status-publish","format-standard","has-post-thumbnail","hentry","category-cartelera","category-videos"],"acf":[],"_links":{"self":[{"href":"https:\/\/vocesparalelas.com.ar\/sitio\/wp-json\/wp\/v2\/posts\/67605","targetHints":{"allow":["GET"]}}],"collection":[{"href":"https:\/\/vocesparalelas.com.ar\/sitio\/wp-json\/wp\/v2\/posts"}],"about":[{"href":"https:\/\/vocesparalelas.com.ar\/sitio\/wp-json\/wp\/v2\/types\/post"}],"author":[{"embeddable":true,"href":"https:\/\/vocesparalelas.com.ar\/sitio\/wp-json\/wp\/v2\/users\/3"}],"replies":[{"embeddable":true,"href":"https:\/\/vocesparalelas.com.ar\/sitio\/wp-json\/wp\/v2\/comments?post=67605"}],"version-history":[{"count":2,"href":"https:\/\/vocesparalelas.com.ar\/sitio\/wp-json\/wp\/v2\/posts\/67605\/revisions"}],"predecessor-version":[{"id":67623,"href":"https:\/\/vocesparalelas.com.ar\/sitio\/wp-json\/wp\/v2\/posts\/67605\/revisions\/67623"}],"wp:featuredmedia":[{"embeddable":true,"href":"https:\/\/vocesparalelas.com.ar\/sitio\/wp-json\/wp\/v2\/media\/67608"}],"wp:attachment":[{"href":"https:\/\/vocesparalelas.com.ar\/sitio\/wp-json\/wp\/v2\/media?parent=67605"}],"wp:term":[{"taxonomy":"category","embeddable":true,"href":"https:\/\/vocesparalelas.com.ar\/sitio\/wp-json\/wp\/v2\/categories?post=67605"},{"taxonomy":"post_tag","embeddable":true,"href":"https:\/\/vocesparalelas.com.ar\/sitio\/wp-json\/wp\/v2\/tags?post=67605"}],"curies":[{"name":"wp","href":"https:\/\/api.w.org\/{rel}","templated":true}]}}