{"id":67591,"date":"2023-12-30T11:32:00","date_gmt":"2023-12-30T14:32:00","guid":{"rendered":"https:\/\/vocesparalelas.com.ar\/sitio\/?p=67591"},"modified":"2024-01-03T23:31:16","modified_gmt":"2024-01-04T02:31:16","slug":"colonia-de-arte-vacacionarte-en-el-mpbafr-de-san-juan","status":"publish","type":"post","link":"https:\/\/vocesparalelas.com.ar\/sitio\/colonia-de-arte-vacacionarte-en-el-mpbafr-de-san-juan\/","title":{"rendered":"Colonia de arte \u00abVacacionarte\u00bb en el MPBAFR de San Juan"},"content":{"rendered":"<p>El Museo Provincial de Bellas Artes Franklin Rawson invita a los interesados a la colonia de arte\u00a0 Vacacionarte que se desarrolla desde el 5 de Febrero hasta el 1 de Marzo de 2024, de Lunes a Viernes, de 10 a 12 hs.; en la instituci\u00f3n.<\/p>\n<p>La propuesta es para busca estimular el desarrollo de la creatividad en ni\u00f1as, ni\u00f1os y adolescentes, en una nueva edici\u00f3n especial al cumplirse 15 a\u00f1os de su realizaci\u00f3n ininterrumpida, en la que se espera la participaci\u00f3n de 400 chicos.<\/p>\n<p><strong><span style=\"color: #0000ff;\">Pre-inscripciones online<\/span><\/strong><\/p>\n<p>Est\u00e1 habilitada desde el Jueves, 4 de enero, a las 12 hs, a trav\u00e9s de formulario online, disponible en la biograf\u00eda del MPBAFR.<\/p>\n<p>Disponible en redes sociales: Instagram (@museo_franklin_rawson) y Facebook (Museo Franklin Rawson).<\/p>\n<p><strong><span style=\"color: #0000ff;\">Costo de inscripci\u00f3n<\/span><\/strong><\/p>\n<ul>\n<li>$3000 por persona.<\/li>\n<\/ul>\n<p><strong><span style=\"color: #0000ff;\">Importante<\/span><\/strong><\/p>\n<p>La inscripci\u00f3n es efectiva una vez que la persona abone de manera presencial en recepci\u00f3n del MPBAFR, el 10; 11 y 12 de Enero, de 13 a 19 hs.<\/p>\n<figure id=\"attachment_39924\" aria-describedby=\"caption-attachment-39924\" style=\"width: 800px\" class=\"wp-caption alignnone\"><img loading=\"lazy\" decoding=\"async\" class=\"size-full wp-image-39924\" src=\"https:\/\/vocesparalelas.com.ar\/sitio\/wp-content\/uploads\/2021\/07\/MPBAFR-OBRA-02.jpg\" alt=\"\" width=\"800\" height=\"533\" srcset=\"https:\/\/vocesparalelas.com.ar\/sitio\/wp-content\/uploads\/2021\/07\/MPBAFR-OBRA-02.jpg 800w, https:\/\/vocesparalelas.com.ar\/sitio\/wp-content\/uploads\/2021\/07\/MPBAFR-OBRA-02-300x200.jpg 300w, https:\/\/vocesparalelas.com.ar\/sitio\/wp-content\/uploads\/2021\/07\/MPBAFR-OBRA-02-768x512.jpg 768w\" sizes=\"auto, (max-width: 800px) 100vw, 800px\" \/><figcaption id=\"caption-attachment-39924\" class=\"wp-caption-text\">Museo Provincial de Bellas Artes Franklin Rawson, Provincia de San Juan, Rep\u00fablica Argentina<\/figcaption><\/figure>\n<p>&nbsp;<\/p>\n<p>&nbsp;<\/p>\n","protected":false},"excerpt":{"rendered":"<p>El Museo Provincial de Bellas Artes Franklin Rawson invita a los interesados a la colonia de arte\u00a0 Vacacionarte que se<\/p>\n","protected":false},"author":3,"featured_media":34190,"comment_status":"closed","ping_status":"closed","sticky":false,"template":"","format":"standard","meta":{"_acf_changed":false,"_seopress_robots_primary_cat":"none","_seopress_titles_title":"","_seopress_titles_desc":"","_seopress_robots_index":"","colormag_page_container_layout":"default_layout","colormag_page_sidebar_layout":"default_layout","footnotes":""},"categories":[20],"tags":[],"class_list":["post-67591","post","type-post","status-publish","format-standard","has-post-thumbnail","hentry","category-cartelera"],"acf":[],"_links":{"self":[{"href":"https:\/\/vocesparalelas.com.ar\/sitio\/wp-json\/wp\/v2\/posts\/67591","targetHints":{"allow":["GET"]}}],"collection":[{"href":"https:\/\/vocesparalelas.com.ar\/sitio\/wp-json\/wp\/v2\/posts"}],"about":[{"href":"https:\/\/vocesparalelas.com.ar\/sitio\/wp-json\/wp\/v2\/types\/post"}],"author":[{"embeddable":true,"href":"https:\/\/vocesparalelas.com.ar\/sitio\/wp-json\/wp\/v2\/users\/3"}],"replies":[{"embeddable":true,"href":"https:\/\/vocesparalelas.com.ar\/sitio\/wp-json\/wp\/v2\/comments?post=67591"}],"version-history":[{"count":2,"href":"https:\/\/vocesparalelas.com.ar\/sitio\/wp-json\/wp\/v2\/posts\/67591\/revisions"}],"predecessor-version":[{"id":67728,"href":"https:\/\/vocesparalelas.com.ar\/sitio\/wp-json\/wp\/v2\/posts\/67591\/revisions\/67728"}],"wp:featuredmedia":[{"embeddable":true,"href":"https:\/\/vocesparalelas.com.ar\/sitio\/wp-json\/wp\/v2\/media\/34190"}],"wp:attachment":[{"href":"https:\/\/vocesparalelas.com.ar\/sitio\/wp-json\/wp\/v2\/media?parent=67591"}],"wp:term":[{"taxonomy":"category","embeddable":true,"href":"https:\/\/vocesparalelas.com.ar\/sitio\/wp-json\/wp\/v2\/categories?post=67591"},{"taxonomy":"post_tag","embeddable":true,"href":"https:\/\/vocesparalelas.com.ar\/sitio\/wp-json\/wp\/v2\/tags?post=67591"}],"curies":[{"name":"wp","href":"https:\/\/api.w.org\/{rel}","templated":true}]}}