{"id":67575,"date":"2023-12-29T21:37:31","date_gmt":"2023-12-30T00:37:31","guid":{"rendered":"https:\/\/vocesparalelas.com.ar\/sitio\/?p=67575"},"modified":"2023-12-30T14:57:55","modified_gmt":"2023-12-30T17:57:55","slug":"se-insta-a-la-sociedad-evitar-el-uso-de-pirotecnia","status":"publish","type":"post","link":"https:\/\/vocesparalelas.com.ar\/sitio\/se-insta-a-la-sociedad-evitar-el-uso-de-pirotecnia\/","title":{"rendered":"Se insta a la sociedad evitar el uso de pirotecnia"},"content":{"rendered":"<p>El impacto sonoro y la poluci\u00f3n resultante afectan de manera significativa a diversas especies animales, ya sean domesticados o aquellos que se encuentran en entornos urbanos como fuera de ellos.<\/p>\n<p>Desde diferentes \u00e1reas de la Secretar\u00eda de Ambiente y Desarrollo Sustentables del Gobierno de San Juan insta a la sociedad a evitar el uso de pirotecnia, debido a la gran cantidad de consecuencias que estas provocan.<\/p>\n<p>Algunos de los da\u00f1os f\u00edsicos que provoca en animales el uso de la pirotecnia son los problemas auditivos. El sentido auditivo de muchos animales supera significativamente al humano en sensibilidad. En consecuencia, las detonaciones de fuegos artificiales no solo les resultan m\u00e1s inquietantes, sino que tambi\u00e9n pueden ocasionarles da\u00f1os severos en su capacidad auditiva.<\/p>\n<p>Los sonidos producidos por la pirotecnia tienen el potencial de inducir fobias en los animales, ya que pueden intensificar las respuestas de p\u00e1nico ante ruidos fuertes con la repetida exposici\u00f3n a ellos.<\/p>\n<p><img loading=\"lazy\" decoding=\"async\" class=\"alignnone size-large wp-image-26045\" src=\"https:\/\/vocesparalelas.com.ar\/sitio\/wp-content\/uploads\/2020\/01\/PIROTECNIA-NI\u00d1OS-800x374.jpg\" alt=\"\" width=\"800\" height=\"374\" srcset=\"https:\/\/vocesparalelas.com.ar\/sitio\/wp-content\/uploads\/2020\/01\/PIROTECNIA-NI\u00d1OS.jpg 800w, https:\/\/vocesparalelas.com.ar\/sitio\/wp-content\/uploads\/2020\/01\/PIROTECNIA-NI\u00d1OS-300x140.jpg 300w, https:\/\/vocesparalelas.com.ar\/sitio\/wp-content\/uploads\/2020\/01\/PIROTECNIA-NI\u00d1OS-768x359.jpg 768w\" sizes=\"auto, (max-width: 800px) 100vw, 800px\" \/><\/p>\n<p>En otro sentido, los fuegos artificiales contienen sustancias t\u00f3xicas, que, al estallar liberan part\u00edculas perjudiciales como el polvo fino, que es respirable, lo que puede agravar enfermedades preexistentes y provocar nuevas afecciones. Por lo tanto, los fuegos artificiales representan una amenaza para los animales que habitan en las \u00e1reas donde se detonan, as\u00ed como en lugares relativamente distantes cuando el viento transporta las part\u00edculas a una distancia considerable. Adem\u00e1s, existe el riesgo de que los animales ingieran productos pirot\u00e9cnicos.<\/p>\n<p>En el caso de la fauna silvestre, las m\u00e1s afectadas son las aves. El estruendo generado por los fuegos artificiales puede tener consecuencias graves para ellas, llegando incluso a desencadenar taquicardias y provocar la muerte. Este impacto se manifiesta en el abandono temporal o permanente de su entorno, evidenciando el nivel de estr\u00e9s que experimentan.<\/p>\n<p>La reacci\u00f3n de desorientaci\u00f3n y p\u00e1nico ante los fuegos artificiales puede llevar a que las aves colisionen contra edificios a nivel comportamental y nivel fisiol\u00f3gico tambi\u00e9n. Las especies de aves que anidan en altas densidades, enfrentan un mayor riesgo en este sentido durante las explosiones de petardos. Este fen\u00f3meno se debe a que, al huir de los sonidos, muchas aves se desorientan y tienen dificultades para regresar a sus nidos una vez que cesa el ruido, dejando a sus cr\u00edas en una situaci\u00f3n vulnerable y desamparada.<\/p>\n<p><strong><span style=\"color: #ff0000;\">\u00bfC\u00f3mo proteger las mascotas?<\/span><\/strong><\/p>\n<p>Frente a los numerosos efectos adversos que la pirotecnia provoca en la salud f\u00edsica de las mascotas, existe una serie de sugerencias para proteger y minimizar los da\u00f1os que los populares artefactos pueden causar en los animales.<\/p>\n<p><img loading=\"lazy\" decoding=\"async\" class=\"alignnone size-large wp-image-18316\" src=\"https:\/\/vocesparalelas.com.ar\/sitio\/wp-content\/uploads\/2019\/01\/gato-03-800x600.jpg\" alt=\"\" width=\"800\" height=\"600\" srcset=\"https:\/\/vocesparalelas.com.ar\/sitio\/wp-content\/uploads\/2019\/01\/gato-03-800x600.jpg 800w, https:\/\/vocesparalelas.com.ar\/sitio\/wp-content\/uploads\/2019\/01\/gato-03-300x225.jpg 300w, https:\/\/vocesparalelas.com.ar\/sitio\/wp-content\/uploads\/2019\/01\/gato-03-768x576.jpg 768w, https:\/\/vocesparalelas.com.ar\/sitio\/wp-content\/uploads\/2019\/01\/gato-03.jpg 1000w\" sizes=\"auto, (max-width: 800px) 100vw, 800px\" \/><\/p>\n<p>En el caso de las mascotas dom\u00e9sticas, se aconseja colocar a los animales en un entorno c\u00f3modo y seguro, provisto de sus juguetes habituales, comida, agua y alg\u00fan sonido familiar, o hasta m\u00fasica relajante. Asimismo, es recomendable mantenerlos en un lugar sin salidas cercanas para prevenir que, debido al p\u00e1nico, huyan asustados y se extrav\u00eden o lastimen.<\/p>\n<p>Es crucial destacar tambi\u00e9n que en ning\u00fan caso se debe administrar medicaci\u00f3n a las mascotas por cuenta propia. En situaciones en las que sea necesario un sedante para calmar una crisis nerviosa, este deber\u00e1 ser recetado y administrado exclusivamente por un profesional de la salud veterinaria, considerando factores como especie, peso y enfermedades que pueda padecer el animal, entre otros aspectos.<\/p>\n<p><img loading=\"lazy\" decoding=\"async\" class=\"alignnone size-full wp-image-51604\" src=\"https:\/\/vocesparalelas.com.ar\/sitio\/wp-content\/uploads\/2022\/08\/AMIGO-MASCOTA.jpg\" alt=\"\" width=\"800\" height=\"600\" srcset=\"https:\/\/vocesparalelas.com.ar\/sitio\/wp-content\/uploads\/2022\/08\/AMIGO-MASCOTA.jpg 800w, https:\/\/vocesparalelas.com.ar\/sitio\/wp-content\/uploads\/2022\/08\/AMIGO-MASCOTA-300x225.jpg 300w, https:\/\/vocesparalelas.com.ar\/sitio\/wp-content\/uploads\/2022\/08\/AMIGO-MASCOTA-768x576.jpg 768w\" sizes=\"auto, (max-width: 800px) 100vw, 800px\" \/><\/p>\n","protected":false},"excerpt":{"rendered":"<p>El impacto sonoro y la poluci\u00f3n resultante afectan de manera significativa a diversas especies animales, ya sean domesticados o aquellos<\/p>\n","protected":false},"author":3,"featured_media":18495,"comment_status":"closed","ping_status":"closed","sticky":false,"template":"","format":"standard","meta":{"_acf_changed":false,"_seopress_robots_primary_cat":"none","_seopress_titles_title":"","_seopress_titles_desc":"","_seopress_robots_index":"","colormag_page_container_layout":"default_layout","colormag_page_sidebar_layout":"default_layout","footnotes":""},"categories":[6],"tags":[],"class_list":["post-67575","post","type-post","status-publish","format-standard","has-post-thumbnail","hentry","category-eventos"],"acf":[],"_links":{"self":[{"href":"https:\/\/vocesparalelas.com.ar\/sitio\/wp-json\/wp\/v2\/posts\/67575","targetHints":{"allow":["GET"]}}],"collection":[{"href":"https:\/\/vocesparalelas.com.ar\/sitio\/wp-json\/wp\/v2\/posts"}],"about":[{"href":"https:\/\/vocesparalelas.com.ar\/sitio\/wp-json\/wp\/v2\/types\/post"}],"author":[{"embeddable":true,"href":"https:\/\/vocesparalelas.com.ar\/sitio\/wp-json\/wp\/v2\/users\/3"}],"replies":[{"embeddable":true,"href":"https:\/\/vocesparalelas.com.ar\/sitio\/wp-json\/wp\/v2\/comments?post=67575"}],"version-history":[{"count":4,"href":"https:\/\/vocesparalelas.com.ar\/sitio\/wp-json\/wp\/v2\/posts\/67575\/revisions"}],"predecessor-version":[{"id":67604,"href":"https:\/\/vocesparalelas.com.ar\/sitio\/wp-json\/wp\/v2\/posts\/67575\/revisions\/67604"}],"wp:featuredmedia":[{"embeddable":true,"href":"https:\/\/vocesparalelas.com.ar\/sitio\/wp-json\/wp\/v2\/media\/18495"}],"wp:attachment":[{"href":"https:\/\/vocesparalelas.com.ar\/sitio\/wp-json\/wp\/v2\/media?parent=67575"}],"wp:term":[{"taxonomy":"category","embeddable":true,"href":"https:\/\/vocesparalelas.com.ar\/sitio\/wp-json\/wp\/v2\/categories?post=67575"},{"taxonomy":"post_tag","embeddable":true,"href":"https:\/\/vocesparalelas.com.ar\/sitio\/wp-json\/wp\/v2\/tags?post=67575"}],"curies":[{"name":"wp","href":"https:\/\/api.w.org\/{rel}","templated":true}]}}