{"id":67561,"date":"2023-12-29T19:59:05","date_gmt":"2023-12-29T22:59:05","guid":{"rendered":"https:\/\/vocesparalelas.com.ar\/sitio\/?p=67561"},"modified":"2023-12-29T19:59:31","modified_gmt":"2023-12-29T22:59:31","slug":"san-juan-sostiene-los-fondos-solidarios-para-obras-de-infraestructura","status":"publish","type":"post","link":"https:\/\/vocesparalelas.com.ar\/sitio\/san-juan-sostiene-los-fondos-solidarios-para-obras-de-infraestructura\/","title":{"rendered":"San Juan sostiene los Fondos Solidarios para obras de infraestructura"},"content":{"rendered":"<p>La C\u00e1mara Argentina de la Construcci\u00f3n Delegaci\u00f3n San Juan apoy\u00f3 la decisi\u00f3n del gobernador, Dr. Marcelo Orrego de sostener los Fondos Solidarios para obras de infraestructura al servicio de la gente, que generan empleo y evitar que se utilicen para gastos corrientes en los municipios.<\/p>\n<p>Nota Presentada por la C\u00e1mara Argentina de la Construcci\u00f3n Delegaci\u00f3n San Juan<\/p>\n<p><img loading=\"lazy\" decoding=\"async\" class=\"alignnone size-full wp-image-67564\" src=\"https:\/\/vocesparalelas.com.ar\/sitio\/wp-content\/uploads\/2023\/12\/CAMARCO-LOGO.png\" alt=\"\" width=\"800\" height=\"218\" srcset=\"https:\/\/vocesparalelas.com.ar\/sitio\/wp-content\/uploads\/2023\/12\/CAMARCO-LOGO.png 800w, https:\/\/vocesparalelas.com.ar\/sitio\/wp-content\/uploads\/2023\/12\/CAMARCO-LOGO-300x82.png 300w, https:\/\/vocesparalelas.com.ar\/sitio\/wp-content\/uploads\/2023\/12\/CAMARCO-LOGO-768x209.png 768w\" sizes=\"auto, (max-width: 800px) 100vw, 800px\" \/><\/p>\n<p>&nbsp;<\/p>\n<p>&nbsp;<\/p>\n<p style=\"text-align: right;\">San Juan, 26 de diciembre de 2023<\/p>\n<p>Sr. Gobernador<br \/>\nDe la Provincia de San Juan<br \/>\nDr. Marcelo Orrego<\/p>\n<p>S \/ D<\/p>\n<p style=\"text-align: right;\">Ref.: Solicitud consideraci\u00f3n de Veto proyecto<br \/>\nLey destino fondos FODERE y FEM<\/p>\n<p>De nuestra consideraci\u00f3n<\/p>\n<p>Nos dirigimos a Ud. con referencia a la Ley que fuera aprobada por la Legislatura Provincial recientemente, la que dispuso que los recursos de un fondo para obras (FODERE) y otro para emergencias (FEM) deber\u00e1n pasar a ser parte de la coparticipaci\u00f3n municipal en la provincia.<\/p>\n<p>Dicha Ley, de ser promulgada, afecta severamente a la obra p\u00fablica provincial y en definitiva a la planificaci\u00f3n de la totalidad de la obra p\u00fablica mir\u00e1ndola como un todo.<\/p>\n<p>Si se promulgara la Ley, el destino de recursos terminar\u00edan malgast\u00e1ndose al disgregarse sin una coordinaci\u00f3n \u00fanica ya que cada municipio tiene, como es l\u00f3gico, una mirada parcial sobre el tema acotada a la realidad y necesidad de cada uno de ellos. Abona esta situaci\u00f3n, el considerar que ante la magnitud de la crisis macroecon\u00f3mica que atraviesa el Pa\u00eds, los escasos fondos tanto Nacionales como Provinciales, la mejor forma de administrar la crisis es concentrar en el Gobierno Provincial<br \/>\nlos escases y las consecuentes tomas de decisiones.<\/p>\n<p>Por otro lado, podr\u00eda verse afectada la gobernabilidad atento a que la provincia ya viene siendo impactada por la la baja que se est\u00e1 produciendo en la recaudaci\u00f3n de la coparticipaci\u00f3n de impuestos nacionales a las ganancias e IVA.<\/p>\n<p>Por otro lado, los Municipios deber\u00e1n de todas formas depender de las estructuras del gobierno provincial en cuanto a las aprobaciones por parte de la Direcci\u00f3n de Planeamiento y Desarrollo Urbano, organismo que es el que planifica el uso de suelo, controla la documentaci\u00f3n e inspecciona las obras en todo el territorio provincial, por ser el \u00f3rgano que posee el poder de polic\u00eda.<\/p>\n<p>Entendemos que ser\u00eda de acertado criterio vetar dicho proyecto de ley en beneficio de todos los sanjuaninos, que se ver\u00edan afectados por la no ejecuci\u00f3n de las obras p\u00fablicas con la eficiencia en el uso de los escasos recursos, tanto en tiempo como en forma, vilipendiando los mismos por el efecto financiero actual con tasas activas del m\u00e1s del 15% mensual.<\/p>\n<p>Tambi\u00e9n hay que destacar que el presupuesto destinado a obra p\u00fablica que la provincia ten\u00eda como objetivo era de alrededor del 30% del total, habiendo a\u00f1os en los que se ha destinado ese porcentaje; el que lamentablemente ha bajado \u00faltimamente a valores menores, deber\u00eda ser una meta a alcanzar, garantizando de esa manera una adecuada infraestructura suficientemente fuerte para consolidar la actividad privada que la necesita y brindar infraestructura social acorde a los tiempos que vivimos.<\/p>\n<p>Por los motivos antes expuestos, en el entendimiento de un posible da\u00f1o irreparable para el futuro de la provincia, al no contar los Municipios con una visi\u00f3n global y macro de las medidas y decisiones p\u00fablicas a adoptarse en el marco de la presente crisis, es decir, en la definici\u00f3n por parte del Gobierno de la Provincia de San Juan de qu\u00e9 Obras P\u00fablicas deben ejecutarse, d\u00f3nde y c\u00f3mo deben hacerse, administrando una priorizaci\u00f3n de las mismas que hagan que todo funcione como un sistema \u00fanico.<\/p>\n<p>Sin otro particular y a la espera de una decisi\u00f3n favorable, lo saludamos con la m\u00e1s alta consideraci\u00f3n y respeto.<\/p>\n<p>Dr. Juan Manuel Galvarini\u00a0 \u00a0 \u00a0 \u00a0 \u00a0 \u00a0 \u00a0 \u00a0 \u00a0 \u00a0 \u00a0 \u00a0 \u00a0 \u00a0 \u00a0 \u00a0 \u00a0 \u00a0 \u00a0 \u00a0 \u00a0 \u00a0 \u00a0 \u00a0 \u00a0 \u00a0 \u00a0 \u00a0 \u00a0 \u00a0 \u00a0 \u00a0 \u00a0 \u00a0 Sr. Ram\u00f3n Mart\u00ednez<\/p>\n<p>Presidente\u00a0 \u00a0 \u00a0 \u00a0 \u00a0 \u00a0 \u00a0 \u00a0 \u00a0 \u00a0 \u00a0 \u00a0 \u00a0 \u00a0 \u00a0 \u00a0 \u00a0 \u00a0 \u00a0 \u00a0 \u00a0 \u00a0 \u00a0 \u00a0 \u00a0 \u00a0 \u00a0 \u00a0 \u00a0 \u00a0 \u00a0 \u00a0 \u00a0 \u00a0 \u00a0 \u00a0 \u00a0 \u00a0 \u00a0 \u00a0 \u00a0 \u00a0 \u00a0 \u00a0 \u00a0 \u00a0 \u00a0 \u00a0 \u00a0Secretario<br \/>\nC\u00e1mara Argentina de la Construcci\u00f3n\u00a0 \u00a0 \u00a0 \u00a0 \u00a0 \u00a0 \u00a0 \u00a0 \u00a0 \u00a0 \u00a0 \u00a0 \u00a0 \u00a0 \u00a0 \u00a0 \u00a0 \u00a0 \u00a0 \u00a0 \u00a0 C\u00e1mara Argentina de la Construcci\u00f3n Delegaci\u00f3n San Juan\u00a0 \u00a0 \u00a0 \u00a0 \u00a0 \u00a0 \u00a0 \u00a0 \u00a0 \u00a0 \u00a0 \u00a0 \u00a0 \u00a0 \u00a0 \u00a0 \u00a0 \u00a0 \u00a0 \u00a0 \u00a0 \u00a0 \u00a0 \u00a0 \u00a0 \u00a0 \u00a0 \u00a0 \u00a0 \u00a0 \u00a0 \u00a0 \u00a0 \u00a0 \u00a0 \u00a0 \u00a0 \u00a0 \u00a0 \u00a0 \u00a0 \u00a0 \u00a0 \u00a0 \u00a0 Delegaci\u00f3n San Juan<\/p>\n<p>&nbsp;<\/p>\n<p>&nbsp;<\/p>\n<p><img loading=\"lazy\" decoding=\"async\" class=\"alignnone size-full wp-image-67564\" src=\"https:\/\/vocesparalelas.com.ar\/sitio\/wp-content\/uploads\/2023\/12\/CAMARCO-LOGO.png\" alt=\"\" width=\"800\" height=\"218\" srcset=\"https:\/\/vocesparalelas.com.ar\/sitio\/wp-content\/uploads\/2023\/12\/CAMARCO-LOGO.png 800w, https:\/\/vocesparalelas.com.ar\/sitio\/wp-content\/uploads\/2023\/12\/CAMARCO-LOGO-300x82.png 300w, https:\/\/vocesparalelas.com.ar\/sitio\/wp-content\/uploads\/2023\/12\/CAMARCO-LOGO-768x209.png 768w\" sizes=\"auto, (max-width: 800px) 100vw, 800px\" \/><\/p>\n<p>&nbsp;<\/p>\n<p>&nbsp;<\/p>\n<p>&nbsp;<\/p>\n","protected":false},"excerpt":{"rendered":"<p>La C\u00e1mara Argentina de la Construcci\u00f3n Delegaci\u00f3n San Juan apoy\u00f3 la decisi\u00f3n del gobernador, Dr. Marcelo Orrego de sostener los<\/p>\n","protected":false},"author":3,"featured_media":59146,"comment_status":"closed","ping_status":"closed","sticky":false,"template":"","format":"standard","meta":{"_acf_changed":false,"_seopress_robots_primary_cat":"none","_seopress_titles_title":"","_seopress_titles_desc":"","_seopress_robots_index":"","colormag_page_container_layout":"default_layout","colormag_page_sidebar_layout":"default_layout","footnotes":""},"categories":[1],"tags":[],"class_list":["post-67561","post","type-post","status-publish","format-standard","has-post-thumbnail","hentry","category-destacadas"],"acf":[],"_links":{"self":[{"href":"https:\/\/vocesparalelas.com.ar\/sitio\/wp-json\/wp\/v2\/posts\/67561","targetHints":{"allow":["GET"]}}],"collection":[{"href":"https:\/\/vocesparalelas.com.ar\/sitio\/wp-json\/wp\/v2\/posts"}],"about":[{"href":"https:\/\/vocesparalelas.com.ar\/sitio\/wp-json\/wp\/v2\/types\/post"}],"author":[{"embeddable":true,"href":"https:\/\/vocesparalelas.com.ar\/sitio\/wp-json\/wp\/v2\/users\/3"}],"replies":[{"embeddable":true,"href":"https:\/\/vocesparalelas.com.ar\/sitio\/wp-json\/wp\/v2\/comments?post=67561"}],"version-history":[{"count":2,"href":"https:\/\/vocesparalelas.com.ar\/sitio\/wp-json\/wp\/v2\/posts\/67561\/revisions"}],"predecessor-version":[{"id":67566,"href":"https:\/\/vocesparalelas.com.ar\/sitio\/wp-json\/wp\/v2\/posts\/67561\/revisions\/67566"}],"wp:featuredmedia":[{"embeddable":true,"href":"https:\/\/vocesparalelas.com.ar\/sitio\/wp-json\/wp\/v2\/media\/59146"}],"wp:attachment":[{"href":"https:\/\/vocesparalelas.com.ar\/sitio\/wp-json\/wp\/v2\/media?parent=67561"}],"wp:term":[{"taxonomy":"category","embeddable":true,"href":"https:\/\/vocesparalelas.com.ar\/sitio\/wp-json\/wp\/v2\/categories?post=67561"},{"taxonomy":"post_tag","embeddable":true,"href":"https:\/\/vocesparalelas.com.ar\/sitio\/wp-json\/wp\/v2\/tags?post=67561"}],"curies":[{"name":"wp","href":"https:\/\/api.w.org\/{rel}","templated":true}]}}