{"id":67541,"date":"2023-12-29T18:29:17","date_gmt":"2023-12-29T21:29:17","guid":{"rendered":"https:\/\/vocesparalelas.com.ar\/sitio\/?p=67541"},"modified":"2023-12-29T18:33:14","modified_gmt":"2023-12-29T21:33:14","slug":"asumieron-los-vocales-del-tribunal-de-cuenta-de-san-juan","status":"publish","type":"post","link":"https:\/\/vocesparalelas.com.ar\/sitio\/asumieron-los-vocales-del-tribunal-de-cuenta-de-san-juan\/","title":{"rendered":"Asumieron los Vocales del Tribunal de Cuenta de San Juan"},"content":{"rendered":"<div class=\"itemFullText jbintrotext\">\n<p>El vicegobernador y presidente nato de la C\u00e1mara de Diputados de San Juan, Dr. Fabian Martin, tom\u00f3 juramento a los dos vocales miembros del Tribunal de Cuentas de San Juan, designados por la C\u00e1mara de Diputados en la Primera Sesi\u00f3n del per\u00edodo Extraordinario 2023.<\/p>\n<p><strong><span style=\"color: #993366;\">Para hacer memoria<\/span><\/strong><\/p>\n<blockquote class=\"wp-embedded-content\" data-secret=\"KrGfVoaLgb\"><p><a href=\"https:\/\/vocesparalelas.com.ar\/sitio\/finalizo-la-sesion-extraordinaria-2023-de-la-camara-de-diputados-de-san-juan\/\">Finaliz\u00f3 la Sesi\u00f3n extraordinaria 2023 de la C\u00e1mara de Diputados de San Juan<\/a><\/p><\/blockquote>\n<p><iframe loading=\"lazy\" class=\"wp-embedded-content\" sandbox=\"allow-scripts\" security=\"restricted\" style=\"position: absolute; clip: rect(1px, 1px, 1px, 1px);\" title=\"\u00abFinaliz\u00f3 la Sesi\u00f3n extraordinaria 2023 de la C\u00e1mara de Diputados de San Juan\u00bb \u2014 Voces Paralelas\" src=\"https:\/\/vocesparalelas.com.ar\/sitio\/finalizo-la-sesion-extraordinaria-2023-de-la-camara-de-diputados-de-san-juan\/embed\/#?secret=1VeTsc0jNV#?secret=KrGfVoaLgb\" data-secret=\"KrGfVoaLgb\" width=\"600\" height=\"338\" frameborder=\"0\" marginwidth=\"0\" marginheight=\"0\" scrolling=\"no\"><\/iframe><\/p>\n<\/div>\n<div class=\"itemFullText\">\n<p>La ceremonia fue cumplida en el Tribunal de Cuentas en el Centro C\u00edvico y en la ocasi\u00f3n asistieron los legisladores provinciales, Dr. Juan Cruz C\u00f3rdoba y Luis Rueda; el presidente del Tribunal de Cuentas, Dr. Pablo Garc\u00eda Nieto; el vicepresidente Elio Ram\u00f3n Frack; el vocal permanente del organismo, CPN Juan Flores, otros funcionarios, invitados especiales y familiares y amigos de los flamantes vocales.<\/p>\n<p>En primer t\u00e9rmino, el titular del Poder Legislativo, Dr. Fabi\u00e1n Mart\u00edn tom\u00f3 el juramento de estilo al 1\u00b0 vocal del Tribunal de Cuentas, CPN Enrique Edgardo Conti y luego, hizo lo propio con el 2\u00b0 vocal del Tribunal de Cuentas, CPN Daniel Orlando P\u00e9rez Celed\u00f3n, luego de lo cual recibieron la Resoluci\u00f3n N\u00ba 158 aprobada por la C\u00e1mara de Diputados.<\/p>\n<\/div>\n<p><iframe loading=\"lazy\" title=\"CPN ENRIQUE CONTI\" width=\"800\" height=\"450\" src=\"https:\/\/www.youtube.com\/embed\/Rfgu_QO4r6o?feature=oembed\" frameborder=\"0\" allow=\"accelerometer; autoplay; clipboard-write; encrypted-media; gyroscope; picture-in-picture; web-share\" allowfullscreen><\/iframe><\/p>\n<p>&nbsp;<\/p>\n<p><img loading=\"lazy\" decoding=\"async\" class=\"size-full wp-image-67548\" src=\"https:\/\/vocesparalelas.com.ar\/sitio\/wp-content\/uploads\/2023\/12\/TRIBUNAL-CUENTA-05.jpg\" alt=\"\" width=\"800\" height=\"533\" srcset=\"https:\/\/vocesparalelas.com.ar\/sitio\/wp-content\/uploads\/2023\/12\/TRIBUNAL-CUENTA-05.jpg 800w, https:\/\/vocesparalelas.com.ar\/sitio\/wp-content\/uploads\/2023\/12\/TRIBUNAL-CUENTA-05-300x200.jpg 300w, https:\/\/vocesparalelas.com.ar\/sitio\/wp-content\/uploads\/2023\/12\/TRIBUNAL-CUENTA-05-768x512.jpg 768w\" sizes=\"auto, (max-width: 800px) 100vw, 800px\" \/><\/p>\n<p>El Vicegobernador de San Juan, Dr. Fabi\u00e1n Mart\u00edn junto al 1\u00b0 vocal del Tribunal de Cuentas, CPN Enrique Edgardo Conti<\/p>\n<figure id=\"attachment_67549\" aria-describedby=\"caption-attachment-67549\" style=\"width: 800px\" class=\"wp-caption alignnone\"><img loading=\"lazy\" decoding=\"async\" class=\"size-full wp-image-67549\" src=\"https:\/\/vocesparalelas.com.ar\/sitio\/wp-content\/uploads\/2023\/12\/TRIBUNAL-CUENTA-06.jpg\" alt=\"\" width=\"800\" height=\"533\" srcset=\"https:\/\/vocesparalelas.com.ar\/sitio\/wp-content\/uploads\/2023\/12\/TRIBUNAL-CUENTA-06.jpg 800w, https:\/\/vocesparalelas.com.ar\/sitio\/wp-content\/uploads\/2023\/12\/TRIBUNAL-CUENTA-06-300x200.jpg 300w, https:\/\/vocesparalelas.com.ar\/sitio\/wp-content\/uploads\/2023\/12\/TRIBUNAL-CUENTA-06-768x512.jpg 768w\" sizes=\"auto, (max-width: 800px) 100vw, 800px\" \/><figcaption id=\"caption-attachment-67549\" class=\"wp-caption-text\">El Vicegobernador de San Juan, Dr. Fabi\u00e1n Mart\u00edn junto al 2\u00b0 vocal del Tribunal de Cuentas, CPN Daniel Orlando P\u00e9rez Celed\u00f3n<\/figcaption><\/figure>\n<div class=\"itemFullText\">\n<p>Seguidamente, el titular del Tribunal de Cuentas, Dr. Pablo Garc\u00eda Nieto, expres\u00f3 su agradecimiento para con el personal del organismo y a los flamantes vocales designados por \u201cabrirnos las puertas del Tribunal, y su generosidad para ense\u00f1arnos, fijar objetivos para cumplir con el compromiso de este organismo de honrar el mandato que nos han dado con nuestra conducta y con mucho trabajo\u201d.<\/p>\n<p><iframe loading=\"lazy\" title=\"DR PAGLO GARCIA NIETO\" width=\"800\" height=\"450\" src=\"https:\/\/www.youtube.com\/embed\/IGCtBZMS9KA?feature=oembed\" frameborder=\"0\" allow=\"accelerometer; autoplay; clipboard-write; encrypted-media; gyroscope; picture-in-picture; web-share\" allowfullscreen><\/iframe><\/p>\n<p>A continuaci\u00f3n, dirigi\u00f3 unas palabras a los presentes el vicegobernador y presidente nato de la C\u00e1mara de Diputados, Dr. Fabi\u00e1n Mart\u00edn, quien entre otros conceptos expres\u00f3 que \u201ceste importante organismo de nuestra provincia tiene una ardua tarea y a los vocales les toca continuar con la misma. El Tribunal tiene una inmensa responsabilidad que es precisamente fiscalizar, controlar todas las cuentas p\u00fablicas de los distintos organismos\u00bb.<\/p>\n<p><iframe loading=\"lazy\" title=\"VICEGOBERNADOR SAN JUAN DR FABI\u00c1N MART\u00cdN\" width=\"800\" height=\"450\" src=\"https:\/\/www.youtube.com\/embed\/zMNSx3Eg6AI?feature=oembed\" frameborder=\"0\" allow=\"accelerometer; autoplay; clipboard-write; encrypted-media; gyroscope; picture-in-picture; web-share\" allowfullscreen><\/iframe><\/p>\n<p><strong><span style=\"color: #993366;\">Sobre el Art\u00edculo 258\u00ba de la Constituci\u00f3n Provincial\u00a0\u00a0\u00a0<\/span><\/strong><\/p>\n<p>El art\u00edculo 258\u00ba de la Constituci\u00f3n, establece que \u201clos miembros del Tribunal de Cuentas son elegidos de la siguiente manera:<\/p>\n<p>1\u00ba. El Presidente, el Vicepresidente, y uno de los Vocales por la C\u00e1mara de Diputados a propuesta del Poder Ejecutivo, conservando sus cargos mientras dure su buena conducta y cumplan las obligaciones legales conforme a las disposiciones de esta Constituci\u00f3n.<\/p>\n<p>2\u00ba. Los dos Vocales restantes, por la C\u00e1mara de Diputados a propuesta de uno por cada bloque de los partidos que hubieran obtenido representaci\u00f3n en ese cuerpo en orden subsiguiente al partido mayoritario, durando en sus cargos el mismo per\u00edodo que los diputados, pudiendo ser reelectos. En el caso de resultar una sola minor\u00eda, \u00e9sta propondr\u00e1 los dos Vocales\u201d.<\/p>\n<\/div>\n<p><img loading=\"lazy\" decoding=\"async\" class=\"alignnone size-large wp-image-5037\" src=\"https:\/\/vocesparalelas.com.ar\/sitio\/wp-content\/uploads\/2017\/09\/CENTRO-CIVICO-1-800x600.jpg\" alt=\"\" width=\"800\" height=\"600\" srcset=\"https:\/\/vocesparalelas.com.ar\/sitio\/wp-content\/uploads\/2017\/09\/CENTRO-CIVICO-1-800x600.jpg 800w, https:\/\/vocesparalelas.com.ar\/sitio\/wp-content\/uploads\/2017\/09\/CENTRO-CIVICO-1-300x225.jpg 300w, https:\/\/vocesparalelas.com.ar\/sitio\/wp-content\/uploads\/2017\/09\/CENTRO-CIVICO-1-768x576.jpg 768w, https:\/\/vocesparalelas.com.ar\/sitio\/wp-content\/uploads\/2017\/09\/CENTRO-CIVICO-1.jpg 1024w\" sizes=\"auto, (max-width: 800px) 100vw, 800px\" \/><\/p>\n","protected":false},"excerpt":{"rendered":"<p>El vicegobernador y presidente nato de la C\u00e1mara de Diputados de San Juan, Dr. Fabian Martin, tom\u00f3 juramento a los<\/p>\n","protected":false},"author":3,"featured_media":67547,"comment_status":"closed","ping_status":"closed","sticky":false,"template":"","format":"standard","meta":{"_acf_changed":false,"_seopress_robots_primary_cat":"none","_seopress_titles_title":"","_seopress_titles_desc":"","_seopress_robots_index":"","colormag_page_container_layout":"default_layout","colormag_page_sidebar_layout":"default_layout","footnotes":""},"categories":[1,7],"tags":[],"class_list":["post-67541","post","type-post","status-publish","format-standard","has-post-thumbnail","hentry","category-destacadas","category-videos"],"acf":[],"_links":{"self":[{"href":"https:\/\/vocesparalelas.com.ar\/sitio\/wp-json\/wp\/v2\/posts\/67541","targetHints":{"allow":["GET"]}}],"collection":[{"href":"https:\/\/vocesparalelas.com.ar\/sitio\/wp-json\/wp\/v2\/posts"}],"about":[{"href":"https:\/\/vocesparalelas.com.ar\/sitio\/wp-json\/wp\/v2\/types\/post"}],"author":[{"embeddable":true,"href":"https:\/\/vocesparalelas.com.ar\/sitio\/wp-json\/wp\/v2\/users\/3"}],"replies":[{"embeddable":true,"href":"https:\/\/vocesparalelas.com.ar\/sitio\/wp-json\/wp\/v2\/comments?post=67541"}],"version-history":[{"count":2,"href":"https:\/\/vocesparalelas.com.ar\/sitio\/wp-json\/wp\/v2\/posts\/67541\/revisions"}],"predecessor-version":[{"id":67551,"href":"https:\/\/vocesparalelas.com.ar\/sitio\/wp-json\/wp\/v2\/posts\/67541\/revisions\/67551"}],"wp:featuredmedia":[{"embeddable":true,"href":"https:\/\/vocesparalelas.com.ar\/sitio\/wp-json\/wp\/v2\/media\/67547"}],"wp:attachment":[{"href":"https:\/\/vocesparalelas.com.ar\/sitio\/wp-json\/wp\/v2\/media?parent=67541"}],"wp:term":[{"taxonomy":"category","embeddable":true,"href":"https:\/\/vocesparalelas.com.ar\/sitio\/wp-json\/wp\/v2\/categories?post=67541"},{"taxonomy":"post_tag","embeddable":true,"href":"https:\/\/vocesparalelas.com.ar\/sitio\/wp-json\/wp\/v2\/tags?post=67541"}],"curies":[{"name":"wp","href":"https:\/\/api.w.org\/{rel}","templated":true}]}}