{"id":67530,"date":"2023-12-28T23:44:41","date_gmt":"2023-12-29T02:44:41","guid":{"rendered":"https:\/\/vocesparalelas.com.ar\/sitio\/?p=67530"},"modified":"2023-12-29T22:39:27","modified_gmt":"2023-12-30T01:39:27","slug":"se-logro-acordar-en-san-juan-la-suba-del-boleto-del-transporte-publico-de-200","status":"publish","type":"post","link":"https:\/\/vocesparalelas.com.ar\/sitio\/se-logro-acordar-en-san-juan-la-suba-del-boleto-del-transporte-publico-de-200\/","title":{"rendered":"Se logr\u00f3 acordar en San Juan la suba del boleto del Transporte P\u00fablico de $200"},"content":{"rendered":"<p>Luego de una serie de reuniones, el Gobierno de San Juan realiz\u00f3 el mayor de los esfuerzos para contener el impacto del inminente aumento tarifario.<\/p>\n<p>El Jueves, 28 de Diciembre, por la noche, la ministra de Gobierno de San Juan, Dra. Laura Palma, junto con autoridades de la Secretar\u00eda de Tr\u00e1nsito y Transporte; el secretario general de la Gobernaci\u00f3n, Lic. Emilio Achem, el ministro de Econom\u00eda, Finanzas y Hacienda, CPN Roberto Guti\u00e9rrez y los representantes gremiales de ATAP, llegaron a un acuerdo luego de analizar con cautela y detalle cada uno de los puntos, para as\u00ed lograr el menor impacto del incremento en el bolsillo de los usuarios de San Juan. La \u00faltima reuni\u00f3n dur\u00f3 varias horas y las partes manifestaron su mayor voluntad.<\/p>\n<p>Tras varios meses sin modificaciones en la tarifa y con el pedido de las autoridades del gremio que nuclea al transporte, atendiendo a la situaci\u00f3n cr\u00edtica de atraviesa el pa\u00eds, se logr\u00f3 acordar la suba del boleto en $200.<\/p>\n<p>En ese sentido, el transporte p\u00fablico de pasajeros en la provincia de San Juan es en promedio, uno de los m\u00e1s econ\u00f3micos, teniendo en cuenta los incrementos que se vieron reflejados en distritos y provincias de la Rep\u00fablica Argentina. El incremento impacta a partir de la segunda quincena de Enero de 2024.<\/p>\n<p><img loading=\"lazy\" decoding=\"async\" class=\"alignnone size-full wp-image-48167\" src=\"https:\/\/vocesparalelas.com.ar\/sitio\/wp-content\/uploads\/2022\/04\/REDTULUM-REANUDA-01.jpg\" alt=\"\" width=\"800\" height=\"600\" srcset=\"https:\/\/vocesparalelas.com.ar\/sitio\/wp-content\/uploads\/2022\/04\/REDTULUM-REANUDA-01.jpg 800w, https:\/\/vocesparalelas.com.ar\/sitio\/wp-content\/uploads\/2022\/04\/REDTULUM-REANUDA-01-300x225.jpg 300w, https:\/\/vocesparalelas.com.ar\/sitio\/wp-content\/uploads\/2022\/04\/REDTULUM-REANUDA-01-768x576.jpg 768w\" sizes=\"auto, (max-width: 800px) 100vw, 800px\" \/><\/p>\n<p><img loading=\"lazy\" decoding=\"async\" class=\"alignnone size-full wp-image-59964\" src=\"https:\/\/vocesparalelas.com.ar\/sitio\/wp-content\/uploads\/2023\/06\/BANDERA-SAN-JUAN.jpg\" alt=\"\" width=\"800\" height=\"600\" srcset=\"https:\/\/vocesparalelas.com.ar\/sitio\/wp-content\/uploads\/2023\/06\/BANDERA-SAN-JUAN.jpg 800w, https:\/\/vocesparalelas.com.ar\/sitio\/wp-content\/uploads\/2023\/06\/BANDERA-SAN-JUAN-300x225.jpg 300w, https:\/\/vocesparalelas.com.ar\/sitio\/wp-content\/uploads\/2023\/06\/BANDERA-SAN-JUAN-768x576.jpg 768w\" sizes=\"auto, (max-width: 800px) 100vw, 800px\" \/><\/p>\n<p>&nbsp;<\/p>\n","protected":false},"excerpt":{"rendered":"<p>Luego de una serie de reuniones, el Gobierno de San Juan realiz\u00f3 el mayor de los esfuerzos para contener el<\/p>\n","protected":false},"author":3,"featured_media":26759,"comment_status":"closed","ping_status":"closed","sticky":false,"template":"","format":"standard","meta":{"_acf_changed":false,"_seopress_robots_primary_cat":"none","_seopress_titles_title":"","_seopress_titles_desc":"","_seopress_robots_index":"","colormag_page_container_layout":"default_layout","colormag_page_sidebar_layout":"default_layout","footnotes":""},"categories":[2],"tags":[],"class_list":["post-67530","post","type-post","status-publish","format-standard","has-post-thumbnail","hentry","category-convocatorias"],"acf":[],"_links":{"self":[{"href":"https:\/\/vocesparalelas.com.ar\/sitio\/wp-json\/wp\/v2\/posts\/67530","targetHints":{"allow":["GET"]}}],"collection":[{"href":"https:\/\/vocesparalelas.com.ar\/sitio\/wp-json\/wp\/v2\/posts"}],"about":[{"href":"https:\/\/vocesparalelas.com.ar\/sitio\/wp-json\/wp\/v2\/types\/post"}],"author":[{"embeddable":true,"href":"https:\/\/vocesparalelas.com.ar\/sitio\/wp-json\/wp\/v2\/users\/3"}],"replies":[{"embeddable":true,"href":"https:\/\/vocesparalelas.com.ar\/sitio\/wp-json\/wp\/v2\/comments?post=67530"}],"version-history":[{"count":3,"href":"https:\/\/vocesparalelas.com.ar\/sitio\/wp-json\/wp\/v2\/posts\/67530\/revisions"}],"predecessor-version":[{"id":67535,"href":"https:\/\/vocesparalelas.com.ar\/sitio\/wp-json\/wp\/v2\/posts\/67530\/revisions\/67535"}],"wp:featuredmedia":[{"embeddable":true,"href":"https:\/\/vocesparalelas.com.ar\/sitio\/wp-json\/wp\/v2\/media\/26759"}],"wp:attachment":[{"href":"https:\/\/vocesparalelas.com.ar\/sitio\/wp-json\/wp\/v2\/media?parent=67530"}],"wp:term":[{"taxonomy":"category","embeddable":true,"href":"https:\/\/vocesparalelas.com.ar\/sitio\/wp-json\/wp\/v2\/categories?post=67530"},{"taxonomy":"post_tag","embeddable":true,"href":"https:\/\/vocesparalelas.com.ar\/sitio\/wp-json\/wp\/v2\/tags?post=67530"}],"curies":[{"name":"wp","href":"https:\/\/api.w.org\/{rel}","templated":true}]}}