{"id":67518,"date":"2023-12-28T22:53:36","date_gmt":"2023-12-29T01:53:36","guid":{"rendered":"https:\/\/vocesparalelas.com.ar\/sitio\/?p=67518"},"modified":"2023-12-30T00:07:38","modified_gmt":"2023-12-30T03:07:38","slug":"se-aprobo-la-ley-impositiva-2024-de-san-juan","status":"publish","type":"post","link":"https:\/\/vocesparalelas.com.ar\/sitio\/se-aprobo-la-ley-impositiva-2024-de-san-juan\/","title":{"rendered":"Se aprob\u00f3 la Ley Impositiva 2024 de San Juan"},"content":{"rendered":"<div class=\"itemFullText jbintrotext\">\n<p>La Legislatura de San Juan realiz\u00f3 la Segunda Sesi\u00f3n Extraordinaria presidida por el vicegobernador y presidente nato de la C\u00e1mara de Diputados, Dr. Fabi\u00e1n Mart\u00edn, quien estuvo acompa\u00f1ado por los secretarios Legislativo, Dr. Gustavo Velert y Administrativo, CPN Jorge Fern\u00e1ndez.<\/p>\n<\/div>\n<div class=\"itemFullText\">\n<p>En el inicio de la sesi\u00f3n se incorpor\u00f3 sobre tablas el Expediente N\u00ba 3550-2023 por parte del diputado Gabriel Escudero, y se remiti\u00f3 a la Comisi\u00f3n Permanente para su tratamiento.<\/p>\n<p>A continuaci\u00f3n, se sancion\u00f3 con fuerza de Ley el Proyecto presentado por el Poder Ejecutivo, mensaje N\u00ba 111, por el que se dispone la determinaci\u00f3n, liquidaci\u00f3n y percepci\u00f3n de las obligaciones fiscales establecidas en el C\u00f3digo Tributario de la Provincia, Ley N\u00ba 151-I, correspondiente al A\u00f1o Fiscal 2024.<\/p>\n<p>Finalmente, se incorpor\u00f3 y aprob\u00f3 sobre tablas el Expediente 3544-2023, respecto al Proyecto de Declaraci\u00f3n de Inter\u00e9s Social, Cultural, Recreativo y Tur\u00edstico de la 36\u00ba Edici\u00f3n de la \u00abFiesta Provincial de la Semilla y la Manzana\u00bb.<\/p>\n<p><strong><span style=\"color: #800080;\">Ley Impositiva 2024<\/span><\/strong><\/p>\n<p>A trav\u00e9s del Expediente 3506-2023 se incorpor\u00f3 el mensaje N\u00ba 111 del Poder Ejecutivo, que fue aprobado por unanimidad de la C\u00e1mara. Dicho Proyecto de Ley expresa su finalidad en el art\u00edculo 1\u00ba: \u00abLa determinaci\u00f3n, liquidaci\u00f3n y percepci\u00f3n de las obligaciones fiscales establecidas en el C\u00f3digo Tributario de la Provincia, Ley N\u00ba 151-I, correspondientes al A\u00f1o Fiscal 2024, se efect\u00faa conforme a las disposiciones de los art\u00edculos siguientes\u00bb.<\/p>\n<figure id=\"attachment_67522\" aria-describedby=\"caption-attachment-67522\" style=\"width: 800px\" class=\"wp-caption alignnone\"><img loading=\"lazy\" decoding=\"async\" class=\"size-full wp-image-67522\" src=\"https:\/\/vocesparalelas.com.ar\/sitio\/wp-content\/uploads\/2023\/12\/diputada-Dra.-Maria-Rita-Lascano.jpg\" alt=\"\" width=\"800\" height=\"576\" srcset=\"https:\/\/vocesparalelas.com.ar\/sitio\/wp-content\/uploads\/2023\/12\/diputada-Dra.-Maria-Rita-Lascano.jpg 800w, https:\/\/vocesparalelas.com.ar\/sitio\/wp-content\/uploads\/2023\/12\/diputada-Dra.-Maria-Rita-Lascano-300x216.jpg 300w, https:\/\/vocesparalelas.com.ar\/sitio\/wp-content\/uploads\/2023\/12\/diputada-Dra.-Maria-Rita-Lascano-768x553.jpg 768w\" sizes=\"auto, (max-width: 800px) 100vw, 800px\" \/><figcaption id=\"caption-attachment-67522\" class=\"wp-caption-text\">Diputada Dra. Mar\u00eda Rita Lascano<\/figcaption><\/figure>\n<p>En el uso de la palabra, la diputada Dra. Mar\u00eda Rita Lascano destac\u00f3 el trabajo conjunto con la gesti\u00f3n saliente del Ministerio de Hacienda y Finanzas para la redacci\u00f3n del proyecto; y el trabajo de la Comisi\u00f3n Permanente, con gran predisposici\u00f3n del Director de Rentas de la provincia, Marcos Roca, quien dio detalles y explic\u00f3 las dudas existentes.<\/p>\n<p>Respecto a los detalles de la norma, la legisladora provincial explic\u00f3 que \u00abno hubo modificaciones en las al\u00edcuotas de los principales impuestos, ya sean inmobiliarios, automotor y sellos. El monto m\u00ednimo a tributar del impuesto inmobiliario el a\u00f1o pr\u00f3ximo va a pasar de $1000 a $5000, aval\u00fao fiscal que viene retrasado respecto a la inflaci\u00f3n fue determinado por la Direcci\u00f3n de Cat\u00e1stro. En el caso del impuesto a la radicaci\u00f3n de automotores, el monto m\u00ednimo a tributar aumenta en el caso de las motos de $800 que estaba fijado para este a\u00f1o 2023 a $1900 en 2024, en tanto que para el resto de las movilidades, sean autos o camionetas, va a pasar de $1600 a $3800. Este impuesto automotor realiza su aumento seg\u00fan la evaluaci\u00f3n que realiza la Asociaci\u00f3n de Concesionarios de Automotores. Algunas incorporaciones importantes que trae esta ley tributaria, en lo concerniente a Tr\u00e1nsito y Transporte contempla una reducci\u00f3n en la tasa por permiso mensual por sesi\u00f3n de licencias de taxis y remises, que hoy est\u00e1 en 8000 unidades tributarias y el a\u00f1o pr\u00f3ximo ser\u00e1 de 2000. Por otro lado se van a simplificar y facilitar el acceso a tr\u00e1mites en lo referido a Miner\u00eda, reduciendo tasas aplicadas a 11 tr\u00e1mites a partir de un requerimiento realizado por la C\u00e1mara Minera. Otro de los aspectos a se\u00f1alar es que el canon de riego que corresponde a Hidr\u00e1ulica fue determinado por las Juntas de Riego con un aumento aproximado del 100% y con la novedad de que el a\u00f1o que viene el primer vencimiento se traslada al 10 de julio\u00bb.<\/p>\n<p>A continuaci\u00f3n, la diputada Lascano mencion\u00f3 que \u00abeste Gobierno asumi\u00f3 el compromiso de tener una gesti\u00f3n austera, ordenada y responsable. Desde la Direcci\u00f3n General de Rentas se est\u00e1 trabajando en la mejora continua de herramientas tecnol\u00f3gicas para poder brindar a los sanjuaninos un uso accesible de los servicios. Esta Ley propone pol\u00edticas tributarias acordes a la dif\u00edcil y compleja situaci\u00f3n actual, que trata de preservar la recaudaci\u00f3n provincial en tiempos que son muy dif\u00edciles y esto motiva a que el a\u00f1o pr\u00f3ximo se est\u00e1 trabajando en un proyecto para que los sanjuaninos puedan regularizar su situaci\u00f3n impositiva, as\u00ed como tambi\u00e9n el trabajo en los medios de pago\u00bb.<\/p>\n<p>Al respecto, la diputada Marisa L\u00f3pez expres\u00f3 el apoyo del Bloque que integra y agreg\u00f3 un dato que esta Ley contempla que \u00abes la exenci\u00f3n del pago del impuesto inmobiliario de los jubilados y pensionados, que en 2023 era para quienes tuvieran un haber jubilatorio de $100.000 o menor, y ahora es de $350.000 o menor, y creo que es muy auspicioso para ese sector de la sociedad\u00bb.<\/p>\n<p><strong><span style=\"color: #800080;\">Resoluci\u00f3n<\/span><\/strong><\/p>\n<p>El cuerpo Legislativo resolvi\u00f3, sobre tablas, declarar de inter\u00e9s Social, Cultural, Recreativo y Tur\u00edstico de la 36\u00ba Edici\u00f3n de la \u00abFiesta Provincial de la Semilla y la Manzana\u00bb, a realizarse los d\u00edas 12 y 13 de enero en el Anfiteatro Natural \u00abLos Manantiales\u00bb del Departamento Iglesia (Diputado Gustavo Deguer).<\/p>\n<figure id=\"attachment_37951\" aria-describedby=\"caption-attachment-37951\" style=\"width: 800px\" class=\"wp-caption alignnone\"><img loading=\"lazy\" decoding=\"async\" class=\"size-full wp-image-37951\" src=\"https:\/\/vocesparalelas.com.ar\/sitio\/wp-content\/uploads\/2021\/05\/CAMARA-EDIFICIO.jpg\" alt=\"\" width=\"800\" height=\"515\" srcset=\"https:\/\/vocesparalelas.com.ar\/sitio\/wp-content\/uploads\/2021\/05\/CAMARA-EDIFICIO.jpg 800w, https:\/\/vocesparalelas.com.ar\/sitio\/wp-content\/uploads\/2021\/05\/CAMARA-EDIFICIO-300x193.jpg 300w, https:\/\/vocesparalelas.com.ar\/sitio\/wp-content\/uploads\/2021\/05\/CAMARA-EDIFICIO-768x494.jpg 768w\" sizes=\"auto, (max-width: 800px) 100vw, 800px\" \/><figcaption id=\"caption-attachment-37951\" class=\"wp-caption-text\">Legislatura Provincial de San Juan, Rep\u00fablica Argentina<\/figcaption><\/figure>\n<\/div>\n","protected":false},"excerpt":{"rendered":"<p>La Legislatura de San Juan realiz\u00f3 la Segunda Sesi\u00f3n Extraordinaria presidida por el vicegobernador y presidente nato de la C\u00e1mara<\/p>\n","protected":false},"author":3,"featured_media":67521,"comment_status":"closed","ping_status":"closed","sticky":false,"template":"","format":"standard","meta":{"_acf_changed":false,"_seopress_robots_primary_cat":"none","_seopress_titles_title":"","_seopress_titles_desc":"","_seopress_robots_index":"","colormag_page_container_layout":"default_layout","colormag_page_sidebar_layout":"default_layout","footnotes":""},"categories":[6],"tags":[],"class_list":["post-67518","post","type-post","status-publish","format-standard","has-post-thumbnail","hentry","category-eventos"],"acf":[],"_links":{"self":[{"href":"https:\/\/vocesparalelas.com.ar\/sitio\/wp-json\/wp\/v2\/posts\/67518","targetHints":{"allow":["GET"]}}],"collection":[{"href":"https:\/\/vocesparalelas.com.ar\/sitio\/wp-json\/wp\/v2\/posts"}],"about":[{"href":"https:\/\/vocesparalelas.com.ar\/sitio\/wp-json\/wp\/v2\/types\/post"}],"author":[{"embeddable":true,"href":"https:\/\/vocesparalelas.com.ar\/sitio\/wp-json\/wp\/v2\/users\/3"}],"replies":[{"embeddable":true,"href":"https:\/\/vocesparalelas.com.ar\/sitio\/wp-json\/wp\/v2\/comments?post=67518"}],"version-history":[{"count":1,"href":"https:\/\/vocesparalelas.com.ar\/sitio\/wp-json\/wp\/v2\/posts\/67518\/revisions"}],"predecessor-version":[{"id":67523,"href":"https:\/\/vocesparalelas.com.ar\/sitio\/wp-json\/wp\/v2\/posts\/67518\/revisions\/67523"}],"wp:featuredmedia":[{"embeddable":true,"href":"https:\/\/vocesparalelas.com.ar\/sitio\/wp-json\/wp\/v2\/media\/67521"}],"wp:attachment":[{"href":"https:\/\/vocesparalelas.com.ar\/sitio\/wp-json\/wp\/v2\/media?parent=67518"}],"wp:term":[{"taxonomy":"category","embeddable":true,"href":"https:\/\/vocesparalelas.com.ar\/sitio\/wp-json\/wp\/v2\/categories?post=67518"},{"taxonomy":"post_tag","embeddable":true,"href":"https:\/\/vocesparalelas.com.ar\/sitio\/wp-json\/wp\/v2\/tags?post=67518"}],"curies":[{"name":"wp","href":"https:\/\/api.w.org\/{rel}","templated":true}]}}