{"id":67509,"date":"2023-12-28T19:35:40","date_gmt":"2023-12-28T22:35:40","guid":{"rendered":"https:\/\/vocesparalelas.com.ar\/sitio\/?p=67509"},"modified":"2023-12-29T22:39:59","modified_gmt":"2023-12-30T01:39:59","slug":"gran-preocupacion-con-la-prorroga-del-presupuesto-2023-al-2024-de-las-universidades-nacionales","status":"publish","type":"post","link":"https:\/\/vocesparalelas.com.ar\/sitio\/gran-preocupacion-con-la-prorroga-del-presupuesto-2023-al-2024-de-las-universidades-nacionales\/","title":{"rendered":"Gran preocupaci\u00f3n con la pr\u00f3rroga del Presupuesto 2023 al 2024 de las Universidades Nacionales"},"content":{"rendered":"<p>Entre tantas decisiones tomadas recientemente por el Presidente de la Rep\u00fablica Argentina, Econ.\u00a0 Javier Milei, estuvo la de prorrogar el presupuesto de 2023 para el 2024.<\/p>\n<p>Por supuesto, las Universidades Nacionales no escaparon a estas medidas econ\u00f3micas, puesto que el horizonte inflacionario lejos de mejorar, empeora a partir de la desregulaci\u00f3n de los precios y el aumento de tarifas. Como resultado del congelamiento de los recursos, que afectar\u00e1 como un terminante ajuste a la educaci\u00f3n superior, los rectores de las universidades nacionales expresaron su incertidumbre con respecto al inicio en 2024.<\/p>\n<p>En relaci\u00f3n a este panorama el Secretario Administrativo Financiero de la UNSJ, Lic. Ricardo Coca dio su perspectiva al afirmar que \u00abno se aprob\u00f3 un presupuesto 2024 por parte del Congreso, lo que obliga a que se prorrogue el presupuesto 2023 para el 2024 pero con una inflaci\u00f3n que ronda el 190 %, para lo cual ese presupuesto es totalmente insuficiente y solamente permitir\u00eda a las universidades funcionar en el mejor de los casos hasta el mes de Mayo de 2024\u201d.<\/p>\n<p>\u201cHubo una reuni\u00f3n entre el secretario de Educaci\u00f3n, que antes ten\u00eda rango ministerial, y ahora ese ministerio pas\u00f3 a ser Secretar\u00eda de Educaci\u00f3n dentro del Ministerio de Capital Humano y el subsecretario Pol\u00edtico Universitario con autoridades del Consejo Interuniversitario Nacional &#8211; CIN -, para discutir este tema y evaluar esta situaci\u00f3n que no solamente afecta a la Universidad Nacional de San Juan sino a todas las Universidades Nacionales de la Rep\u00fablica Argentina\u201d.<\/p>\n<p>\u201cNuestro Consejo Superior ha prorrogado el presupuesto 2023. Si tomamos el monto base de 2023, funcionamos eventualmente hasta Abril o Mayo de 2024. Por eso, los rectores manifestaron esta preocupaci\u00f3n. Nosotros ya tenemos que comenzar el proceso de liquidaci\u00f3n de sueldos del mes de Enero de 2024 y tenemos que saber con qu\u00e9 partida vamos a contar para poder llevar para acabar esa liquidaci\u00f3n. Indudablemente va a haber un atraso salarial tambi\u00e9n por el impacto inflacionario de Diciembre de 2023, Enero y Febrero de 2024. Para Diciembre se incluy\u00f3 un 9% de aumento, para Enero de 2024, no hay nada previsto y para Febrero, si se respeta esa \u00faltima paritaria, un 10% aumento, con lo cual quedar\u00edan bastante atrasados tambi\u00e9n los salarios reales\u201d.<\/p>\n<p>En este contexto, el Consejo Interuniversitario Nacional &#8211; CIN &#8211; envi\u00f3 a la Secretar\u00eda de Educaci\u00f3n un presupuesto de 2,5 billones de pesos, que representa cerca de un 300 por ciento de aumento en relaci\u00f3n con la partida inicial que recibieron las casas de estudios para 2023. De no aprobarse, rectores y gremios docentes advierten que se comprometer\u00eda el funcionamiento de las universidades a partir de Abril, afrontar 2024 con el ingreso nominal de Enero 2023 se volver\u00eda inviable, en especial si se tiene en cuenta que este a\u00f1o terminar\u00e1 con una inflaci\u00f3n cercana al 180 por ciento.<\/p>\n<p>En el caso que esta petici\u00f3n no tuviera \u00e9xito, muchas funciones y servicios de las Universidades se ver\u00edan afectadas. C\u00f3mo se manejar\u00edan y cu\u00e1les ser\u00e1n las prioridades se pregunt\u00f3 el Lic. Coca que \u00abse han establecido una serie de prioridades, l\u00f3gicamente hay que pagar sueldos. La segunda prioridad es el tema de funcionamiento, pagar los servicios, y obviamente nos va a impactar fuertemente el aumento de las tarifas de \u00e9stos. Tambi\u00e9n nos preocupa mucho las becas de rendimiento acad\u00e9mico y de comedor. Aumenta nuestra inquietud el hecho de que va a ser un a\u00f1o donde los alumnos tambi\u00e9n se van a sentir impactados por el costo de transporte para llegar a las aulas. Por lo tanto, habr\u00e1 muchas reducciones en otras \u00e1reas como por ejemplo en las tareas de extensi\u00f3n que tiene nuestra universidad, o a los apoyos que brindamos para la asistencia a congresos, entre otros\u201d.<\/p>\n<p>\u201cLo que si queremos es que no se resienta el tema de investigaci\u00f3n, pretendemos que las actividades por lo menos contin\u00faen\u201d &#8211; finaliz\u00f3 el Secretario Administrativo Financiero de la UNSJ, Lic. Ricardo Coca.<\/p>\n<p>Al respecto, el secretario de Ciencia y T\u00e9cnica de la UNSJ, Dr. Eric Laciar manifest\u00f3 que \u00aben el caso particular de Secretar\u00eda de Ciencia y T\u00e9cnica, el pago de becas los primeros meses del 2024 estar\u00eda asegurado\u201d.<\/p>\n<p><img loading=\"lazy\" decoding=\"async\" class=\"alignnone size-full wp-image-53945\" src=\"https:\/\/vocesparalelas.com.ar\/sitio\/wp-content\/uploads\/2022\/10\/UNSJ-LOGO-50-FINAL.jpg\" alt=\"\" width=\"800\" height=\"476\" srcset=\"https:\/\/vocesparalelas.com.ar\/sitio\/wp-content\/uploads\/2022\/10\/UNSJ-LOGO-50-FINAL.jpg 800w, https:\/\/vocesparalelas.com.ar\/sitio\/wp-content\/uploads\/2022\/10\/UNSJ-LOGO-50-FINAL-300x179.jpg 300w, https:\/\/vocesparalelas.com.ar\/sitio\/wp-content\/uploads\/2022\/10\/UNSJ-LOGO-50-FINAL-768x457.jpg 768w\" sizes=\"auto, (max-width: 800px) 100vw, 800px\" \/> <img loading=\"lazy\" decoding=\"async\" class=\"alignnone size-full wp-image-54035\" src=\"https:\/\/vocesparalelas.com.ar\/sitio\/wp-content\/uploads\/2022\/11\/UNSJ-LOGO-10.jpg\" alt=\"\" width=\"800\" height=\"533\" srcset=\"https:\/\/vocesparalelas.com.ar\/sitio\/wp-content\/uploads\/2022\/11\/UNSJ-LOGO-10.jpg 800w, https:\/\/vocesparalelas.com.ar\/sitio\/wp-content\/uploads\/2022\/11\/UNSJ-LOGO-10-300x200.jpg 300w, https:\/\/vocesparalelas.com.ar\/sitio\/wp-content\/uploads\/2022\/11\/UNSJ-LOGO-10-768x512.jpg 768w\" sizes=\"auto, (max-width: 800px) 100vw, 800px\" \/><\/p>\n<p>&nbsp;<\/p>\n<p>&nbsp;<\/p>\n","protected":false},"excerpt":{"rendered":"<p>Entre tantas decisiones tomadas recientemente por el Presidente de la Rep\u00fablica Argentina, Econ.\u00a0 Javier Milei, estuvo la de prorrogar el<\/p>\n","protected":false},"author":3,"featured_media":54097,"comment_status":"closed","ping_status":"closed","sticky":false,"template":"","format":"standard","meta":{"_acf_changed":false,"_seopress_robots_primary_cat":"none","_seopress_titles_title":"","_seopress_titles_desc":"","_seopress_robots_index":"","colormag_page_container_layout":"default_layout","colormag_page_sidebar_layout":"default_layout","footnotes":""},"categories":[10],"tags":[],"class_list":["post-67509","post","type-post","status-publish","format-standard","has-post-thumbnail","hentry","category-opiniones"],"acf":[],"_links":{"self":[{"href":"https:\/\/vocesparalelas.com.ar\/sitio\/wp-json\/wp\/v2\/posts\/67509","targetHints":{"allow":["GET"]}}],"collection":[{"href":"https:\/\/vocesparalelas.com.ar\/sitio\/wp-json\/wp\/v2\/posts"}],"about":[{"href":"https:\/\/vocesparalelas.com.ar\/sitio\/wp-json\/wp\/v2\/types\/post"}],"author":[{"embeddable":true,"href":"https:\/\/vocesparalelas.com.ar\/sitio\/wp-json\/wp\/v2\/users\/3"}],"replies":[{"embeddable":true,"href":"https:\/\/vocesparalelas.com.ar\/sitio\/wp-json\/wp\/v2\/comments?post=67509"}],"version-history":[{"count":1,"href":"https:\/\/vocesparalelas.com.ar\/sitio\/wp-json\/wp\/v2\/posts\/67509\/revisions"}],"predecessor-version":[{"id":67513,"href":"https:\/\/vocesparalelas.com.ar\/sitio\/wp-json\/wp\/v2\/posts\/67509\/revisions\/67513"}],"wp:featuredmedia":[{"embeddable":true,"href":"https:\/\/vocesparalelas.com.ar\/sitio\/wp-json\/wp\/v2\/media\/54097"}],"wp:attachment":[{"href":"https:\/\/vocesparalelas.com.ar\/sitio\/wp-json\/wp\/v2\/media?parent=67509"}],"wp:term":[{"taxonomy":"category","embeddable":true,"href":"https:\/\/vocesparalelas.com.ar\/sitio\/wp-json\/wp\/v2\/categories?post=67509"},{"taxonomy":"post_tag","embeddable":true,"href":"https:\/\/vocesparalelas.com.ar\/sitio\/wp-json\/wp\/v2\/tags?post=67509"}],"curies":[{"name":"wp","href":"https:\/\/api.w.org\/{rel}","templated":true}]}}