{"id":67504,"date":"2023-12-28T23:05:37","date_gmt":"2023-12-29T02:05:37","guid":{"rendered":"https:\/\/vocesparalelas.com.ar\/sitio\/?p=67504"},"modified":"2023-12-29T21:40:13","modified_gmt":"2023-12-30T00:40:13","slug":"cronograma-de-actos-de-traslados-preferenciales-y-ordinarios-e-ingreso-a-la-docencia-2024-rama-primaria-de-san-juan","status":"publish","type":"post","link":"https:\/\/vocesparalelas.com.ar\/sitio\/cronograma-de-actos-de-traslados-preferenciales-y-ordinarios-e-ingreso-a-la-docencia-2024-rama-primaria-de-san-juan\/","title":{"rendered":"Cronograma de Actos de Traslados Preferenciales y Ordinarios e Ingreso a la Docencia 2024 Rama Primaria de San Juan"},"content":{"rendered":"<p>La Junta de Clasificaci\u00f3n Docente Rama Primaria del Ministerio de Educaci\u00f3n del Gobierno de San Juan, informa el cronograma de Actos de Traslados Preferenciales y Ordinarios e Ingreso a la Docencia 2024, a desarrollarse en el Centro de Convenciones \u201cGuillermo Barrena Guzm\u00e1n\u201d, ubicado en calle Las Heras y 25 de Mayo, en Capital.<\/p>\n<p>Las especialidades que a continuaci\u00f3n se detallan, son las informadas por las direcciones de \u00c1rea con cargos vacantes al 31 de Diciembre de 2023.<\/p>\n<p><img loading=\"lazy\" decoding=\"async\" class=\"alignnone size-full wp-image-67527\" src=\"https:\/\/vocesparalelas.com.ar\/sitio\/wp-content\/uploads\/2023\/12\/EDUCACION-ACTO.jpg\" alt=\"\" width=\"800\" height=\"196\" srcset=\"https:\/\/vocesparalelas.com.ar\/sitio\/wp-content\/uploads\/2023\/12\/EDUCACION-ACTO.jpg 800w, https:\/\/vocesparalelas.com.ar\/sitio\/wp-content\/uploads\/2023\/12\/EDUCACION-ACTO-300x74.jpg 300w, https:\/\/vocesparalelas.com.ar\/sitio\/wp-content\/uploads\/2023\/12\/EDUCACION-ACTO-768x188.jpg 768w\" sizes=\"auto, (max-width: 800px) 100vw, 800px\" \/><\/p>\n<p><img loading=\"lazy\" decoding=\"async\" class=\"alignnone size-large wp-image-67508\" src=\"https:\/\/vocesparalelas.com.ar\/sitio\/wp-content\/uploads\/2023\/12\/EDUCACION-INGRESO-644x800.jpg\" alt=\"\" width=\"644\" height=\"800\" srcset=\"https:\/\/vocesparalelas.com.ar\/sitio\/wp-content\/uploads\/2023\/12\/EDUCACION-INGRESO-644x800.jpg 644w, https:\/\/vocesparalelas.com.ar\/sitio\/wp-content\/uploads\/2023\/12\/EDUCACION-INGRESO-241x300.jpg 241w, https:\/\/vocesparalelas.com.ar\/sitio\/wp-content\/uploads\/2023\/12\/EDUCACION-INGRESO-768x954.jpg 768w, https:\/\/vocesparalelas.com.ar\/sitio\/wp-content\/uploads\/2023\/12\/EDUCACION-INGRESO.jpg 800w\" sizes=\"auto, (max-width: 644px) 100vw, 644px\" \/> <img loading=\"lazy\" decoding=\"async\" class=\"alignnone size-full wp-image-67507\" src=\"https:\/\/vocesparalelas.com.ar\/sitio\/wp-content\/uploads\/2023\/12\/EDUCACION-CANJE.jpg\" alt=\"\" width=\"800\" height=\"451\" srcset=\"https:\/\/vocesparalelas.com.ar\/sitio\/wp-content\/uploads\/2023\/12\/EDUCACION-CANJE.jpg 800w, https:\/\/vocesparalelas.com.ar\/sitio\/wp-content\/uploads\/2023\/12\/EDUCACION-CANJE-300x169.jpg 300w, https:\/\/vocesparalelas.com.ar\/sitio\/wp-content\/uploads\/2023\/12\/EDUCACION-CANJE-768x433.jpg 768w\" sizes=\"auto, (max-width: 800px) 100vw, 800px\" \/><\/p>\n<p><img loading=\"lazy\" decoding=\"async\" class=\"alignnone size-large wp-image-67528\" src=\"https:\/\/vocesparalelas.com.ar\/sitio\/wp-content\/uploads\/2023\/12\/EDUCACION-EXHIBICION-644x800.jpg\" alt=\"\" width=\"644\" height=\"800\" srcset=\"https:\/\/vocesparalelas.com.ar\/sitio\/wp-content\/uploads\/2023\/12\/EDUCACION-EXHIBICION-644x800.jpg 644w, https:\/\/vocesparalelas.com.ar\/sitio\/wp-content\/uploads\/2023\/12\/EDUCACION-EXHIBICION-241x300.jpg 241w, https:\/\/vocesparalelas.com.ar\/sitio\/wp-content\/uploads\/2023\/12\/EDUCACION-EXHIBICION-768x954.jpg 768w, https:\/\/vocesparalelas.com.ar\/sitio\/wp-content\/uploads\/2023\/12\/EDUCACION-EXHIBICION.jpg 800w\" sizes=\"auto, (max-width: 644px) 100vw, 644px\" \/><\/p>\n<p>&nbsp;<\/p>\n<p><img loading=\"lazy\" decoding=\"async\" class=\"alignnone size-full wp-image-67507\" src=\"https:\/\/vocesparalelas.com.ar\/sitio\/wp-content\/uploads\/2023\/12\/EDUCACION-CANJE.jpg\" alt=\"\" width=\"800\" height=\"451\" srcset=\"https:\/\/vocesparalelas.com.ar\/sitio\/wp-content\/uploads\/2023\/12\/EDUCACION-CANJE.jpg 800w, https:\/\/vocesparalelas.com.ar\/sitio\/wp-content\/uploads\/2023\/12\/EDUCACION-CANJE-300x169.jpg 300w, https:\/\/vocesparalelas.com.ar\/sitio\/wp-content\/uploads\/2023\/12\/EDUCACION-CANJE-768x433.jpg 768w\" sizes=\"auto, (max-width: 800px) 100vw, 800px\" \/><\/p>\n<p><span style=\"color: #339966;\"><strong>Documentaci\u00f3n exigida para Traslado Preferencial y Ordinario 2024<\/strong><\/span><\/p>\n<ul>\n<li>Documento Nacional de Identidad (original).<\/li>\n<li>Fotocopia de D.N.I. legalizado.<\/li>\n<li>Declaraci\u00f3n Jurada de Cargos emitida por el SIGE.<\/li>\n<li>Situaci\u00f3n de Revista actualizada.<\/li>\n<li>Resoluci\u00f3n del cargo titular a trasladar.<\/li>\n<\/ul>\n<p><span style=\"color: #339966;\"><strong>Para tener en cuenta<\/strong><\/span><\/p>\n<p>El docente que al momento del Acto P\u00fablico se encuentre de licencia m\u00e9dica\u00a0debidamente justificada por la Junta de Reconocimientos M\u00e9dicos,\u00a0deber\u00e1\u00a0solicitar con antelaci\u00f3n en Junta Primaria un poder para delegar la elecci\u00f3n del cargo a otra persona.<\/p>\n<p>El calendario tambi\u00e9n puede consultarse en la p\u00e1gina del Ministerio de Educaci\u00f3n del Gobierno de San Juan ingresando a<\/p>\n<p><a href=\"http:\/\/educacion.sanjuan.gob.ar\">http:\/\/educacion.sanjuan.gob.ar<\/a><\/p>\n<p>&nbsp;<\/p>\n<p>Por consultas o mayor informaci\u00f3n, comunicarse de 8 a 12 horas al 4302206, o concurrir a calle Tucum\u00e1n 75 &#8211; N &#8211; Capital<\/p>\n<p><img loading=\"lazy\" decoding=\"async\" class=\"alignnone size-full wp-image-28629\" src=\"https:\/\/vocesparalelas.com.ar\/sitio\/wp-content\/uploads\/2020\/05\/MINISTERIO-EDUCACION-SJ.jpg\" alt=\"\" width=\"800\" height=\"533\" srcset=\"https:\/\/vocesparalelas.com.ar\/sitio\/wp-content\/uploads\/2020\/05\/MINISTERIO-EDUCACION-SJ.jpg 800w, https:\/\/vocesparalelas.com.ar\/sitio\/wp-content\/uploads\/2020\/05\/MINISTERIO-EDUCACION-SJ-300x200.jpg 300w, https:\/\/vocesparalelas.com.ar\/sitio\/wp-content\/uploads\/2020\/05\/MINISTERIO-EDUCACION-SJ-768x512.jpg 768w\" sizes=\"auto, (max-width: 800px) 100vw, 800px\" \/><\/p>\n","protected":false},"excerpt":{"rendered":"<p>La Junta de Clasificaci\u00f3n Docente Rama Primaria del Ministerio de Educaci\u00f3n del Gobierno de San Juan, informa el cronograma de<\/p>\n","protected":false},"author":3,"featured_media":65367,"comment_status":"closed","ping_status":"closed","sticky":false,"template":"","format":"standard","meta":{"_acf_changed":false,"_seopress_robots_primary_cat":"none","_seopress_titles_title":"","_seopress_titles_desc":"","_seopress_robots_index":"","colormag_page_container_layout":"default_layout","colormag_page_sidebar_layout":"default_layout","footnotes":""},"categories":[5],"tags":[],"class_list":["post-67504","post","type-post","status-publish","format-standard","has-post-thumbnail","hentry","category-ofrecimientos"],"acf":[],"_links":{"self":[{"href":"https:\/\/vocesparalelas.com.ar\/sitio\/wp-json\/wp\/v2\/posts\/67504","targetHints":{"allow":["GET"]}}],"collection":[{"href":"https:\/\/vocesparalelas.com.ar\/sitio\/wp-json\/wp\/v2\/posts"}],"about":[{"href":"https:\/\/vocesparalelas.com.ar\/sitio\/wp-json\/wp\/v2\/types\/post"}],"author":[{"embeddable":true,"href":"https:\/\/vocesparalelas.com.ar\/sitio\/wp-json\/wp\/v2\/users\/3"}],"replies":[{"embeddable":true,"href":"https:\/\/vocesparalelas.com.ar\/sitio\/wp-json\/wp\/v2\/comments?post=67504"}],"version-history":[{"count":1,"href":"https:\/\/vocesparalelas.com.ar\/sitio\/wp-json\/wp\/v2\/posts\/67504\/revisions"}],"predecessor-version":[{"id":67529,"href":"https:\/\/vocesparalelas.com.ar\/sitio\/wp-json\/wp\/v2\/posts\/67504\/revisions\/67529"}],"wp:featuredmedia":[{"embeddable":true,"href":"https:\/\/vocesparalelas.com.ar\/sitio\/wp-json\/wp\/v2\/media\/65367"}],"wp:attachment":[{"href":"https:\/\/vocesparalelas.com.ar\/sitio\/wp-json\/wp\/v2\/media?parent=67504"}],"wp:term":[{"taxonomy":"category","embeddable":true,"href":"https:\/\/vocesparalelas.com.ar\/sitio\/wp-json\/wp\/v2\/categories?post=67504"},{"taxonomy":"post_tag","embeddable":true,"href":"https:\/\/vocesparalelas.com.ar\/sitio\/wp-json\/wp\/v2\/tags?post=67504"}],"curies":[{"name":"wp","href":"https:\/\/api.w.org\/{rel}","templated":true}]}}