{"id":67486,"date":"2023-12-27T21:07:35","date_gmt":"2023-12-28T00:07:35","guid":{"rendered":"https:\/\/vocesparalelas.com.ar\/sitio\/?p=67486"},"modified":"2024-01-04T23:28:42","modified_gmt":"2024-01-05T02:28:42","slug":"se-renovo-la-comision-de-san-juan-bureau-de-eventos-y-convenciones","status":"publish","type":"post","link":"https:\/\/vocesparalelas.com.ar\/sitio\/se-renovo-la-comision-de-san-juan-bureau-de-eventos-y-convenciones\/","title":{"rendered":"Se renov\u00f3 la Comisi\u00f3n de\u00a0San Juan Bureau de Eventos y Convenciones"},"content":{"rendered":"<div class=\"itemFullText\">\n<p>El ministro de Turismo, Cultura y Deporte del Gobierno de San Juan, Dr. Guido Romero presidi\u00f3 la Asamblea General de la Asociaci\u00f3n Civil San Juan Bureau de Eventos y Convenciones en el que se designaron a los nuevos referentes que, a partir\u00a0 del 27 de Diciembre de 2023, tiene la tarea de generar acciones que incrementen la cantidad de eventos en la provincia de San Juan.<\/p>\n<p>La Asociaci\u00f3n Civil, sin fines de lucro y de car\u00e1cter mixto, est\u00e1 formada por el Estado Provincial de San Juan, Municipales, empresas privadas, profesionales, empresarios del sector y Universidades.<\/p>\n<p>Su principal objetivo es trabajar activamente en la promoci\u00f3n y difusi\u00f3n para el posicionamiento de San Juan como Destino Sede de Eventos, Nacional e Internacional, dentro del Mercado de Turismo de Reuniones.<\/p>\n<p>Luego de dejar asentadas las firmas, el ministro de Turismo, Cultura y Deporte, Dr. Guido Romero, nuevo presidente de la Comisi\u00f3n Directiva, explic\u00f3 que \u00absi bien el Turismo de Eventos ha venido funcionando bien, creemos que, como todo, puede mejorar incluso m\u00e1s. Vamos a seguir trabajando en los otros \u00edtems dentro de lo que es el turismo y hay que hacerlo bien para trabajar en el turismo receptivo y darle una impronta tambi\u00e9n al turismo termal, en el que considero que hay un movimiento desde el punto de vista de la infraestructura que tenemos que acompa\u00f1ar con la gesti\u00f3n\u201d.<\/p>\n<p>Tambi\u00e9n asegur\u00f3 que \u00abhay que empezar a trabajar fuerte en lo que se refiere a la conectividad, no solamente en el aspecto digital, sino en la conectividad terrestre y a\u00e9rea. Considero que es importante. Tenemos muy pocos vuelos y es necesario insistir en entrar en la l\u00ednea de la Ruta de Low Cost. En ese sentido tenemos conversaciones pendientes con algunas l\u00edneas a\u00e9reas para ver que posibilidades hay. La importancia de la relaci\u00f3n tur\u00edstica con Chile no se limite s\u00f3lo a la v\u00eda terrestre. Contar con un vuelo a La Serena, por ejemplo, podr\u00eda asegurarnos un turismo permanente sin la necesidad de caminos\u201d.<\/p>\n<p>\u00abDeseo mejorar las comunicaciones digitales que le manifest\u00e9 al gobernador Dr. Marcelo Orrego, quien me ha dado instrucciones para avanzar con este tema y generar, sobre todo en departamentos alejados, una mejor y mayor conectividad. Hoy, entender el turismo sin conectividad digital es una locura\u201d.<\/p>\n<p>\u201cDesde el Estado tenemos que generar seguridad jur\u00eddica y garantizar herramientas para que el sector privado invierta, no solamente en hoteler\u00eda o en gastronom\u00eda, sino tambi\u00e9n en armar excursiones y todo ese tipo de estrategias que hacen al turismo de San Juan y que realmente lo necesitamos\u201d &#8211; concluy\u00f3 el Dr. Romero.<\/p>\n<p><span style=\"color: #ff0000;\"><b>Comisi\u00f3n de\u00a0<\/b><\/span><span style=\"color: #ff0000;\"><b>San Juan Bureau de Eventos y Convenciones<\/b><\/span><\/p>\n<ul>\n<li>Presidente: ministro de Turismo, Cultura y Deporte del Gobierno de San Juan, Dr. Guido Romero(<\/li>\n<li>Vicepresidente 1\u00ba: Asociaci\u00f3n Empresaria Hotelera Gastron\u00f3mica de San Juan, Tamara Boggian<\/li>\n<li>Vicepresidente 2\u00ba: C\u00e1mara de Turismo de San Juan, Ra\u00fal Mar\u00fan<\/li>\n<li>Secretario: Asociaci\u00f3n de Agencias de Viajes y Turismo de San Juan, N\u00e9stor Yafar<\/li>\n<\/ul>\n<p><strong style=\"color: #ff0000;\">Vocales<\/strong><\/p>\n<p>1\u00ba Vocal Secretaria de Turismo del Ministerio de Turismo, Cultura y Deporte del Gobierno de San Juan, Lic. Bel\u00e9n Barboza<\/p>\n<p>2\u00ba Vocal Subsecretaria de Cultura, Marcela Zegaib<\/p>\n<p>3\u00ba Vocal Directora de Desarrollo Tur\u00edstico, Natalia Lop\u00e9z<\/p>\n<p>4\u00ba Vocal Directora de Relaciones Institucionales, Daniela Golfieri<\/p>\n<p>5\u00ba Vocal Director de Fiscalizaci\u00f3n y Calidad, Sergio Prado<\/p>\n<p>6\u00ba Vocal Director Ente Ischigualasto, Juan Pablo Tejas<\/p>\n<p>7\u00ba Vocal Asociaci\u00f3n Argentina de Hoteles de Turismo &#8211; AHT, Pablo Bazze<\/p>\n<p>8\u00baVocal\u00a0 Socia, Nicolasa Montes<\/p>\n<p>9\u00ba Vocal C\u00e1mara de Empresarios de T\u00e9cnica para Eventos Espect\u00e1culos y Afines CETE, Esteban V\u00e1zquez<\/p>\n<p>10\u00ba Vocal Colegio Profesional de Turismo, Daniela Mu\u00f1oz<\/p>\n<p>11\u00ba Vocal Representante de la Universidad Cat\u00f3lica de Cuyo, Lic. Mariano Julio Carmona<\/p>\n<p><strong><span style=\"color: #ff0000;\">Tesorero<\/span><\/strong><\/p>\n<ul>\n<li>Coordinadora Legal y T\u00e9cnica, Dra. Laura Ghilardi<\/li>\n<\/ul>\n<p><span style=\"color: #ff0000;\"><strong>Comisi\u00f3n Revisora de Cuentas<\/strong><\/span><\/p>\n<ul>\n<li>Coordinador Legal y T\u00e9cnica, Juan Ram\u00f3n Zallio<\/li>\n<li>Asociaci\u00f3n de Agencias de Viajes y Turismo de San Juan, Gustavo Ch\u00e1vez<\/li>\n<\/ul>\n<p><strong><span style=\"color: #ff0000;\">Director Ejecutivo<\/span><\/strong><\/p>\n<ul>\n<li>Ricardo Butteller<\/li>\n<\/ul>\n<p>&nbsp;<\/p>\n<h3><span style=\"color: #ff0000;\"><b>San Juan Bureau de Eventos y Convenciones 2023<\/b><\/span><\/h3>\n<p>Durante el 2023, el Bureau de Eventos y Convenciones increment\u00f3 casi en un 50% la cantidad de eventos realizados. El 2022 ya hab\u00eda sido un a\u00f1o muy bueno debido a que los 662 eventos marcaron un r\u00e9cord, superando los 458 del 2019. Pero el 2023 fue a\u00fan mejor, ya que la cifra aument\u00f3 un 44% respecto del a\u00f1o anterior y se registr\u00f3 la suma de 953 eventos.<\/p>\n<p>Entre los eventos m\u00e1s destacados del 2023 est\u00e1n el Ironman 70.3, la 39\u00ba Vuelta Internacional de San Juan de ciclismo, la Copa Mundial Sub-20 de la FIFA, el 1\u00ba Simposio Internacional de Ortopedia y Traumatolog\u00eda de la Cl\u00ednica Mercedario, la 1\u00ba Expo Inmobiliaria de San Juan, el 2\u00ba Congreso Federal de Locutores y Comunicadores, el Encuentro Latinoamericano de Estudiantes de Arquitectura ELEA, el XII Congreso Argentino de Qu\u00edmica Anal\u00edtica y el Encuentro Internacional de IERE, entre otros tantos de gran convocatoria.<\/p>\n<p><img loading=\"lazy\" decoding=\"async\" class=\"alignnone size-full wp-image-59964\" src=\"https:\/\/vocesparalelas.com.ar\/sitio\/wp-content\/uploads\/2023\/06\/BANDERA-SAN-JUAN.jpg\" alt=\"\" width=\"800\" height=\"600\" srcset=\"https:\/\/vocesparalelas.com.ar\/sitio\/wp-content\/uploads\/2023\/06\/BANDERA-SAN-JUAN.jpg 800w, https:\/\/vocesparalelas.com.ar\/sitio\/wp-content\/uploads\/2023\/06\/BANDERA-SAN-JUAN-300x225.jpg 300w, https:\/\/vocesparalelas.com.ar\/sitio\/wp-content\/uploads\/2023\/06\/BANDERA-SAN-JUAN-768x576.jpg 768w\" sizes=\"auto, (max-width: 800px) 100vw, 800px\" \/><\/p>\n<\/div>\n<div class=\"itemContentFooter\"><\/div>\n","protected":false},"excerpt":{"rendered":"<p>El ministro de Turismo, Cultura y Deporte del Gobierno de San Juan, Dr. Guido Romero presidi\u00f3 la Asamblea General de<\/p>\n","protected":false},"author":3,"featured_media":67489,"comment_status":"closed","ping_status":"closed","sticky":false,"template":"","format":"standard","meta":{"_acf_changed":false,"_seopress_robots_primary_cat":"none","_seopress_titles_title":"","_seopress_titles_desc":"","_seopress_robots_index":"","colormag_page_container_layout":"default_layout","colormag_page_sidebar_layout":"default_layout","footnotes":""},"categories":[2],"tags":[],"class_list":["post-67486","post","type-post","status-publish","format-standard","has-post-thumbnail","hentry","category-convocatorias"],"acf":[],"_links":{"self":[{"href":"https:\/\/vocesparalelas.com.ar\/sitio\/wp-json\/wp\/v2\/posts\/67486","targetHints":{"allow":["GET"]}}],"collection":[{"href":"https:\/\/vocesparalelas.com.ar\/sitio\/wp-json\/wp\/v2\/posts"}],"about":[{"href":"https:\/\/vocesparalelas.com.ar\/sitio\/wp-json\/wp\/v2\/types\/post"}],"author":[{"embeddable":true,"href":"https:\/\/vocesparalelas.com.ar\/sitio\/wp-json\/wp\/v2\/users\/3"}],"replies":[{"embeddable":true,"href":"https:\/\/vocesparalelas.com.ar\/sitio\/wp-json\/wp\/v2\/comments?post=67486"}],"version-history":[{"count":2,"href":"https:\/\/vocesparalelas.com.ar\/sitio\/wp-json\/wp\/v2\/posts\/67486\/revisions"}],"predecessor-version":[{"id":67491,"href":"https:\/\/vocesparalelas.com.ar\/sitio\/wp-json\/wp\/v2\/posts\/67486\/revisions\/67491"}],"wp:featuredmedia":[{"embeddable":true,"href":"https:\/\/vocesparalelas.com.ar\/sitio\/wp-json\/wp\/v2\/media\/67489"}],"wp:attachment":[{"href":"https:\/\/vocesparalelas.com.ar\/sitio\/wp-json\/wp\/v2\/media?parent=67486"}],"wp:term":[{"taxonomy":"category","embeddable":true,"href":"https:\/\/vocesparalelas.com.ar\/sitio\/wp-json\/wp\/v2\/categories?post=67486"},{"taxonomy":"post_tag","embeddable":true,"href":"https:\/\/vocesparalelas.com.ar\/sitio\/wp-json\/wp\/v2\/tags?post=67486"}],"curies":[{"name":"wp","href":"https:\/\/api.w.org\/{rel}","templated":true}]}}