{"id":67482,"date":"2023-12-27T20:31:55","date_gmt":"2023-12-27T23:31:55","guid":{"rendered":"https:\/\/vocesparalelas.com.ar\/sitio\/?p=67482"},"modified":"2023-12-28T23:54:56","modified_gmt":"2023-12-29T02:54:56","slug":"natacion-en-el-verano-para-no-perder-el-movimiento-en-san-juan","status":"publish","type":"post","link":"https:\/\/vocesparalelas.com.ar\/sitio\/natacion-en-el-verano-para-no-perder-el-movimiento-en-san-juan\/","title":{"rendered":"Nataci\u00f3n en el verano para no perder el Movimiento en San Juan"},"content":{"rendered":"<p>Contin\u00faan con la actividad deportiva en la Comunidad, Piscis 25 abre sus puertas a los integrantes del Club de Adulto Mayor y de Comunidad en Movimiento.<\/p>\n<p>Estos dos programas pertenecen a la Direcci\u00f3n de Deportes en la Comunidad, dependiente de la Subsecretar\u00eda de Deporte Social del Gobierno de San Juan.<\/p>\n<p>Los adultos se suman a esta iniciativa, donde las actividades acu\u00e1ticas ayudan a ejercitar de forma suave la mayor\u00eda de los m\u00fasculos y a fortalecer el sistema cardiovascular y respiratorio.<\/p>\n<p>Por otra parte, el agua contrarresta el efecto de la gravedad, lo que facilita que quienes padecen de obesidad o presenten problemas en las articulaciones y\/o columna tengan una mejor movilidad.<\/p>\n<p>Las clases se complementan con baile acu\u00e1tico y juegos recreativos, lo que hace m\u00e1s divertido y placentero el momento, aumentando de esta manera la sensaci\u00f3n de bienestar y energ\u00eda.<\/p>\n<p><span style=\"color: #0000ff;\"><strong>D\u00edas y horarios para Adultos Mayores<\/strong><\/span><\/p>\n<ul>\n<li>Lunes y Viernes, de 17 a 18 hs.<\/li>\n<li>Martes y Jueves, de 17 a 18 hs.<\/li>\n<\/ul>\n<p><strong><span style=\"color: #0000ff;\">D\u00edas y horarios para Comunidad en Movimiento<\/span><\/strong><\/p>\n<ul>\n<li>Lunes, Mi\u00e9rcoles y Viernes, de 18 a 19 hs.<\/li>\n<li>Martes, de 16 a 17 hs.<\/li>\n<\/ul>\n<p><strong><span style=\"color: #0000ff;\">Inscripci\u00f3n<\/span><\/strong><\/p>\n<ul>\n<li>Secretar\u00eda de Deportes, Mitre 15 &#8211; E &#8211; Capital tercer piso.<\/li>\n<\/ul>\n<p>Se trabaja para que los centros de ambos programas contin\u00faen con las acciones durante el verano.<\/p>\n","protected":false},"excerpt":{"rendered":"<p>Contin\u00faan con la actividad deportiva en la Comunidad, Piscis 25 abre sus puertas a los integrantes del Club de Adulto<\/p>\n","protected":false},"author":3,"featured_media":31028,"comment_status":"closed","ping_status":"closed","sticky":false,"template":"","format":"standard","meta":{"_acf_changed":false,"_seopress_robots_primary_cat":"none","_seopress_titles_title":"","_seopress_titles_desc":"","_seopress_robots_index":"","colormag_page_container_layout":"default_layout","colormag_page_sidebar_layout":"default_layout","footnotes":""},"categories":[2],"tags":[],"class_list":["post-67482","post","type-post","status-publish","format-standard","has-post-thumbnail","hentry","category-convocatorias"],"acf":[],"_links":{"self":[{"href":"https:\/\/vocesparalelas.com.ar\/sitio\/wp-json\/wp\/v2\/posts\/67482","targetHints":{"allow":["GET"]}}],"collection":[{"href":"https:\/\/vocesparalelas.com.ar\/sitio\/wp-json\/wp\/v2\/posts"}],"about":[{"href":"https:\/\/vocesparalelas.com.ar\/sitio\/wp-json\/wp\/v2\/types\/post"}],"author":[{"embeddable":true,"href":"https:\/\/vocesparalelas.com.ar\/sitio\/wp-json\/wp\/v2\/users\/3"}],"replies":[{"embeddable":true,"href":"https:\/\/vocesparalelas.com.ar\/sitio\/wp-json\/wp\/v2\/comments?post=67482"}],"version-history":[{"count":1,"href":"https:\/\/vocesparalelas.com.ar\/sitio\/wp-json\/wp\/v2\/posts\/67482\/revisions"}],"predecessor-version":[{"id":67485,"href":"https:\/\/vocesparalelas.com.ar\/sitio\/wp-json\/wp\/v2\/posts\/67482\/revisions\/67485"}],"wp:featuredmedia":[{"embeddable":true,"href":"https:\/\/vocesparalelas.com.ar\/sitio\/wp-json\/wp\/v2\/media\/31028"}],"wp:attachment":[{"href":"https:\/\/vocesparalelas.com.ar\/sitio\/wp-json\/wp\/v2\/media?parent=67482"}],"wp:term":[{"taxonomy":"category","embeddable":true,"href":"https:\/\/vocesparalelas.com.ar\/sitio\/wp-json\/wp\/v2\/categories?post=67482"},{"taxonomy":"post_tag","embeddable":true,"href":"https:\/\/vocesparalelas.com.ar\/sitio\/wp-json\/wp\/v2\/tags?post=67482"}],"curies":[{"name":"wp","href":"https:\/\/api.w.org\/{rel}","templated":true}]}}