{"id":67477,"date":"2023-12-27T20:22:15","date_gmt":"2023-12-27T23:22:15","guid":{"rendered":"https:\/\/vocesparalelas.com.ar\/sitio\/?p=67477"},"modified":"2023-12-27T20:22:15","modified_gmt":"2023-12-27T23:22:15","slug":"el-helicoptero-sanitario-de-san-juan-al-servicio-de-la-comunidad","status":"publish","type":"post","link":"https:\/\/vocesparalelas.com.ar\/sitio\/el-helicoptero-sanitario-de-san-juan-al-servicio-de-la-comunidad\/","title":{"rendered":"El Helic\u00f3ptero Sanitario de San Juan al servicio de la comunidad"},"content":{"rendered":"<p>El Mi\u00e9rcoles, 27 de Diciembre de 2023, se produjo un accidente laboral de un trabajador que cay\u00f3 a una excavaci\u00f3n de m\u00e1s de 6 metros de profundidad, en el Departamento J\u00e1chal, Provincia de San Juan.<\/p>\n<p>Despu\u00e9s de una evaluaci\u00f3n m\u00e9dica en el lugar, se decidi\u00f3 trasladarlo al Hospital Dr. Guillermo Rawson. Para la misma, se solicit\u00f3 el Helic\u00f3ptero Sanitario de la Provincia.<\/p>\n<p>El pedido fue recepcionado por las autoridades e inmediatamente se autoriz\u00f3 la presencia del Helic\u00f3ptero Sanitario de la Provincia para el traslado\u00a0v\u00eda a\u00e9rea desde el Departamento de J\u00e1chal hacia el Hospital Dr. Guillermo Rawson, en Capital de San Juan.<\/p>\n<p>Es importante destacar que, el paciente accidentado, es un obrero de 58 a\u00f1os que sufri\u00f3 politraumatismo producto de una ca\u00edda a una excavaci\u00f3n de m\u00e1s de 6 metros de profundidad.<\/p>\n<p>La ca\u00edda accidental le provoc\u00f3 traumatismo de columna lumbar,\u00a0 por lo que se tuvo que trasladar en un vuelo sanitario desde el Departamento J\u00e1chal hasta el servicio de urgencias del Hospital Dr. Guillermo Rawson.<\/p>\n<p><img loading=\"lazy\" decoding=\"async\" class=\"alignnone size-full wp-image-33004\" src=\"https:\/\/vocesparalelas.com.ar\/sitio\/wp-content\/uploads\/2020\/11\/HOSPITAL-RAWSON-AEREA.jpg\" alt=\"\" width=\"800\" height=\"490\" srcset=\"https:\/\/vocesparalelas.com.ar\/sitio\/wp-content\/uploads\/2020\/11\/HOSPITAL-RAWSON-AEREA.jpg 800w, https:\/\/vocesparalelas.com.ar\/sitio\/wp-content\/uploads\/2020\/11\/HOSPITAL-RAWSON-AEREA-300x184.jpg 300w, https:\/\/vocesparalelas.com.ar\/sitio\/wp-content\/uploads\/2020\/11\/HOSPITAL-RAWSON-AEREA-768x470.jpg 768w\" sizes=\"auto, (max-width: 800px) 100vw, 800px\" \/><\/p>\n","protected":false},"excerpt":{"rendered":"<p>El Mi\u00e9rcoles, 27 de Diciembre de 2023, se produjo un accidente laboral de un trabajador que cay\u00f3 a una excavaci\u00f3n<\/p>\n","protected":false},"author":3,"featured_media":67480,"comment_status":"closed","ping_status":"closed","sticky":false,"template":"","format":"standard","meta":{"_acf_changed":false,"_seopress_robots_primary_cat":"none","_seopress_titles_title":"","_seopress_titles_desc":"","_seopress_robots_index":"","colormag_page_container_layout":"default_layout","colormag_page_sidebar_layout":"default_layout","footnotes":""},"categories":[1],"tags":[],"class_list":["post-67477","post","type-post","status-publish","format-standard","has-post-thumbnail","hentry","category-destacadas"],"acf":[],"_links":{"self":[{"href":"https:\/\/vocesparalelas.com.ar\/sitio\/wp-json\/wp\/v2\/posts\/67477","targetHints":{"allow":["GET"]}}],"collection":[{"href":"https:\/\/vocesparalelas.com.ar\/sitio\/wp-json\/wp\/v2\/posts"}],"about":[{"href":"https:\/\/vocesparalelas.com.ar\/sitio\/wp-json\/wp\/v2\/types\/post"}],"author":[{"embeddable":true,"href":"https:\/\/vocesparalelas.com.ar\/sitio\/wp-json\/wp\/v2\/users\/3"}],"replies":[{"embeddable":true,"href":"https:\/\/vocesparalelas.com.ar\/sitio\/wp-json\/wp\/v2\/comments?post=67477"}],"version-history":[{"count":1,"href":"https:\/\/vocesparalelas.com.ar\/sitio\/wp-json\/wp\/v2\/posts\/67477\/revisions"}],"predecessor-version":[{"id":67481,"href":"https:\/\/vocesparalelas.com.ar\/sitio\/wp-json\/wp\/v2\/posts\/67477\/revisions\/67481"}],"wp:featuredmedia":[{"embeddable":true,"href":"https:\/\/vocesparalelas.com.ar\/sitio\/wp-json\/wp\/v2\/media\/67480"}],"wp:attachment":[{"href":"https:\/\/vocesparalelas.com.ar\/sitio\/wp-json\/wp\/v2\/media?parent=67477"}],"wp:term":[{"taxonomy":"category","embeddable":true,"href":"https:\/\/vocesparalelas.com.ar\/sitio\/wp-json\/wp\/v2\/categories?post=67477"},{"taxonomy":"post_tag","embeddable":true,"href":"https:\/\/vocesparalelas.com.ar\/sitio\/wp-json\/wp\/v2\/tags?post=67477"}],"curies":[{"name":"wp","href":"https:\/\/api.w.org\/{rel}","templated":true}]}}