{"id":67468,"date":"2023-12-27T14:16:55","date_gmt":"2023-12-27T17:16:55","guid":{"rendered":"https:\/\/vocesparalelas.com.ar\/sitio\/?p=67468"},"modified":"2023-12-27T14:17:29","modified_gmt":"2023-12-27T17:17:29","slug":"tratan-la-ley-impositiva-2024-la-camara-de-diputados-de-san-juan","status":"publish","type":"post","link":"https:\/\/vocesparalelas.com.ar\/sitio\/tratan-la-ley-impositiva-2024-la-camara-de-diputados-de-san-juan\/","title":{"rendered":"Tratan la Ley Impositiva 2024 la C\u00e1mara de Diputados de San Juan"},"content":{"rendered":"<div class=\"itemFullText jbintrotext\">\n<p>La C\u00e1mara de Diputados de San Juan desarrolla el Jueves, 28 de Diciembre de 2023, a partir de las 9:30 horas, la 2\u00aa Sesi\u00f3n Extraordinaria.<\/p>\n<\/div>\n<div class=\"itemFullText\">\n<p>En esta ocasi\u00f3n, los legisladores deben definir el siguiente punto del orden del d\u00eda:<\/p>\n<ul>\n<li>Proyecto de Ley presentado por el Poder Ejecutivo, mensaje N\u00ba 111, por el que se dispone la determinaci\u00f3n, liquidaci\u00f3n y percepci\u00f3n de las obligaciones fiscales establecidas en el C\u00f3digo Tributario de la Provincia, Ley N\u00ba 151-I, correspondiente al A\u00f1o Fiscal 2024.<\/li>\n<\/ul>\n<p><img loading=\"lazy\" decoding=\"async\" class=\"alignnone size-full wp-image-67295\" src=\"https:\/\/vocesparalelas.com.ar\/sitio\/wp-content\/uploads\/2023\/12\/CDSJ-21-12.jpg\" alt=\"\" width=\"800\" height=\"474\" srcset=\"https:\/\/vocesparalelas.com.ar\/sitio\/wp-content\/uploads\/2023\/12\/CDSJ-21-12.jpg 800w, https:\/\/vocesparalelas.com.ar\/sitio\/wp-content\/uploads\/2023\/12\/CDSJ-21-12-300x178.jpg 300w, https:\/\/vocesparalelas.com.ar\/sitio\/wp-content\/uploads\/2023\/12\/CDSJ-21-12-768x455.jpg 768w\" sizes=\"auto, (max-width: 800px) 100vw, 800px\" \/><\/p>\n<\/div>\n","protected":false},"excerpt":{"rendered":"<p>La C\u00e1mara de Diputados de San Juan desarrolla el Jueves, 28 de Diciembre de 2023, a partir de las 9:30<\/p>\n","protected":false},"author":3,"featured_media":37951,"comment_status":"closed","ping_status":"closed","sticky":false,"template":"","format":"standard","meta":{"_acf_changed":false,"_seopress_robots_primary_cat":"none","_seopress_titles_title":"","_seopress_titles_desc":"","_seopress_robots_index":"","colormag_page_container_layout":"default_layout","colormag_page_sidebar_layout":"default_layout","footnotes":""},"categories":[1],"tags":[],"class_list":["post-67468","post","type-post","status-publish","format-standard","has-post-thumbnail","hentry","category-destacadas"],"acf":[],"_links":{"self":[{"href":"https:\/\/vocesparalelas.com.ar\/sitio\/wp-json\/wp\/v2\/posts\/67468","targetHints":{"allow":["GET"]}}],"collection":[{"href":"https:\/\/vocesparalelas.com.ar\/sitio\/wp-json\/wp\/v2\/posts"}],"about":[{"href":"https:\/\/vocesparalelas.com.ar\/sitio\/wp-json\/wp\/v2\/types\/post"}],"author":[{"embeddable":true,"href":"https:\/\/vocesparalelas.com.ar\/sitio\/wp-json\/wp\/v2\/users\/3"}],"replies":[{"embeddable":true,"href":"https:\/\/vocesparalelas.com.ar\/sitio\/wp-json\/wp\/v2\/comments?post=67468"}],"version-history":[{"count":2,"href":"https:\/\/vocesparalelas.com.ar\/sitio\/wp-json\/wp\/v2\/posts\/67468\/revisions"}],"predecessor-version":[{"id":67472,"href":"https:\/\/vocesparalelas.com.ar\/sitio\/wp-json\/wp\/v2\/posts\/67468\/revisions\/67472"}],"wp:featuredmedia":[{"embeddable":true,"href":"https:\/\/vocesparalelas.com.ar\/sitio\/wp-json\/wp\/v2\/media\/37951"}],"wp:attachment":[{"href":"https:\/\/vocesparalelas.com.ar\/sitio\/wp-json\/wp\/v2\/media?parent=67468"}],"wp:term":[{"taxonomy":"category","embeddable":true,"href":"https:\/\/vocesparalelas.com.ar\/sitio\/wp-json\/wp\/v2\/categories?post=67468"},{"taxonomy":"post_tag","embeddable":true,"href":"https:\/\/vocesparalelas.com.ar\/sitio\/wp-json\/wp\/v2\/tags?post=67468"}],"curies":[{"name":"wp","href":"https:\/\/api.w.org\/{rel}","templated":true}]}}