{"id":67463,"date":"2023-12-27T14:13:55","date_gmt":"2023-12-27T17:13:55","guid":{"rendered":"https:\/\/vocesparalelas.com.ar\/sitio\/?p=67463"},"modified":"2023-12-28T00:56:59","modified_gmt":"2023-12-28T03:56:59","slug":"se-implementa-durante-el-ciclo-lectivo-2024-expresate-en-san-juan","status":"publish","type":"post","link":"https:\/\/vocesparalelas.com.ar\/sitio\/se-implementa-durante-el-ciclo-lectivo-2024-expresate-en-san-juan\/","title":{"rendered":"Se implementa durante el Ciclo Lectivo 2024 \u00abExpresate\u00bb en San Juan"},"content":{"rendered":"<div class=\"itemFullText jbintrotext\">\n<p>Las autoridades de la Legislatura Provincial y del Ministerio de Educaci\u00f3n del Gobierno de San Juan llevaron adelante la primera reuni\u00f3n respecto al programa \u00abExpresate\u00bb, promoviendo el trabajo coordinado para la planificaci\u00f3n 2024.<\/p>\n<\/div>\n<div class=\"itemFullText\">\n<p>El vicegobernador y presidente nato de la C\u00e1mara de Diputados, Dr. Fabi\u00e1n Mart\u00edn, recibi\u00f3 a la ministra de Educaci\u00f3n, Lic. Silvia Fuentes, y dialogaron sobre la propuesta generada desde el Fondo Editorial.<\/p>\n<p>Estuvieron presentes la secretaria de Educaci\u00f3n, Prof. Mariela Lueje; el secretario Legislativo, Dr. Gustavo Velert; la Jefa de Departamento Fondo Editorial, Lic. Sandra Luna; y la coordinadora de Relaciones con la Comunidad, Giselle Fern\u00e1ndez.<\/p>\n<p>Dicha iniciativa es una herramienta l\u00fadico-did\u00e1ctica que tiene como objetivo el registro y la expresi\u00f3n de opiniones, ideas, creencias y emociones en las aulas de las escuelas de la provincia de San Juan, tanto primarias (6\u00ba grado) como secundarias (1\u00ba y 3\u00ba a\u00f1o). Los docentes que llevan adelante estas actividades son previamente capacitados por personal de la Legislatura Provincial, evacuando todas las dudas en reuniones previas.<\/p>\n<p>l proyecto cuenta con Resoluci\u00f3n Ministerial y en 2023 ya se aplic\u00f3 en diversas escuelas secundarias de la provincia, las que durante el 2024 podr\u00e1n pasar a una segunda etapa con la evaluaci\u00f3n del trabajo realizado y las mejoras necesarias para nuevas acciones. Esto es posible gracias a que el kit, que ser\u00e1 entregado en marzo del pr\u00f3ximo a\u00f1o, cuenta con una r\u00fabrica donde el docente puede anotar todos los detalles necesarios para tener una conclusi\u00f3n respecto a la interacci\u00f3n lograda en el aula.<\/p>\n<p>Cabe resaltar que San Juan es la primera C\u00e1mara de Diputados del pa\u00eds que, desde su Fondo Editorial, trabaja una propuesta de este estilo en conjunto con el Ministerio de Educaci\u00f3n de la provincia. La herramienta l\u00fadica est\u00e1 compuesta por tarjetas con preguntas disparadoras para compartir y cuentan con cuatro categor\u00edas:<\/p>\n<ul>\n<li>Expresarte: preguntas para compartir de \u00edndole personal.<\/li>\n<li>Expresarle al compa\u00f1ero: preguntas que nos invitan a pensar en las virtudes que vemos en los dem\u00e1s.<\/li>\n<li>Expresale al grado: preguntas para reflexionar sobre la realidad del aula.<\/li>\n<li>Expresarle al mundo: preguntas para pensar y debatir sobre la sociedad en la que vivimos.<\/li>\n<\/ul>\n<figure id=\"attachment_37951\" aria-describedby=\"caption-attachment-37951\" style=\"width: 800px\" class=\"wp-caption alignnone\"><img loading=\"lazy\" decoding=\"async\" class=\"size-full wp-image-37951\" src=\"https:\/\/vocesparalelas.com.ar\/sitio\/wp-content\/uploads\/2021\/05\/CAMARA-EDIFICIO.jpg\" alt=\"\" width=\"800\" height=\"515\" srcset=\"https:\/\/vocesparalelas.com.ar\/sitio\/wp-content\/uploads\/2021\/05\/CAMARA-EDIFICIO.jpg 800w, https:\/\/vocesparalelas.com.ar\/sitio\/wp-content\/uploads\/2021\/05\/CAMARA-EDIFICIO-300x193.jpg 300w, https:\/\/vocesparalelas.com.ar\/sitio\/wp-content\/uploads\/2021\/05\/CAMARA-EDIFICIO-768x494.jpg 768w\" sizes=\"auto, (max-width: 800px) 100vw, 800px\" \/><figcaption id=\"caption-attachment-37951\" class=\"wp-caption-text\">Legislatura Provincial de San Juan, Rep\u00fablica Argentina<\/figcaption><\/figure>\n<\/div>\n","protected":false},"excerpt":{"rendered":"<p>Las autoridades de la Legislatura Provincial y del Ministerio de Educaci\u00f3n del Gobierno de San Juan llevaron adelante la primera<\/p>\n","protected":false},"author":3,"featured_media":67466,"comment_status":"closed","ping_status":"closed","sticky":false,"template":"","format":"standard","meta":{"_acf_changed":false,"_seopress_robots_primary_cat":"none","_seopress_titles_title":"","_seopress_titles_desc":"","_seopress_robots_index":"","colormag_page_container_layout":"default_layout","colormag_page_sidebar_layout":"default_layout","footnotes":""},"categories":[5],"tags":[],"class_list":["post-67463","post","type-post","status-publish","format-standard","has-post-thumbnail","hentry","category-ofrecimientos"],"acf":[],"_links":{"self":[{"href":"https:\/\/vocesparalelas.com.ar\/sitio\/wp-json\/wp\/v2\/posts\/67463","targetHints":{"allow":["GET"]}}],"collection":[{"href":"https:\/\/vocesparalelas.com.ar\/sitio\/wp-json\/wp\/v2\/posts"}],"about":[{"href":"https:\/\/vocesparalelas.com.ar\/sitio\/wp-json\/wp\/v2\/types\/post"}],"author":[{"embeddable":true,"href":"https:\/\/vocesparalelas.com.ar\/sitio\/wp-json\/wp\/v2\/users\/3"}],"replies":[{"embeddable":true,"href":"https:\/\/vocesparalelas.com.ar\/sitio\/wp-json\/wp\/v2\/comments?post=67463"}],"version-history":[{"count":2,"href":"https:\/\/vocesparalelas.com.ar\/sitio\/wp-json\/wp\/v2\/posts\/67463\/revisions"}],"predecessor-version":[{"id":67499,"href":"https:\/\/vocesparalelas.com.ar\/sitio\/wp-json\/wp\/v2\/posts\/67463\/revisions\/67499"}],"wp:featuredmedia":[{"embeddable":true,"href":"https:\/\/vocesparalelas.com.ar\/sitio\/wp-json\/wp\/v2\/media\/67466"}],"wp:attachment":[{"href":"https:\/\/vocesparalelas.com.ar\/sitio\/wp-json\/wp\/v2\/media?parent=67463"}],"wp:term":[{"taxonomy":"category","embeddable":true,"href":"https:\/\/vocesparalelas.com.ar\/sitio\/wp-json\/wp\/v2\/categories?post=67463"},{"taxonomy":"post_tag","embeddable":true,"href":"https:\/\/vocesparalelas.com.ar\/sitio\/wp-json\/wp\/v2\/tags?post=67463"}],"curies":[{"name":"wp","href":"https:\/\/api.w.org\/{rel}","templated":true}]}}