{"id":67410,"date":"2023-12-26T20:03:16","date_gmt":"2023-12-26T23:03:16","guid":{"rendered":"https:\/\/vocesparalelas.com.ar\/sitio\/?p=67410"},"modified":"2023-12-26T21:05:04","modified_gmt":"2023-12-27T00:05:04","slug":"la-obra-publica-de-san-juan-esta-asegurada-las-que-estan-en-ejecucion","status":"publish","type":"post","link":"https:\/\/vocesparalelas.com.ar\/sitio\/la-obra-publica-de-san-juan-esta-asegurada-las-que-estan-en-ejecucion\/","title":{"rendered":"La Obra P\u00fablica de San Juan est\u00e1 asegurada las que est\u00e1n en ejecuci\u00f3n"},"content":{"rendered":"<p>El gobernador de San Juan, Dr. Marcelo Orrego, mantuvo un encuentro con el ministro de Infraestructura de la Naci\u00f3n, CPN Guillermo Ferraro junto con el secretario de Obras P\u00fablicas, Ing. Luis Giovine. Ambos aseguraron la continuidad de las obras p\u00fablicas iniciadas en la provincia.<\/p>\n<p>Al finalizar la reuni\u00f3n el Gobernador de San Juan, Dr. Marcelo Orrego manifest\u00f3 que \u00abla buena noticia es que desde Naci\u00f3n se han comprometido a continuar y finalizar las obras que ya se han iniciado en San Juan. Las que se encuentren en ejecuci\u00f3n tendr\u00e1n prioridad y, de a poco, iremos avanzando con el resto\u201d.<\/p>\n<p>\u00abAdem\u00e1s, confirmaron que las obras iniciadas con organismos multilaterales como por ejemplo las realizadas con financiamiento del BID, no deber\u00edan interrumpirse y que corresponder\u00eda seguir su curso hasta finalizarse\u00bb.<\/p>\n<p>\u00abAsimismo, el ministro Ferraro detall\u00f3 que desde Presidencia se ha contemplado la presentaci\u00f3n de un proyecto de est\u00edmulo a las inversiones, se va a trabajar en cierto marco jur\u00eddico que brinde seguridad a quienes quieran venir a invertir en San Juan y en Argentina\u201d.<\/p>\n<p>\u00abTambi\u00e9n, las obras de miner\u00eda y obra p\u00fablica ser\u00e1n canalizadas por la cartera de Infraestructura, esto se hace en b\u00fasqueda de mayor inversi\u00f3n desde ambos sectores\u00bb.<\/p>\n<p>\u00abEl encuentro fue positivo y que hasta el momento hay vocaci\u00f3n de di\u00e1logo permanente. Voy a golpear las puertas que sean necesarias y sentarme a charlar para que a San Juan le vaya bien, para que tengamos todas las herramientas posibles para salir adelante y lograr todo lo que nos hemos propuesto. Lo importante que hemos tenido buena recepci\u00f3n por parte del Gobierno de la Naci\u00f3n y confiamos que el di\u00e1logo siga siendo cercano y fluido\u201d -concluy\u00f3 el Gobernador de San Juan, Dr. Marcelo Orrego por los logros alcanzados.<\/p>\n<p>Es importante destacar que la reuni\u00f3n dur\u00f3 m\u00e1s de una hora y el gobernador estuvo acompa\u00f1ado por el ministro de Econom\u00eda, Finanzas y Hacienda, CPN Roberto Guti\u00e9rrez y el ministerio de Infraestructura, Agua y Energ\u00eda, Arq. Fernando Perea.<\/p>\n<p><img loading=\"lazy\" decoding=\"async\" class=\"alignnone size-full wp-image-59964\" src=\"https:\/\/vocesparalelas.com.ar\/sitio\/wp-content\/uploads\/2023\/06\/BANDERA-SAN-JUAN.jpg\" alt=\"\" width=\"800\" height=\"600\" srcset=\"https:\/\/vocesparalelas.com.ar\/sitio\/wp-content\/uploads\/2023\/06\/BANDERA-SAN-JUAN.jpg 800w, https:\/\/vocesparalelas.com.ar\/sitio\/wp-content\/uploads\/2023\/06\/BANDERA-SAN-JUAN-300x225.jpg 300w, https:\/\/vocesparalelas.com.ar\/sitio\/wp-content\/uploads\/2023\/06\/BANDERA-SAN-JUAN-768x576.jpg 768w\" sizes=\"auto, (max-width: 800px) 100vw, 800px\" \/><\/p>\n<p>&nbsp;<\/p>\n<p>&nbsp;<\/p>\n","protected":false},"excerpt":{"rendered":"<p>El gobernador de San Juan, Dr. Marcelo Orrego, mantuvo un encuentro con el ministro de Infraestructura de la Naci\u00f3n, CPN<\/p>\n","protected":false},"author":3,"featured_media":67413,"comment_status":"closed","ping_status":"closed","sticky":false,"template":"","format":"standard","meta":{"_acf_changed":false,"_seopress_robots_primary_cat":"none","_seopress_titles_title":"","_seopress_titles_desc":"","_seopress_robots_index":"","colormag_page_container_layout":"default_layout","colormag_page_sidebar_layout":"default_layout","footnotes":""},"categories":[1],"tags":[],"class_list":["post-67410","post","type-post","status-publish","format-standard","has-post-thumbnail","hentry","category-destacadas"],"acf":[],"_links":{"self":[{"href":"https:\/\/vocesparalelas.com.ar\/sitio\/wp-json\/wp\/v2\/posts\/67410","targetHints":{"allow":["GET"]}}],"collection":[{"href":"https:\/\/vocesparalelas.com.ar\/sitio\/wp-json\/wp\/v2\/posts"}],"about":[{"href":"https:\/\/vocesparalelas.com.ar\/sitio\/wp-json\/wp\/v2\/types\/post"}],"author":[{"embeddable":true,"href":"https:\/\/vocesparalelas.com.ar\/sitio\/wp-json\/wp\/v2\/users\/3"}],"replies":[{"embeddable":true,"href":"https:\/\/vocesparalelas.com.ar\/sitio\/wp-json\/wp\/v2\/comments?post=67410"}],"version-history":[{"count":4,"href":"https:\/\/vocesparalelas.com.ar\/sitio\/wp-json\/wp\/v2\/posts\/67410\/revisions"}],"predecessor-version":[{"id":67420,"href":"https:\/\/vocesparalelas.com.ar\/sitio\/wp-json\/wp\/v2\/posts\/67410\/revisions\/67420"}],"wp:featuredmedia":[{"embeddable":true,"href":"https:\/\/vocesparalelas.com.ar\/sitio\/wp-json\/wp\/v2\/media\/67413"}],"wp:attachment":[{"href":"https:\/\/vocesparalelas.com.ar\/sitio\/wp-json\/wp\/v2\/media?parent=67410"}],"wp:term":[{"taxonomy":"category","embeddable":true,"href":"https:\/\/vocesparalelas.com.ar\/sitio\/wp-json\/wp\/v2\/categories?post=67410"},{"taxonomy":"post_tag","embeddable":true,"href":"https:\/\/vocesparalelas.com.ar\/sitio\/wp-json\/wp\/v2\/tags?post=67410"}],"curies":[{"name":"wp","href":"https:\/\/api.w.org\/{rel}","templated":true}]}}