{"id":67405,"date":"2023-12-26T18:09:05","date_gmt":"2023-12-26T21:09:05","guid":{"rendered":"https:\/\/vocesparalelas.com.ar\/sitio\/?p=67405"},"modified":"2023-12-28T00:58:50","modified_gmt":"2023-12-28T03:58:50","slug":"actividad-del-paso-internacional-de-agua-negra-san-juan","status":"publish","type":"post","link":"https:\/\/vocesparalelas.com.ar\/sitio\/actividad-del-paso-internacional-de-agua-negra-san-juan\/","title":{"rendered":"Actividad del Paso Internacional de Agua Negra San Juan"},"content":{"rendered":"<p>Debido a la din\u00e1mica del Paso y su importancia para Argentina y Chile, la Secretar\u00eda de Relaciones Institucionales del Ministerio de Gobierno de San Juan trabaja proveyendo informaci\u00f3n de la actividad en el l\u00edmite fronterizo.<\/p>\n<p>En esta oportunidad trata del per\u00edodo comprendido entre el 30 de Noviembre y el 25 de Diciembre del 2023.<\/p>\n<p><span style=\"color: #99cc00;\"><strong>En n\u00fameros<\/strong><\/span><\/p>\n<ul>\n<li>Veh\u00edculos egresados: 662<\/li>\n<li>Personas egresadas: 1711<\/li>\n<li>Veh\u00edculos ingresados: 622<\/li>\n<li>Personas ingresadas: 1519<\/li>\n<\/ul>\n<p><span style=\"color: #99cc00;\"><strong>D\u00edas y horarios<\/strong><\/span><\/p>\n<p>La apertura oficial del Paso Agua Negra y la puesta en funcionamiento de los Servicios de Controles Fronterizos tuvo inicio el d\u00eda jueves 30 de noviembre del 2023.<\/p>\n<p>Desde el 01 de diciembre de 2023 hasta el 12 de marzo de 2024 el paso funciona diariamente, de lunes a domingo incluyendo festivos, entre las 07:00 y las 17:00 horas para usuarios que salen del pa\u00eds y de 07:00 a las 21:00; horario que se mantendr\u00e1 durante toda la temporada de apertura, hasta el cierre oficial del Paso, cuya fecha ser\u00e1 comunicada oportunamente.<\/p>\n<p><strong><span style=\"color: #99cc00;\">Conoce el estado del Paso<\/span><\/strong><\/p>\n<p><a href=\"https:\/\/www.argentina.gob.ar\/seguridad\/pasosinternacionales\/detalle\/ruta\/27\/Agua-Negra\">https:\/\/www.argentina.gob.ar\/seguridad\/pasosinternacionales\/detalle\/ruta\/27\/Agua-Negra<\/a><\/p>\n<p><span style=\"color: #99cc00;\"><strong>Tel\u00e9fonos de utilidad<\/strong><\/span><\/p>\n<p><span style=\"color: #99cc00;\"><strong>Ministerio de Gobierno &#8211; Secretar\u00eda de Relaciones Institucionales<\/strong><\/span><\/p>\n<p>TEL:(+54) (264) 4307246 &#8211; 4307251 &#8211; 4307208 Email:\u00a0<span id=\"cloak615c01383948d7f78f3dff806f560f6d\"><span id=\"cloak3860e818989dab3a5ec36bf221082243\"><span id=\"cloak294e48b8e3f8718ffe3a529ae90155dc\"><a href=\"mailto:coop.internacional@sanjuan.gov.ar\">coop.internacional@sanjuan.gov.ar<\/a><\/span><\/span><\/span><\/p>\n<p><span style=\"color: #99cc00;\"><strong>Consulado General de la Rep\u00fablica Argentina en Valpara\u00edso<\/strong><\/span><\/p>\n<p>TEL: ( +56) (32) 2217419 &#8211; 2213691. Guardia: (+56) (9) 93238104. Direcci\u00f3n: Blanco 625 5\u00ba piso, oficina 53, V Regi\u00f3n (casilla de correo No.1660). Email:\u00a0<span id=\"cloak0afab97292b6c25b0d664576e6370fc1\"><span id=\"cloak93be809d77df2f435ef2daa8515bf27c\"><a href=\"mailto:consulado@cvalp.tie.cl\">consulado@cvalp.tie.cl<\/a><\/span><\/span>\u00a0&#8211; Horario de Atenci\u00f3n de 09 a 14hs.<\/p>\n<p><span style=\"color: #99cc00;\"><strong>Gendarmer\u00eda Nacional Argentina<\/strong><\/span><\/p>\n<p>Guardia de prevenci\u00f3n GNA &#8211; Secci\u00f3n Las Flores TEL: (+54) (2647) 497002.<\/p>\n<p>Guardia de prevenci\u00f3n GNA &#8211; Escuadr\u00f3n 25 J\u00e1chal TEL: (+54) (2647) 420473. &#8211;<\/p>\n<p><span style=\"color: #99cc00;\"><strong>Direcci\u00f3n Nacional de Vialidad<\/strong><\/span><\/p>\n<p>TEL: (+54) (264) 4213534 &#8211; 4212966 &#8211; 4212532 Email:\u00a0<span id=\"cloakbffcd04ca9a18c2b417dc5de2a618e2f\"><span id=\"cloak1536a2e6367a641e4881115e833923e4\"><span id=\"cloak9e64bb8ef17c7857862842d9e354bc9e\"><a href=\"mailto:prensasanjuan@vialidad.gob.ar\">prensasanjuan@vialidad.gob.ar<\/a><\/span><\/span><\/span><\/p>\n<p><span style=\"color: #99cc00;\"><strong>Ministerio de Salud &#8211; Hospital Tom\u00e1s Per\u00f3n<\/strong><\/span><\/p>\n<p>Calle Santo Domingo s\/n\u00ba, Rodeo &#8211; Iglesia &#8211; San Juan &#8211; TEL: (+54) (2647) 493045 &#8211; Emergencia 107 Protecci\u00f3n Civil Departamental Tel. (+54) (9) (264) 4118979<\/p>\n<p><strong><span style=\"color: #99cc00;\">Para llamar desde Chile a San Juan, Argentina<\/span><\/strong><\/p>\n<p>A un tel\u00e9fono fijo deber\u00e1 marcar (+54)(264) + n\u00famero de tel\u00e9fono. Para el caso de llamar a celular deber\u00e1 (+54)(9)(264) + n\u00famero de celular (sin el 15 inicial).<\/p>\n<p><span style=\"color: #99cc00;\"><strong>Para llamar desde Argentina a Chile<\/strong><\/span><\/p>\n<p>A un tel\u00e9fono fijo deber\u00e1 marcar (+56)+c\u00f3d. de zona + n\u00famero de tel\u00e9fono (el c\u00f3digo de zona de La Serena &#8211; Coquimbo es 51). Para el caso de llamar a celular deber\u00e1 (+56)(9) + n\u00famero de celular.<\/p>\n","protected":false},"excerpt":{"rendered":"<p>Debido a la din\u00e1mica del Paso y su importancia para Argentina y Chile, la Secretar\u00eda de Relaciones Institucionales del Ministerio<\/p>\n","protected":false},"author":3,"featured_media":55101,"comment_status":"closed","ping_status":"closed","sticky":false,"template":"","format":"standard","meta":{"_acf_changed":false,"_seopress_robots_primary_cat":"none","_seopress_titles_title":"","_seopress_titles_desc":"","_seopress_robots_index":"","colormag_page_container_layout":"default_layout","colormag_page_sidebar_layout":"default_layout","footnotes":""},"categories":[2],"tags":[],"class_list":["post-67405","post","type-post","status-publish","format-standard","has-post-thumbnail","hentry","category-convocatorias"],"acf":[],"_links":{"self":[{"href":"https:\/\/vocesparalelas.com.ar\/sitio\/wp-json\/wp\/v2\/posts\/67405","targetHints":{"allow":["GET"]}}],"collection":[{"href":"https:\/\/vocesparalelas.com.ar\/sitio\/wp-json\/wp\/v2\/posts"}],"about":[{"href":"https:\/\/vocesparalelas.com.ar\/sitio\/wp-json\/wp\/v2\/types\/post"}],"author":[{"embeddable":true,"href":"https:\/\/vocesparalelas.com.ar\/sitio\/wp-json\/wp\/v2\/users\/3"}],"replies":[{"embeddable":true,"href":"https:\/\/vocesparalelas.com.ar\/sitio\/wp-json\/wp\/v2\/comments?post=67405"}],"version-history":[{"count":2,"href":"https:\/\/vocesparalelas.com.ar\/sitio\/wp-json\/wp\/v2\/posts\/67405\/revisions"}],"predecessor-version":[{"id":67409,"href":"https:\/\/vocesparalelas.com.ar\/sitio\/wp-json\/wp\/v2\/posts\/67405\/revisions\/67409"}],"wp:featuredmedia":[{"embeddable":true,"href":"https:\/\/vocesparalelas.com.ar\/sitio\/wp-json\/wp\/v2\/media\/55101"}],"wp:attachment":[{"href":"https:\/\/vocesparalelas.com.ar\/sitio\/wp-json\/wp\/v2\/media?parent=67405"}],"wp:term":[{"taxonomy":"category","embeddable":true,"href":"https:\/\/vocesparalelas.com.ar\/sitio\/wp-json\/wp\/v2\/categories?post=67405"},{"taxonomy":"post_tag","embeddable":true,"href":"https:\/\/vocesparalelas.com.ar\/sitio\/wp-json\/wp\/v2\/tags?post=67405"}],"curies":[{"name":"wp","href":"https:\/\/api.w.org\/{rel}","templated":true}]}}