{"id":67280,"date":"2023-12-21T22:23:32","date_gmt":"2023-12-22T01:23:32","guid":{"rendered":"https:\/\/vocesparalelas.com.ar\/sitio\/?p=67280"},"modified":"2023-12-22T00:38:33","modified_gmt":"2023-12-22T03:38:33","slug":"asumio-el-director-del-spp-de-san-juan-dr-enrique-delgado","status":"publish","type":"post","link":"https:\/\/vocesparalelas.com.ar\/sitio\/asumio-el-director-del-spp-de-san-juan-dr-enrique-delgado\/","title":{"rendered":"Asumi\u00f3 el Director del SPP de San Juan, Dr. Enrique Delgado"},"content":{"rendered":"<div class=\"itemFullText jbintrotext\">\n<p>El Martes, 19 de Diciembre, en la Plaza de las Armas del Servicio Penitenciario Provincial de San Juan, el vicegobernador y presidente nato de la C\u00e1mara de Diputados, Dr. Fabi\u00e1n Mart\u00edn tom\u00f3 juramento al director del Servicio Penitenciario Provincial, Dr. Enrique Delgado.<\/p>\n<p>El acto comenz\u00f3 con la revista de las tropas y luego fue el saludo protocolar a la agrupaci\u00f3n 19 de Diciembre.<\/p>\n<figure id=\"attachment_67222\" aria-describedby=\"caption-attachment-67222\" style=\"width: 800px\" class=\"wp-caption alignnone\"><img loading=\"lazy\" decoding=\"async\" class=\"size-full wp-image-67222\" src=\"https:\/\/vocesparalelas.com.ar\/sitio\/wp-content\/uploads\/2023\/12\/SPP-ASUNCION-03.jpg\" alt=\"\" width=\"800\" height=\"533\" srcset=\"https:\/\/vocesparalelas.com.ar\/sitio\/wp-content\/uploads\/2023\/12\/SPP-ASUNCION-03.jpg 800w, https:\/\/vocesparalelas.com.ar\/sitio\/wp-content\/uploads\/2023\/12\/SPP-ASUNCION-03-300x200.jpg 300w, https:\/\/vocesparalelas.com.ar\/sitio\/wp-content\/uploads\/2023\/12\/SPP-ASUNCION-03-768x512.jpg 768w\" sizes=\"auto, (max-width: 800px) 100vw, 800px\" \/><figcaption id=\"caption-attachment-67222\" class=\"wp-caption-text\">El director saliente del SPP, Dr. Adriel Fern\u00e1ndez, el secretario de Estado de Seguridad y Orden P\u00fablico, Gustavo S\u00e1nchez y el Vicegobernador de San Juan, Dr. Fabi\u00e1n Mart\u00edn<\/figcaption><\/figure>\n<p><img loading=\"lazy\" decoding=\"async\" class=\"alignnone size-full wp-image-67224\" src=\"https:\/\/vocesparalelas.com.ar\/sitio\/wp-content\/uploads\/2023\/12\/SPP-ASUNCION-05.jpg\" alt=\"\" width=\"800\" height=\"533\" srcset=\"https:\/\/vocesparalelas.com.ar\/sitio\/wp-content\/uploads\/2023\/12\/SPP-ASUNCION-05.jpg 800w, https:\/\/vocesparalelas.com.ar\/sitio\/wp-content\/uploads\/2023\/12\/SPP-ASUNCION-05-300x200.jpg 300w, https:\/\/vocesparalelas.com.ar\/sitio\/wp-content\/uploads\/2023\/12\/SPP-ASUNCION-05-768x512.jpg 768w\" sizes=\"auto, (max-width: 800px) 100vw, 800px\" \/><\/p>\n<\/div>\n<div class=\"itemFullText\">\n<p>Posteriormente, los presentes entonaron el Himno Nacional Argentino acompa\u00f1ado por la Banda de M\u00fasica del RIM 22 Tte Juan Manuel Cabot.<\/p>\n<p>Luego, el Director saliente del SPP, Dr. Adriel Fern\u00e1ndez expres\u00f3 unas palabra del coraz\u00f3n que emocion\u00f3 a los presentes.<\/p>\n<\/div>\n<p><iframe loading=\"lazy\" title=\"SPP DR ARIEL FERN\u00c1NDEZ\" width=\"800\" height=\"450\" src=\"https:\/\/www.youtube.com\/embed\/NvbiU_huKUQ?feature=oembed\" frameborder=\"0\" allow=\"accelerometer; autoplay; clipboard-write; encrypted-media; gyroscope; picture-in-picture; web-share\" allowfullscreen><\/iframe><\/p>\n<div class=\"itemFullText\">\n<p>Para finalizar, el director saliente, Dr. Adriel Fern\u00e1ndez, fue reconocido por su labor durante el per\u00edodo 2021-2023.<\/p>\n<p><img loading=\"lazy\" decoding=\"async\" class=\"alignnone size-full wp-image-67221\" src=\"https:\/\/vocesparalelas.com.ar\/sitio\/wp-content\/uploads\/2023\/12\/SPP-ASUNCION-02.jpg\" alt=\"\" width=\"800\" height=\"533\" srcset=\"https:\/\/vocesparalelas.com.ar\/sitio\/wp-content\/uploads\/2023\/12\/SPP-ASUNCION-02.jpg 800w, https:\/\/vocesparalelas.com.ar\/sitio\/wp-content\/uploads\/2023\/12\/SPP-ASUNCION-02-300x200.jpg 300w, https:\/\/vocesparalelas.com.ar\/sitio\/wp-content\/uploads\/2023\/12\/SPP-ASUNCION-02-768x512.jpg 768w\" sizes=\"auto, (max-width: 800px) 100vw, 800px\" \/><\/p>\n<p>A continuaci\u00f3n, el vicegobernador y presidente nato de la C\u00e1mara de Diputados, Dr. Fabi\u00e1n Mart\u00edn tom\u00f3 juramento al director del Servicio Penitenciario Provincial, Dr. Enrique Delgado.<\/p>\n<p><iframe loading=\"lazy\" title=\"SPP DR\" width=\"800\" height=\"450\" src=\"https:\/\/www.youtube.com\/embed\/IDXm1jnKh5w?feature=oembed\" frameborder=\"0\" allow=\"accelerometer; autoplay; clipboard-write; encrypted-media; gyroscope; picture-in-picture; web-share\" allowfullscreen><\/iframe><\/p>\n<p>Otro momento emotivo fue cuando el Capell\u00e1n del SPP An\u00edbal S\u00e1nchez desarroll\u00f3 la bendici\u00f3n de los presentes y un fuerte deseo de gestionar con el alma en un espacio tan sentido para el ser humano.<\/p>\n<p><iframe loading=\"lazy\" title=\"SPP CAPELL\u00c1N\" width=\"800\" height=\"450\" src=\"https:\/\/www.youtube.com\/embed\/Y0TOsBqT9GU?feature=oembed\" frameborder=\"0\" allow=\"accelerometer; autoplay; clipboard-write; encrypted-media; gyroscope; picture-in-picture; web-share\" allowfullscreen><\/iframe><\/p>\n<p>Mas tarde, el director del Servicio Penitenciario Provincial, Dr. Enrique Delgado se dirigi\u00f3 a los presentes para agradecer el acompa\u00f1amiento y la designaci\u00f3n por parte del Gobernador, Dr. Marcelo Orrego, quien confi\u00f3 en el proyecto.<\/p>\n<p><iframe loading=\"lazy\" title=\"SPP DR ENRIQUE DELGADO\" width=\"800\" height=\"450\" src=\"https:\/\/www.youtube.com\/embed\/tfZF__HkVKE?feature=oembed\" frameborder=\"0\" allow=\"accelerometer; autoplay; clipboard-write; encrypted-media; gyroscope; picture-in-picture; web-share\" allowfullscreen><\/iframe><\/p>\n<p>&nbsp;<\/p>\n<p>Por otro lado, el secretario de Estado de Seguridad y Orden P\u00fablico, Dr. Gustavo S\u00e1nchez, se\u00f1al\u00f3 que se requiere, adem\u00e1s de cari\u00f1o a la Instituci\u00f3n, empat\u00eda para convivir con las personas que viven detr\u00e1s de los muros y que se est\u00e1n recuperando. \u201cEsto tiene un gran valor\u201d, remarc\u00f3 y destac\u00f3 su trabajo.<\/p>\n<p>Durante su discurso el Vicegobernador, Dr. Fabi\u00e1n Mart\u00edn, relat\u00f3 c\u00f3mo conoci\u00f3 al nuevo director del Servicio Penitenciario y se\u00f1al\u00f3 que ven\u00eda de una familia penitenciaria. En este sentido manifest\u00f3 que \u201cal momento de decidir sobre quien se iba a hacer cargo de este importante servicio, junto con nuestro gobernador Marcelo Orrego resolvimos confiar en una persona con experiencia como es Enrique Delgado\u201d.<\/p>\n<p>Seguidamente expres\u00f3 \u201cte conozco desde hace mucho tiempo, s\u00e9 de tu cari\u00f1o por este Servicio Penitenciario, s\u00e9 de tu vocaci\u00f3n por la justicia, por el derecho, por el cumplimiento de las normas, y te deseo el mayor de los \u00e9xitos, acompa\u00f1ado de todo este equipo que seguramente van hacer una ardua tarea\u201d.<\/p>\n<p>Luego, transmiti\u00f3 los saludos del gobernador Dr. Marcelo Orrego que no pudo estar presente por cumplir tarea en la provincia de Buenos Aires.<\/p>\n<p>Acto seguido, se dirigi\u00f3 a los trabajadores del Servicio Penitenciario y les dijo que \u201cnosotros confiamos en su profesionalidad junto al gobernador, confiamos en su capacidad de trabajo y en su experiencia. Sabemos que no es una tarea sencilla lo que les toca desarrollar, pero entendemos que es una tarea noble el cuidar de aquellos internos que est\u00e1n privados de la libertad y contribuir en su reinserci\u00f3n en la vida social el d\u00eda que tengan que salir de este servicio. Vamos a trabajar, junto al secretario de Seguridad, al director del Servicio Penitenciario, por supuesto junto al gobernador, para seguir capacitando al personal para que siempre est\u00e9 a la altura de las circunstancias\u201d.<\/p>\n<p>Por \u00faltimo, agradeci\u00f3 al director saliente por estar presente y los servicios prestados y sostuvo que \u201cesto es un gesto muy importante de la democracia que, ante un cambio de gobierno, un cambio de color pol\u00edtico, un cambio en el Servicio Penitenciario, usted nos est\u00e9 acompa\u00f1ando como corresponde\u201d.<\/p>\n<p>&nbsp;<\/p>\n<p><img loading=\"lazy\" decoding=\"async\" class=\"alignnone size-full wp-image-67223\" src=\"https:\/\/vocesparalelas.com.ar\/sitio\/wp-content\/uploads\/2023\/12\/SPP-ASUNCION-04.jpg\" alt=\"\" width=\"800\" height=\"533\" srcset=\"https:\/\/vocesparalelas.com.ar\/sitio\/wp-content\/uploads\/2023\/12\/SPP-ASUNCION-04.jpg 800w, https:\/\/vocesparalelas.com.ar\/sitio\/wp-content\/uploads\/2023\/12\/SPP-ASUNCION-04-300x200.jpg 300w, https:\/\/vocesparalelas.com.ar\/sitio\/wp-content\/uploads\/2023\/12\/SPP-ASUNCION-04-768x512.jpg 768w\" sizes=\"auto, (max-width: 800px) 100vw, 800px\" \/><\/p>\n<\/div>\n","protected":false},"excerpt":{"rendered":"<p>El Martes, 19 de Diciembre, en la Plaza de las Armas del Servicio Penitenciario Provincial de San Juan, el vicegobernador<\/p>\n","protected":false},"author":3,"featured_media":67220,"comment_status":"closed","ping_status":"closed","sticky":false,"template":"","format":"standard","meta":{"_acf_changed":false,"_seopress_robots_primary_cat":"none","_seopress_titles_title":"","_seopress_titles_desc":"","_seopress_robots_index":"","colormag_page_container_layout":"default_layout","colormag_page_sidebar_layout":"default_layout","footnotes":""},"categories":[1,7],"tags":[],"class_list":["post-67280","post","type-post","status-publish","format-standard","has-post-thumbnail","hentry","category-destacadas","category-videos"],"acf":[],"_links":{"self":[{"href":"https:\/\/vocesparalelas.com.ar\/sitio\/wp-json\/wp\/v2\/posts\/67280","targetHints":{"allow":["GET"]}}],"collection":[{"href":"https:\/\/vocesparalelas.com.ar\/sitio\/wp-json\/wp\/v2\/posts"}],"about":[{"href":"https:\/\/vocesparalelas.com.ar\/sitio\/wp-json\/wp\/v2\/types\/post"}],"author":[{"embeddable":true,"href":"https:\/\/vocesparalelas.com.ar\/sitio\/wp-json\/wp\/v2\/users\/3"}],"replies":[{"embeddable":true,"href":"https:\/\/vocesparalelas.com.ar\/sitio\/wp-json\/wp\/v2\/comments?post=67280"}],"version-history":[{"count":4,"href":"https:\/\/vocesparalelas.com.ar\/sitio\/wp-json\/wp\/v2\/posts\/67280\/revisions"}],"predecessor-version":[{"id":67286,"href":"https:\/\/vocesparalelas.com.ar\/sitio\/wp-json\/wp\/v2\/posts\/67280\/revisions\/67286"}],"wp:featuredmedia":[{"embeddable":true,"href":"https:\/\/vocesparalelas.com.ar\/sitio\/wp-json\/wp\/v2\/media\/67220"}],"wp:attachment":[{"href":"https:\/\/vocesparalelas.com.ar\/sitio\/wp-json\/wp\/v2\/media?parent=67280"}],"wp:term":[{"taxonomy":"category","embeddable":true,"href":"https:\/\/vocesparalelas.com.ar\/sitio\/wp-json\/wp\/v2\/categories?post=67280"},{"taxonomy":"post_tag","embeddable":true,"href":"https:\/\/vocesparalelas.com.ar\/sitio\/wp-json\/wp\/v2\/tags?post=67280"}],"curies":[{"name":"wp","href":"https:\/\/api.w.org\/{rel}","templated":true}]}}