{"id":67265,"date":"2023-12-21T22:48:17","date_gmt":"2023-12-22T01:48:17","guid":{"rendered":"https:\/\/vocesparalelas.com.ar\/sitio\/?p=67265"},"modified":"2023-12-22T21:08:59","modified_gmt":"2023-12-23T00:08:59","slug":"misa-de-accion-de-gracia-del-gobierno-de-san-juan","status":"publish","type":"post","link":"https:\/\/vocesparalelas.com.ar\/sitio\/misa-de-accion-de-gracia-del-gobierno-de-san-juan\/","title":{"rendered":"Misa de Acci\u00f3n de Gracia del Gobierno de San Juan"},"content":{"rendered":"<p>En v\u00edsperas de la Nochebuena y Navidad, se realiz\u00f3 el Jueves, 21 de Diciembre, en el atrio de la Iglesia Catedral de San Juan, la tradicional misa que ofici\u00f3 el Arzobispo de San Juan de Cuyo, monse\u00f1or Jorge Lozano, donde particip\u00f3 el gobernador, Dr. Marcelo Orrego y el vicegobernador Dr. Fabi\u00e1n Mart\u00edn, otras autoridades y p\u00fablico en general.<\/p>\n<p>Durante la misa de acci\u00f3n de gracia, el Arzobispo de San Juan de Cuyo, monse\u00f1or Jorge Lozano puntualiz\u00f3 en su Homil\u00eda, la expresi\u00f3n que sintetiza el momento del encuentro cat\u00f3lico.<\/p>\n<p><img loading=\"lazy\" decoding=\"async\" class=\"alignnone size-full wp-image-67269\" src=\"https:\/\/vocesparalelas.com.ar\/sitio\/wp-content\/uploads\/2023\/12\/MISA-NAVIDAD-02.jpg\" alt=\"\" width=\"800\" height=\"500\" srcset=\"https:\/\/vocesparalelas.com.ar\/sitio\/wp-content\/uploads\/2023\/12\/MISA-NAVIDAD-02.jpg 800w, https:\/\/vocesparalelas.com.ar\/sitio\/wp-content\/uploads\/2023\/12\/MISA-NAVIDAD-02-300x188.jpg 300w, https:\/\/vocesparalelas.com.ar\/sitio\/wp-content\/uploads\/2023\/12\/MISA-NAVIDAD-02-768x480.jpg 768w\" sizes=\"auto, (max-width: 800px) 100vw, 800px\" \/><\/p>\n<p>\u00abCuando \u00e9ramos ni\u00f1os y mi madre necesitaba que mi hermano o yo fu\u00e9ramos a comprar algo, siempre pon\u00edamos alguna excusa para que vaya el otro. Excepto cuando se trataba de ir a la panader\u00eda. Siempre me atrajo \u2014especialmente en invierno\u2014 el calorcito del horno a le\u00f1a, el aroma tan particular del lugar, la cordialidad en la atenci\u00f3n, y volver a casa pellizcando un trocito del pan tostadito.<\/p>\n<p>Hay aromas que conocemos en la infancia y que nos evocan personas, situaciones, lugares, historias compartidas.<\/p>\n<p>Bel\u00e9n quiere decir \u201ccasa del pan\u201d. Es la ciudad en la cual nace Jes\u00fas, que ser\u00e1 \u201cPan de Vida\u201d para toda la humanidad. \u00c9l es el \u201cPan vivo bajado del cielo\u201d. Bel\u00e9n tiene \u201caroma a nacimiento\u201d de algo nuevo.<\/p>\n<p>Despu\u00e9s de ser sorprendidos en la noche por el coro de los \u00e1ngeles, los pastores se dijeron unos a otros \u201cvayamos a Bel\u00e9n, y veamos lo que ha sucedido y que el Se\u00f1or nos ha anunciado\u201d, vayamos a la casa del pan (Lc 2, 15). Con la imaginaci\u00f3n y el deseo andemos nosotros tambi\u00e9n con ellos y entremos despacito en aquella gruta.<\/p>\n<p>\u00bfQu\u00e9 encontramos? De nuevo aromas familiares para los pastores. Bosta, encierro, humo del fueguito para templar la temperatura. Olor a velas encendidas para iluminar la cueva.<\/p>\n<p>Tal vez tambi\u00e9n podamos sumar el vapor de la sopa hirviendo para calmar el fr\u00edo y el hambre del camino. Olor a beb\u00e9.<\/p>\n<p>Como sabemos, ese no era un lugar as\u00e9ptico, y menos a\u00fan con cuidados suntuosos. Como dice Francisco, \u201cMar\u00eda es la que sabe transformar una cueva de animales en la casa de Jes\u00fas, con unos pobres pa\u00f1ales y una monta\u00f1a de ternura\u201d (EG 286). \u00a1\u00a1\u00a1Cobijo pobre y humilde para un Ni\u00f1o que es Dios!!! El creador del universo cabe en un beb\u00e9 recostado en una cuna.<\/p>\n<p>En estos d\u00edas aparecen en nuestros di\u00e1logos preguntas como \u201c\u00bfQu\u00e9 me pongo en Nochebuena?\u201d. Revestite de ternura. Cubrite de buenas obras de servicio a las personas m\u00e1s vulnerables.<\/p>\n<p>En este tiempo hay corazones invadidos por la angustia existencial, provocada por una vida<br \/>\ncarente de sentido. De alguna manera todos experimentamos la debilidad y fragilidad, y nos<br \/>\nenfrentamos a las inconsistencias de nuestras opciones de vida.<\/p>\n<p>Se nos regala la presencia de un Ni\u00f1o que nos trae la Paz que no adormece, sino que desinstala y nos pone en camino. Una Paz que no anestesia, sino que nos hace sensibles al dolor de los pobres, los enfermos y excluidos. Una Paz que no es fruto del aislamiento individualista del yo, sino recompensa de la entrega de la vida.<\/p>\n<p>La Navidad acogida vitalmente nos vuelve apasionados por escuchar el clamor de la tierra y<br \/>\nel gemido de los pobres. Apasionados por cuidar la vida desde la concepci\u00f3n hasta la muerte natural.<\/p>\n<p>Y podemos preguntarnos, \u00bfse puede esperar tanto de un Ni\u00f1o?<\/p>\n<p>Con la encarnaci\u00f3n Dios se pone del lado de los fr\u00e1giles y rotos. Si queremos encontrarlo tenemos que alejarnos de la superficialidad y el despilfarro, y acercarnos a la debilidad.<\/p>\n<p>Dios vive en mi casa, en mi oficina, en la plaza\u2026 En los espacios educativos\u2026 en los Centros de salud y en los de detenci\u00f3n.<\/p>\n<p>Para percibirlo hay que saber mirar, tener olfato.<\/p>\n<p>La entrada del Mes\u00edas en la historia de los hombres no pudo haber sido m\u00e1s desconcertante.<\/p>\n<p>Nos cuenta el Evangelio que al reci\u00e9n nacido lo envolvieron en pa\u00f1ales. Eso es signo de la m\u00e1xima fragilidad; de un beb\u00e9 que debe ser atendido, protegido y ayudado. Y curiosamente este ser\u00e1 el signo que tendr\u00e1n los pastores para reconocer el Ni\u00f1o: ni m\u00e1s ni menos que \u00a1un signo de fragilidad! En la noche de Bel\u00e9n la fragilidad es abrazada y cuidada con ternura.<\/p>\n<p>La Navidad es un tiempo para so\u00f1ar en nuestras fragilidades tratadas con ternura.<\/p>\n<p>Ustedes son hombres y mujeres que se dedican a la vocaci\u00f3n pol\u00edtica. Conozco la entrega generosa que esto implica, incluyendo a veces postergaci\u00f3n de realizaciones personales de otro orden. El Papa, la Iglesia, valoramos mucho esta dedicaci\u00f3n a la construcci\u00f3n del bien com\u00fan y la cultura del Encuentro. Perm\u00edtanme decirles que es muy importante que sepan que pisan \u201ctierra sagrada\u201d.<\/p>\n<p style=\"text-align: left;\">Las decisiones que toman inciden \u2014para bien o para mal\u2014 en la vida de las personas, las comunidades, la Patria. Les aliento a desarrollar la cultura del cuidado de los m\u00e1s fr\u00e1giles acogiendo en el coraz\u00f3n la fuerza de Jes\u00fas.<\/p>\n<p style=\"text-align: right;\">+Monse\u00f1or Jorge Eduardo Lozano<br \/>\nArzobispo de San Juan de Cuyo<br \/>\nArgentina<br \/>\n21 de diciembre de 2023<\/p>\n<p>Finalizada la misa, el gobernador Dr, Marcelo Orrego dijo que \u00bb se vienen tiempos dif\u00edciles pero la Navidad tiene que ver con renacer, tratar de estar unidos, el temple que tenemos los sanjuaninos nos dan fortaleza para tener un futuro promisorio\u00bb.<\/p>\n<p><img loading=\"lazy\" decoding=\"async\" class=\"alignnone size-full wp-image-67271\" src=\"https:\/\/vocesparalelas.com.ar\/sitio\/wp-content\/uploads\/2023\/12\/MISA-NAVIDAD-04.jpg\" alt=\"\" width=\"800\" height=\"450\" srcset=\"https:\/\/vocesparalelas.com.ar\/sitio\/wp-content\/uploads\/2023\/12\/MISA-NAVIDAD-04.jpg 800w, https:\/\/vocesparalelas.com.ar\/sitio\/wp-content\/uploads\/2023\/12\/MISA-NAVIDAD-04-300x169.jpg 300w, https:\/\/vocesparalelas.com.ar\/sitio\/wp-content\/uploads\/2023\/12\/MISA-NAVIDAD-04-768x432.jpg 768w\" sizes=\"auto, (max-width: 800px) 100vw, 800px\" \/><\/p>\n<p>Posteriormente, los ni\u00f1os no pod\u00edan faltar a tan sentir cat\u00f3lica con la recreaci\u00f3n del Bel\u00e9n viviente<\/p>\n<p><img loading=\"lazy\" decoding=\"async\" class=\"alignnone size-full wp-image-67270\" src=\"https:\/\/vocesparalelas.com.ar\/sitio\/wp-content\/uploads\/2023\/12\/MISA-NAVIDAD-03.jpg\" alt=\"\" width=\"800\" height=\"450\" srcset=\"https:\/\/vocesparalelas.com.ar\/sitio\/wp-content\/uploads\/2023\/12\/MISA-NAVIDAD-03.jpg 800w, https:\/\/vocesparalelas.com.ar\/sitio\/wp-content\/uploads\/2023\/12\/MISA-NAVIDAD-03-300x169.jpg 300w, https:\/\/vocesparalelas.com.ar\/sitio\/wp-content\/uploads\/2023\/12\/MISA-NAVIDAD-03-768x432.jpg 768w\" sizes=\"auto, (max-width: 800px) 100vw, 800px\" \/><\/p>\n<p>Finalmente, Arzobispo de San Juan de Cuyo Monse\u00f1or Jorge Eduardo Lozano levant\u00f3 al actor principal, el beb\u00e9 que represent\u00f3 el Ni\u00f1o Jes\u00fas, que particip\u00f3 de la recreaci\u00f3n del pesebre y el inicio de la Sagrada familia producto del gran amor.<\/p>\n<p><img loading=\"lazy\" decoding=\"async\" class=\"alignnone size-large wp-image-67300\" src=\"https:\/\/vocesparalelas.com.ar\/sitio\/wp-content\/uploads\/2023\/12\/NAVIDAD-05-754x800.jpg\" alt=\"\" width=\"754\" height=\"800\" srcset=\"https:\/\/vocesparalelas.com.ar\/sitio\/wp-content\/uploads\/2023\/12\/NAVIDAD-05-754x800.jpg 754w, https:\/\/vocesparalelas.com.ar\/sitio\/wp-content\/uploads\/2023\/12\/NAVIDAD-05-283x300.jpg 283w, https:\/\/vocesparalelas.com.ar\/sitio\/wp-content\/uploads\/2023\/12\/NAVIDAD-05-768x815.jpg 768w, https:\/\/vocesparalelas.com.ar\/sitio\/wp-content\/uploads\/2023\/12\/NAVIDAD-05.jpg 800w\" sizes=\"auto, (max-width: 754px) 100vw, 754px\" \/><\/p>\n<p>&nbsp;<\/p>\n<p>&nbsp;<\/p>\n","protected":false},"excerpt":{"rendered":"<p>En v\u00edsperas de la Nochebuena y Navidad, se realiz\u00f3 el Jueves, 21 de Diciembre, en el atrio de la Iglesia<\/p>\n","protected":false},"author":3,"featured_media":67268,"comment_status":"closed","ping_status":"closed","sticky":false,"template":"","format":"standard","meta":{"_acf_changed":false,"_seopress_robots_primary_cat":"none","_seopress_titles_title":"","_seopress_titles_desc":"","_seopress_robots_index":"","colormag_page_container_layout":"default_layout","colormag_page_sidebar_layout":"default_layout","footnotes":""},"categories":[1],"tags":[],"class_list":["post-67265","post","type-post","status-publish","format-standard","has-post-thumbnail","hentry","category-destacadas"],"acf":[],"_links":{"self":[{"href":"https:\/\/vocesparalelas.com.ar\/sitio\/wp-json\/wp\/v2\/posts\/67265","targetHints":{"allow":["GET"]}}],"collection":[{"href":"https:\/\/vocesparalelas.com.ar\/sitio\/wp-json\/wp\/v2\/posts"}],"about":[{"href":"https:\/\/vocesparalelas.com.ar\/sitio\/wp-json\/wp\/v2\/types\/post"}],"author":[{"embeddable":true,"href":"https:\/\/vocesparalelas.com.ar\/sitio\/wp-json\/wp\/v2\/users\/3"}],"replies":[{"embeddable":true,"href":"https:\/\/vocesparalelas.com.ar\/sitio\/wp-json\/wp\/v2\/comments?post=67265"}],"version-history":[{"count":3,"href":"https:\/\/vocesparalelas.com.ar\/sitio\/wp-json\/wp\/v2\/posts\/67265\/revisions"}],"predecessor-version":[{"id":67301,"href":"https:\/\/vocesparalelas.com.ar\/sitio\/wp-json\/wp\/v2\/posts\/67265\/revisions\/67301"}],"wp:featuredmedia":[{"embeddable":true,"href":"https:\/\/vocesparalelas.com.ar\/sitio\/wp-json\/wp\/v2\/media\/67268"}],"wp:attachment":[{"href":"https:\/\/vocesparalelas.com.ar\/sitio\/wp-json\/wp\/v2\/media?parent=67265"}],"wp:term":[{"taxonomy":"category","embeddable":true,"href":"https:\/\/vocesparalelas.com.ar\/sitio\/wp-json\/wp\/v2\/categories?post=67265"},{"taxonomy":"post_tag","embeddable":true,"href":"https:\/\/vocesparalelas.com.ar\/sitio\/wp-json\/wp\/v2\/tags?post=67265"}],"curies":[{"name":"wp","href":"https:\/\/api.w.org\/{rel}","templated":true}]}}