{"id":67258,"date":"2023-12-21T22:11:52","date_gmt":"2023-12-22T01:11:52","guid":{"rendered":"https:\/\/vocesparalelas.com.ar\/sitio\/?p=67258"},"modified":"2023-12-23T01:00:11","modified_gmt":"2023-12-23T04:00:11","slug":"compra-en-rawson-y-gana-premios","status":"publish","type":"post","link":"https:\/\/vocesparalelas.com.ar\/sitio\/compra-en-rawson-y-gana-premios\/","title":{"rendered":"\u00abCompr\u00e1 en Rawson\u00bb y gana premios"},"content":{"rendered":"<p>La Municipalidad de la Ciudad de Rawson trabaja para que los vecinos \u00abCompr\u00e1 en Rawson\u00bb, un programa municipal que tiene como objetivo generar una iniciativa conjunta con actores econ\u00f3micos locales, que articulen mecanismos promocionales que potencien el consumo de productos y servicios en la \u00e9poca de fiestas, como bases del posicionamiento y puesta en valor del diferencial del mercado departamental.<\/p>\n<p>Por ello, las autoridades de la Municipalidad de la Ciudad de Rawson ofrecieron una conferencia de prensa con la participaci\u00f3n de los Periodistas San Juan y comerciantes.<\/p>\n<p><img loading=\"lazy\" decoding=\"async\" class=\"alignnone size-full wp-image-67262\" src=\"https:\/\/vocesparalelas.com.ar\/sitio\/wp-content\/uploads\/2023\/12\/RAWSON-COMPRA-03.jpg\" alt=\"\" width=\"800\" height=\"533\" srcset=\"https:\/\/vocesparalelas.com.ar\/sitio\/wp-content\/uploads\/2023\/12\/RAWSON-COMPRA-03.jpg 800w, https:\/\/vocesparalelas.com.ar\/sitio\/wp-content\/uploads\/2023\/12\/RAWSON-COMPRA-03-300x200.jpg 300w, https:\/\/vocesparalelas.com.ar\/sitio\/wp-content\/uploads\/2023\/12\/RAWSON-COMPRA-03-768x512.jpg 768w\" sizes=\"auto, (max-width: 800px) 100vw, 800px\" \/><\/p>\n<p><iframe loading=\"lazy\" title=\"COMPR\u00c1 EN RAWSON\" width=\"800\" height=\"450\" src=\"https:\/\/www.youtube.com\/embed\/fIs_2nvPeHM?feature=oembed\" frameborder=\"0\" allow=\"accelerometer; autoplay; clipboard-write; encrypted-media; gyroscope; picture-in-picture; web-share\" allowfullscreen><\/iframe><\/p>\n<p>&nbsp;<\/p>\n<p>El coordinador del Programa \u00abCompr\u00e1 en Rawson\u00bb, Ing. Fabricio Fachin, explic\u00f3 en que consiste e invit\u00f3 a los comerciantes y clientes a sumarse al mismo para apostar los productos del departamento.<\/p>\n<p><iframe loading=\"lazy\" title=\"COMPRE EN RAWSON\" width=\"800\" height=\"450\" src=\"https:\/\/www.youtube.com\/embed\/8OB5-WI4qlw?feature=oembed\" frameborder=\"0\" allow=\"accelerometer; autoplay; clipboard-write; encrypted-media; gyroscope; picture-in-picture; web-share\" allowfullscreen><\/iframe><\/p>\n<p>Luego, el Intendente de la Municipalidad de la Ciudad de Rawson, Dr. Carlos Munisaga invit\u00f3 a los comerciantes y a los futuros clientes que se sumen al programa que aspira pondera los productos del departamento que son los mejores y que se debe valorar.<\/p>\n<p><iframe loading=\"lazy\" title=\"COMPRA EN RAWSON INTENDENTE DR CARLOS MUNISAGA\" width=\"800\" height=\"450\" src=\"https:\/\/www.youtube.com\/embed\/3EqTAjWtr1s?feature=oembed\" frameborder=\"0\" allow=\"accelerometer; autoplay; clipboard-write; encrypted-media; gyroscope; picture-in-picture; web-share\" allowfullscreen><\/iframe><\/p>\n<p><strong><span style=\"color: #ff0000;\">Participan<\/span><\/strong><\/p>\n<ul>\n<li>Comercios: los comercios habilitados quienes se inscriban a trav\u00e9s del link de inscripci\u00f3n, dentro de las fechas informadas.<\/li>\n<li>Consumidores &#8211; Clientes: las personas que realicen alguna compra en los comercios adheridos a tal actividad, quienes accedan y completen sus datos a trav\u00e9s del QR expuesto en los comercios participantes.<\/li>\n<\/ul>\n<p><strong><span style=\"color: #ff0000;\">Inscripci\u00f3n<\/span><\/strong><\/p>\n<p>Consumidores &#8211; Clientes: las inscripciones para quienes compren en locales adheridos se inician el Mi\u00e9rcoles, 20 de Diciembre de 2023 y tiene\u00a0 continuidad y cierre hasta el Mi\u00e9rcoles, 3 de Enero de 2024, hasta a las 00 hs inclusive. El comerciante debe informar a sus clientes la posibilidad de participar mediante el escaneado de un c\u00f3digo QR.<\/p>\n<p><strong><span style=\"color: #ff0000;\">Inscripci\u00f3n<\/span><\/strong><\/p>\n<p>Comerciantes\u00a0a trav\u00e9s de<\/p>\n<p><a href=\"https:\/\/www.rawson.ar\/compraenrawson\/\">https:\/\/www.rawson.ar\/compraenrawson\/<\/a><\/p>\n<p>donde registra sus datos Raz\u00f3n social y tel\u00e9fono, tambi\u00e9n informa si colabora en donaci\u00f3n con alg\u00fan voucher, descuento, producto, o servicio que es utilizado como premio el d\u00eda del sorteo.<\/p>\n<p><strong><span style=\"color: #ff0000;\">Auspician<\/span><\/strong><\/p>\n<ul>\n<li>Centro Comercial e Industrial de Rawson<\/li>\n<li>C\u00e1mara Cerrajeros San Juan<\/li>\n<li>Sociedad de Chacareros Temporarios de San Juan<\/li>\n<li>C\u00e1mara de Comercio Agroindustrial y Turismo de Rawson<\/li>\n<li>Municipalidad de la Ciudad de Rawson Gobierno<\/li>\n<\/ul>\n<p><img loading=\"lazy\" decoding=\"async\" class=\"alignnone size-full wp-image-67263\" src=\"https:\/\/vocesparalelas.com.ar\/sitio\/wp-content\/uploads\/2023\/12\/COMPRA-EN-RAWSON-LOGO.png\" alt=\"\" width=\"800\" height=\"450\" srcset=\"https:\/\/vocesparalelas.com.ar\/sitio\/wp-content\/uploads\/2023\/12\/COMPRA-EN-RAWSON-LOGO.png 800w, https:\/\/vocesparalelas.com.ar\/sitio\/wp-content\/uploads\/2023\/12\/COMPRA-EN-RAWSON-LOGO-300x169.png 300w, https:\/\/vocesparalelas.com.ar\/sitio\/wp-content\/uploads\/2023\/12\/COMPRA-EN-RAWSON-LOGO-768x432.png 768w\" sizes=\"auto, (max-width: 800px) 100vw, 800px\" \/><\/p>\n<p><img loading=\"lazy\" decoding=\"async\" class=\"alignnone size-full wp-image-67149\" src=\"https:\/\/vocesparalelas.com.ar\/sitio\/wp-content\/uploads\/2023\/12\/RAWSON-LOGO-NUEVO.jpg\" alt=\"\" width=\"800\" height=\"533\" srcset=\"https:\/\/vocesparalelas.com.ar\/sitio\/wp-content\/uploads\/2023\/12\/RAWSON-LOGO-NUEVO.jpg 800w, https:\/\/vocesparalelas.com.ar\/sitio\/wp-content\/uploads\/2023\/12\/RAWSON-LOGO-NUEVO-300x200.jpg 300w, https:\/\/vocesparalelas.com.ar\/sitio\/wp-content\/uploads\/2023\/12\/RAWSON-LOGO-NUEVO-768x512.jpg 768w\" sizes=\"auto, (max-width: 800px) 100vw, 800px\" \/><\/p>\n","protected":false},"excerpt":{"rendered":"<p>La Municipalidad de la Ciudad de Rawson trabaja para que los vecinos \u00abCompr\u00e1 en Rawson\u00bb, un programa municipal que tiene<\/p>\n","protected":false},"author":3,"featured_media":67261,"comment_status":"closed","ping_status":"closed","sticky":false,"template":"","format":"standard","meta":{"_acf_changed":false,"_seopress_robots_primary_cat":"none","_seopress_titles_title":"","_seopress_titles_desc":"","_seopress_robots_index":"","colormag_page_container_layout":"default_layout","colormag_page_sidebar_layout":"default_layout","footnotes":""},"categories":[2,7],"tags":[],"class_list":["post-67258","post","type-post","status-publish","format-standard","has-post-thumbnail","hentry","category-convocatorias","category-videos"],"acf":[],"_links":{"self":[{"href":"https:\/\/vocesparalelas.com.ar\/sitio\/wp-json\/wp\/v2\/posts\/67258","targetHints":{"allow":["GET"]}}],"collection":[{"href":"https:\/\/vocesparalelas.com.ar\/sitio\/wp-json\/wp\/v2\/posts"}],"about":[{"href":"https:\/\/vocesparalelas.com.ar\/sitio\/wp-json\/wp\/v2\/types\/post"}],"author":[{"embeddable":true,"href":"https:\/\/vocesparalelas.com.ar\/sitio\/wp-json\/wp\/v2\/users\/3"}],"replies":[{"embeddable":true,"href":"https:\/\/vocesparalelas.com.ar\/sitio\/wp-json\/wp\/v2\/comments?post=67258"}],"version-history":[{"count":2,"href":"https:\/\/vocesparalelas.com.ar\/sitio\/wp-json\/wp\/v2\/posts\/67258\/revisions"}],"predecessor-version":[{"id":67273,"href":"https:\/\/vocesparalelas.com.ar\/sitio\/wp-json\/wp\/v2\/posts\/67258\/revisions\/67273"}],"wp:featuredmedia":[{"embeddable":true,"href":"https:\/\/vocesparalelas.com.ar\/sitio\/wp-json\/wp\/v2\/media\/67261"}],"wp:attachment":[{"href":"https:\/\/vocesparalelas.com.ar\/sitio\/wp-json\/wp\/v2\/media?parent=67258"}],"wp:term":[{"taxonomy":"category","embeddable":true,"href":"https:\/\/vocesparalelas.com.ar\/sitio\/wp-json\/wp\/v2\/categories?post=67258"},{"taxonomy":"post_tag","embeddable":true,"href":"https:\/\/vocesparalelas.com.ar\/sitio\/wp-json\/wp\/v2\/tags?post=67258"}],"curies":[{"name":"wp","href":"https:\/\/api.w.org\/{rel}","templated":true}]}}