{"id":67239,"date":"2023-12-20T19:21:05","date_gmt":"2023-12-20T22:21:05","guid":{"rendered":"https:\/\/vocesparalelas.com.ar\/sitio\/?p=67239"},"modified":"2023-12-20T19:54:40","modified_gmt":"2023-12-20T22:54:40","slug":"se-reanuda-la-tercera-parte-de-la-primera-sesion-extraordinaria-de-la-camara-de-diputados-de-san-juan","status":"publish","type":"post","link":"https:\/\/vocesparalelas.com.ar\/sitio\/se-reanuda-la-tercera-parte-de-la-primera-sesion-extraordinaria-de-la-camara-de-diputados-de-san-juan\/","title":{"rendered":"Se reanuda la tercera parte de la Primera Sesi\u00f3n Extraordinaria de la C\u00e1mara de Diputados de San Juan"},"content":{"rendered":"<div class=\"itemFullText jbintrotext\">\n<p>La C\u00e1mara de Diputados de San Juan reanuda la tercera parte de la Primera Sesi\u00f3n Extraordinaria, el Jueves, 21 de Diciembre de 2023, a partir de las 9.30 hs.<\/p>\n<p>Cabe recordar que pas\u00f3 a un cuarto intermedio del Jueves, 14 de Diciembre, tras haber aprobado la designaci\u00f3n del defensor del Pueblo.<\/p>\n<\/div>\n<div class=\"itemFullText\">\n<p>En esta oportunidad, los legisladores deben definir en el recinto los siguientes puntos del orden del d\u00eda:<\/p>\n<ul>\n<li>Designaci\u00f3n de los Diputados, titular y suplente, para integrar el Consejo de la Magistratura, Art. 215 de la Constituci\u00f3n de San Juan.<\/li>\n<li>Designaci\u00f3n de los diputados que integran la Comisi\u00f3n Permanente, Art. 172 de la Constituci\u00f3n Provincial).<\/li>\n<li>Designaci\u00f3n de los dos vocales que ser\u00e1n miembros del Tribunal de Cuentas (art\u00edculo 258 de la Constituci\u00f3n\u00a0 de San Juan.<\/li>\n<li>Designaci\u00f3n de dos vocales del Instituto Provincial de Exploraciones y Explotaciones Mineras, IPEEM, Ley N\u00ba 387-A.<\/li>\n<li>Y, por \u00faltimo, designar a los Diputados, representantes de la C\u00e1mara de Diputados de San Juan, ante las Audiencias P\u00fablicas que sean convocadas por el Ente Provincial Regulador de la Electricidad &#8211; EPRE.<\/li>\n<\/ul>\n<p><img loading=\"lazy\" decoding=\"async\" class=\"alignnone size-full wp-image-67034\" src=\"https:\/\/vocesparalelas.com.ar\/sitio\/wp-content\/uploads\/2023\/12\/CDSJ-SORTEO.jpg\" alt=\"\" width=\"800\" height=\"523\" srcset=\"https:\/\/vocesparalelas.com.ar\/sitio\/wp-content\/uploads\/2023\/12\/CDSJ-SORTEO.jpg 800w, https:\/\/vocesparalelas.com.ar\/sitio\/wp-content\/uploads\/2023\/12\/CDSJ-SORTEO-300x196.jpg 300w, https:\/\/vocesparalelas.com.ar\/sitio\/wp-content\/uploads\/2023\/12\/CDSJ-SORTEO-768x502.jpg 768w\" sizes=\"auto, (max-width: 800px) 100vw, 800px\" \/><\/p>\n<\/div>\n<p>&nbsp;<\/p>\n<p><strong><span style=\"color: #800080;\">Un poco de historia en San Juan<\/span><\/strong><\/p>\n<p><strong><span style=\"color: #800080;\">Primera Sesi\u00f3n Extraordinaria de la C\u00e1mara de Diputados de San Juan<\/span><\/strong><\/p>\n<p>&nbsp;<\/p>\n<blockquote class=\"wp-embedded-content\" data-secret=\"L12mMU5r3I\"><p><a href=\"https:\/\/vocesparalelas.com.ar\/sitio\/asumieron-el-gobernador-de-san-juan-dr-marcelo-orrego-y-el-vicegobernador-dr-fabian-martin\/\">Asumieron el Gobernador de San Juan, Dr. Marcelo Orrego y el Vicegobernador, Dr. Fabi\u00e1n Mart\u00edn<\/a><\/p><\/blockquote>\n<p><iframe loading=\"lazy\" class=\"wp-embedded-content\" sandbox=\"allow-scripts\" security=\"restricted\" style=\"position: absolute; clip: rect(1px, 1px, 1px, 1px);\" title=\"\u00abAsumieron el Gobernador de San Juan, Dr. Marcelo Orrego y el Vicegobernador, Dr. Fabi\u00e1n Mart\u00edn\u00bb \u2014 Voces Paralelas\" src=\"https:\/\/vocesparalelas.com.ar\/sitio\/asumieron-el-gobernador-de-san-juan-dr-marcelo-orrego-y-el-vicegobernador-dr-fabian-martin\/embed\/#?secret=pL9k4njsOf#?secret=L12mMU5r3I\" data-secret=\"L12mMU5r3I\" width=\"600\" height=\"338\" frameborder=\"0\" marginwidth=\"0\" marginheight=\"0\" scrolling=\"no\"><\/iframe><\/p>\n<p>&nbsp;<\/p>\n<p><strong><span style=\"color: #800080;\">Segunda Sesi\u00f3n Extraordinaria de la C\u00e1mara de Diputados de San Juan<\/span><\/strong><\/p>\n<p>&nbsp;<\/p>\n<blockquote class=\"wp-embedded-content\" data-secret=\"dYQCF5eD6R\"><p><a href=\"https:\/\/vocesparalelas.com.ar\/sitio\/conformaron-las-salas-acusadora-y-juzgadora-de-la-camara-de-diputados-de-san-juan\/\">Conformaron las salas Acusadora y Juzgadora de la C\u00e1mara de Diputados de San Juan<\/a><\/p><\/blockquote>\n<p><iframe loading=\"lazy\" class=\"wp-embedded-content\" sandbox=\"allow-scripts\" security=\"restricted\" style=\"position: absolute; clip: rect(1px, 1px, 1px, 1px);\" title=\"\u00abConformaron las salas Acusadora y Juzgadora de la C\u00e1mara de Diputados de San Juan\u00bb \u2014 Voces Paralelas\" src=\"https:\/\/vocesparalelas.com.ar\/sitio\/conformaron-las-salas-acusadora-y-juzgadora-de-la-camara-de-diputados-de-san-juan\/embed\/#?secret=PTU1M0wkyo#?secret=dYQCF5eD6R\" data-secret=\"dYQCF5eD6R\" width=\"600\" height=\"338\" frameborder=\"0\" marginwidth=\"0\" marginheight=\"0\" scrolling=\"no\"><\/iframe><\/p>\n","protected":false},"excerpt":{"rendered":"<p>La C\u00e1mara de Diputados de San Juan reanuda la tercera parte de la Primera Sesi\u00f3n Extraordinaria, el Jueves, 21 de<\/p>\n","protected":false},"author":3,"featured_media":37951,"comment_status":"closed","ping_status":"closed","sticky":false,"template":"","format":"standard","meta":{"_acf_changed":false,"_seopress_robots_primary_cat":"none","_seopress_titles_title":"","_seopress_titles_desc":"","_seopress_robots_index":"","colormag_page_container_layout":"default_layout","colormag_page_sidebar_layout":"default_layout","footnotes":""},"categories":[1],"tags":[],"class_list":["post-67239","post","type-post","status-publish","format-standard","has-post-thumbnail","hentry","category-destacadas"],"acf":[],"_links":{"self":[{"href":"https:\/\/vocesparalelas.com.ar\/sitio\/wp-json\/wp\/v2\/posts\/67239","targetHints":{"allow":["GET"]}}],"collection":[{"href":"https:\/\/vocesparalelas.com.ar\/sitio\/wp-json\/wp\/v2\/posts"}],"about":[{"href":"https:\/\/vocesparalelas.com.ar\/sitio\/wp-json\/wp\/v2\/types\/post"}],"author":[{"embeddable":true,"href":"https:\/\/vocesparalelas.com.ar\/sitio\/wp-json\/wp\/v2\/users\/3"}],"replies":[{"embeddable":true,"href":"https:\/\/vocesparalelas.com.ar\/sitio\/wp-json\/wp\/v2\/comments?post=67239"}],"version-history":[{"count":4,"href":"https:\/\/vocesparalelas.com.ar\/sitio\/wp-json\/wp\/v2\/posts\/67239\/revisions"}],"predecessor-version":[{"id":67245,"href":"https:\/\/vocesparalelas.com.ar\/sitio\/wp-json\/wp\/v2\/posts\/67239\/revisions\/67245"}],"wp:featuredmedia":[{"embeddable":true,"href":"https:\/\/vocesparalelas.com.ar\/sitio\/wp-json\/wp\/v2\/media\/37951"}],"wp:attachment":[{"href":"https:\/\/vocesparalelas.com.ar\/sitio\/wp-json\/wp\/v2\/media?parent=67239"}],"wp:term":[{"taxonomy":"category","embeddable":true,"href":"https:\/\/vocesparalelas.com.ar\/sitio\/wp-json\/wp\/v2\/categories?post=67239"},{"taxonomy":"post_tag","embeddable":true,"href":"https:\/\/vocesparalelas.com.ar\/sitio\/wp-json\/wp\/v2\/tags?post=67239"}],"curies":[{"name":"wp","href":"https:\/\/api.w.org\/{rel}","templated":true}]}}