{"id":67227,"date":"2023-12-19T19:40:23","date_gmt":"2023-12-19T22:40:23","guid":{"rendered":"https:\/\/vocesparalelas.com.ar\/sitio\/?p=67227"},"modified":"2023-12-20T13:05:01","modified_gmt":"2023-12-20T16:05:01","slug":"las-fuerzas-de-seguridad-solo-van-acompanar-a-los-grupos-sociales-en-san-juan","status":"publish","type":"post","link":"https:\/\/vocesparalelas.com.ar\/sitio\/las-fuerzas-de-seguridad-solo-van-acompanar-a-los-grupos-sociales-en-san-juan\/","title":{"rendered":"Las fuerzas de Seguridad s\u00f3lo van acompa\u00f1ar a los grupos sociales en San Juan"},"content":{"rendered":"<p>El Mi\u00e9rcoles, 20 de Diciembre, a las 18 hs. frente a la Catedral se re\u00fanen los grupos sociales de San Juan para caminar bajo el lema\u00a0\u201cNo al plan motosierra contra el pueblo\u201d.<\/p>\n<p>Las fuerzas de Seguridad s\u00f3lo van acompa\u00f1ar a estos grupos para controlar y evitar desmanes. Ellos van a observar desde las veredas. Est\u00e1n afectadas las fuerzas de seguridad.<\/p>\n<p><strong><span style=\"color: #ff0000;\">Agrupaciones Sociales de San Juan<\/span><\/strong><\/p>\n<ul>\n<li>Polo Obrero,<\/li>\n<li>Partido Obrero,<\/li>\n<li>Izquierda Socialista,<\/li>\n<li>Corriente Clasista<\/li>\n<li>Corriente Combativa,<\/li>\n<li>PTP,<\/li>\n<li>PCR,<\/li>\n<li>CTA Aut\u00f3noma,<\/li>\n<li>Causa Docente,<\/li>\n<li>FOL,<\/li>\n<li>Federaci\u00f3n Nacional Campesina,<\/li>\n<li>MTL,<\/li>\n<li>JCR,<\/li>\n<li>ADICUS,<\/li>\n<li>CEPA,<\/li>\n<li>MST,<\/li>\n<li>MST Teresa Vive,<\/li>\n<li>Red Ecosocialista,<\/li>\n<li>Juntas Izquierda,<\/li>\n<li>La Marea<\/li>\n<li>Movimiento de Mujeres Sanjuaninas.<\/li>\n<\/ul>\n<p>Por ello, el Secretario de Seguridad del Gobierno de San Juan, Dr. Gustavo S\u00e1nchez, quien explic\u00f3 la tarea que tienen para controlar las agrupaciones para evitar alguna situaci\u00f3n de violencia.<\/p>\n<p>&nbsp;<\/p>\n<p><iframe loading=\"lazy\" title=\"SS SAN JUAN DR GUSTAVO S\u00c1NCHEZ\" width=\"800\" height=\"450\" src=\"https:\/\/www.youtube.com\/embed\/Fo7IuY43aeY?feature=oembed\" frameborder=\"0\" allow=\"accelerometer; autoplay; clipboard-write; encrypted-media; gyroscope; picture-in-picture; web-share\" allowfullscreen><\/iframe><\/p>\n<figure id=\"attachment_50787\" aria-describedby=\"caption-attachment-50787\" style=\"width: 800px\" class=\"wp-caption alignnone\"><img loading=\"lazy\" decoding=\"async\" class=\"size-full wp-image-50787\" src=\"https:\/\/vocesparalelas.com.ar\/sitio\/wp-content\/uploads\/2022\/07\/Manifestacion-Berni-300-01.jpg\" alt=\"\" width=\"800\" height=\"573\" srcset=\"https:\/\/vocesparalelas.com.ar\/sitio\/wp-content\/uploads\/2022\/07\/Manifestacion-Berni-300-01.jpg 800w, https:\/\/vocesparalelas.com.ar\/sitio\/wp-content\/uploads\/2022\/07\/Manifestacion-Berni-300-01-300x215.jpg 300w, https:\/\/vocesparalelas.com.ar\/sitio\/wp-content\/uploads\/2022\/07\/Manifestacion-Berni-300-01-768x550.jpg 768w\" sizes=\"auto, (max-width: 800px) 100vw, 800px\" \/><figcaption id=\"caption-attachment-50787\" class=\"wp-caption-text\">\u201cManifestaci\u00f3n\u201d obra que el artista argentino Antonio Berni pint\u00f3 en 1934.<\/figcaption><\/figure>\n<p>&nbsp;<\/p>\n","protected":false},"excerpt":{"rendered":"<p>El Mi\u00e9rcoles, 20 de Diciembre, a las 18 hs. frente a la Catedral se re\u00fanen los grupos sociales de San<\/p>\n","protected":false},"author":3,"featured_media":67230,"comment_status":"closed","ping_status":"closed","sticky":false,"template":"","format":"standard","meta":{"_acf_changed":false,"_seopress_robots_primary_cat":"none","_seopress_titles_title":"","_seopress_titles_desc":"","_seopress_robots_index":"","colormag_page_container_layout":"default_layout","colormag_page_sidebar_layout":"default_layout","footnotes":""},"categories":[1,7],"tags":[],"class_list":["post-67227","post","type-post","status-publish","format-standard","has-post-thumbnail","hentry","category-destacadas","category-videos"],"acf":[],"_links":{"self":[{"href":"https:\/\/vocesparalelas.com.ar\/sitio\/wp-json\/wp\/v2\/posts\/67227","targetHints":{"allow":["GET"]}}],"collection":[{"href":"https:\/\/vocesparalelas.com.ar\/sitio\/wp-json\/wp\/v2\/posts"}],"about":[{"href":"https:\/\/vocesparalelas.com.ar\/sitio\/wp-json\/wp\/v2\/types\/post"}],"author":[{"embeddable":true,"href":"https:\/\/vocesparalelas.com.ar\/sitio\/wp-json\/wp\/v2\/users\/3"}],"replies":[{"embeddable":true,"href":"https:\/\/vocesparalelas.com.ar\/sitio\/wp-json\/wp\/v2\/comments?post=67227"}],"version-history":[{"count":3,"href":"https:\/\/vocesparalelas.com.ar\/sitio\/wp-json\/wp\/v2\/posts\/67227\/revisions"}],"predecessor-version":[{"id":67232,"href":"https:\/\/vocesparalelas.com.ar\/sitio\/wp-json\/wp\/v2\/posts\/67227\/revisions\/67232"}],"wp:featuredmedia":[{"embeddable":true,"href":"https:\/\/vocesparalelas.com.ar\/sitio\/wp-json\/wp\/v2\/media\/67230"}],"wp:attachment":[{"href":"https:\/\/vocesparalelas.com.ar\/sitio\/wp-json\/wp\/v2\/media?parent=67227"}],"wp:term":[{"taxonomy":"category","embeddable":true,"href":"https:\/\/vocesparalelas.com.ar\/sitio\/wp-json\/wp\/v2\/categories?post=67227"},{"taxonomy":"post_tag","embeddable":true,"href":"https:\/\/vocesparalelas.com.ar\/sitio\/wp-json\/wp\/v2\/tags?post=67227"}],"curies":[{"name":"wp","href":"https:\/\/api.w.org\/{rel}","templated":true}]}}