{"id":67207,"date":"2023-12-19T21:40:18","date_gmt":"2023-12-20T00:40:18","guid":{"rendered":"https:\/\/vocesparalelas.com.ar\/sitio\/?p=67207"},"modified":"2023-12-19T22:47:31","modified_gmt":"2023-12-20T01:47:31","slug":"ha-sido-un-encuentro-de-dialogo-y-de-institucionalidad-con-el-presidente-de-la-republica-argentina-econ-javier-milei","status":"publish","type":"post","link":"https:\/\/vocesparalelas.com.ar\/sitio\/ha-sido-un-encuentro-de-dialogo-y-de-institucionalidad-con-el-presidente-de-la-republica-argentina-econ-javier-milei\/","title":{"rendered":"\u201cHa sido un encuentro de di\u00e1logo y de institucionalidad con el Presidente de la Rep\u00fablica Argentina, Econ. Javier Milei\u00bb"},"content":{"rendered":"<p>El gobernador de San Juan, Dr. Marcelo Orrego, asisti\u00f3 a la reuni\u00f3n convocada por el Presidente de la Rep\u00fablica Argentina, Econ. Javier Milei, en la Casa Rosada junto con otros los gobernadores y el Jefe de Gobierno porte\u00f1o.<\/p>\n<p>El Dr. Orrego dio detalles de la reuni\u00f3n y dijo que \u201cfue un encuentro que dur\u00f3 2.30 horas y en el cual el presidente nos expres\u00f3 detalles de la situaci\u00f3n econ\u00f3mica del pa\u00eds. Nos inform\u00f3 con datos emp\u00edricos la grave situaci\u00f3n que atraviesa la Argentina\u201d<\/p>\n<p>El gobernador de la provincia tambi\u00e9n detall\u00f3 que \u201clos gobernadores pudimos brindar nuestros puntos de vista y detallar las medidas que hemos tomado con relaci\u00f3n a la austeridad que amerita este escenario y al cuidado del gasto p\u00fablico\u201d<\/p>\n<p>En cuanto a San Juan, el Dr. Orrego detall\u00f3 que \u00abexpuse puntos importantes como la preocupaci\u00f3n por la obra p\u00fablica, por la suba de la al\u00edcuota en los derechos de exportaci\u00f3n al 8% para la vitivinicultura y puso sobre la mesa el impacto que tuvo la modificaci\u00f3n del impuesto a las Ganancias en las arcas provinciales a partir de la ca\u00edda de la coparticipaci\u00f3n. Para San Juan son temas muy importantes, cuando hablamos de obra p\u00fablica nos referimos a la construcci\u00f3n de viviendas, de caminos que nos permiten transitar y trabajar, por ejemplo\u201d.<\/p>\n<p>Para finalizar, el primer mandatario puntualiz\u00f3 que \u201cel presidente nos dijo que va a presentar una norma \u00f3mnibus de medidas que estar\u00e1 entre el Martes y Mi\u00e9rcoles, 20 de Diciembre.\u00a0 Vamos a analizarlo en detalle y estudiar el impacto que podr\u00eda tener para San Juan cada uno de los puntos. Desde mi lugar, ratifico mi compromiso de esfuerzo conjunto para que al pa\u00eds le vaya bien y, sobre todo, defender principalmente a San Juan\u201d.<\/p>\n<p>Los Periodistas San Juan, consultaron al Vicegobernador a cargo del Ejecutivo de San Juan, Dr. Fabi\u00e1n Mart\u00edn explic\u00f3 que mantuvo comunicaci\u00f3n con el Gobernador de San Juan, Dr. Marcelo Orrego, quien le transmiti\u00f3 los resultados de la reuni\u00f3n con el Presidente de la Rep\u00fablica Argentina, Econ. Javier Milei.<\/p>\n<p><iframe loading=\"lazy\" title=\"VICEGOBERNADOR SAN JUAN DR FABI\u00c1N MART\u00cdN\" width=\"800\" height=\"450\" src=\"https:\/\/www.youtube.com\/embed\/h8d5TjtKBXM?feature=oembed\" frameborder=\"0\" allow=\"accelerometer; autoplay; clipboard-write; encrypted-media; gyroscope; picture-in-picture; web-share\" allowfullscreen><\/iframe><\/p>\n<p>&nbsp;<\/p>\n<p>&nbsp;<\/p>\n","protected":false},"excerpt":{"rendered":"<p>El gobernador de San Juan, Dr. Marcelo Orrego, asisti\u00f3 a la reuni\u00f3n convocada por el Presidente de la Rep\u00fablica Argentina,<\/p>\n","protected":false},"author":3,"featured_media":67210,"comment_status":"closed","ping_status":"closed","sticky":false,"template":"","format":"standard","meta":{"_acf_changed":false,"_seopress_robots_primary_cat":"none","_seopress_titles_title":"","_seopress_titles_desc":"","_seopress_robots_index":"","colormag_page_container_layout":"default_layout","colormag_page_sidebar_layout":"default_layout","footnotes":""},"categories":[1,7],"tags":[],"class_list":["post-67207","post","type-post","status-publish","format-standard","has-post-thumbnail","hentry","category-destacadas","category-videos"],"acf":[],"_links":{"self":[{"href":"https:\/\/vocesparalelas.com.ar\/sitio\/wp-json\/wp\/v2\/posts\/67207","targetHints":{"allow":["GET"]}}],"collection":[{"href":"https:\/\/vocesparalelas.com.ar\/sitio\/wp-json\/wp\/v2\/posts"}],"about":[{"href":"https:\/\/vocesparalelas.com.ar\/sitio\/wp-json\/wp\/v2\/types\/post"}],"author":[{"embeddable":true,"href":"https:\/\/vocesparalelas.com.ar\/sitio\/wp-json\/wp\/v2\/users\/3"}],"replies":[{"embeddable":true,"href":"https:\/\/vocesparalelas.com.ar\/sitio\/wp-json\/wp\/v2\/comments?post=67207"}],"version-history":[{"count":3,"href":"https:\/\/vocesparalelas.com.ar\/sitio\/wp-json\/wp\/v2\/posts\/67207\/revisions"}],"predecessor-version":[{"id":67213,"href":"https:\/\/vocesparalelas.com.ar\/sitio\/wp-json\/wp\/v2\/posts\/67207\/revisions\/67213"}],"wp:featuredmedia":[{"embeddable":true,"href":"https:\/\/vocesparalelas.com.ar\/sitio\/wp-json\/wp\/v2\/media\/67210"}],"wp:attachment":[{"href":"https:\/\/vocesparalelas.com.ar\/sitio\/wp-json\/wp\/v2\/media?parent=67207"}],"wp:term":[{"taxonomy":"category","embeddable":true,"href":"https:\/\/vocesparalelas.com.ar\/sitio\/wp-json\/wp\/v2\/categories?post=67207"},{"taxonomy":"post_tag","embeddable":true,"href":"https:\/\/vocesparalelas.com.ar\/sitio\/wp-json\/wp\/v2\/tags?post=67207"}],"curies":[{"name":"wp","href":"https:\/\/api.w.org\/{rel}","templated":true}]}}