{"id":67196,"date":"2023-12-19T12:38:35","date_gmt":"2023-12-19T15:38:35","guid":{"rendered":"https:\/\/vocesparalelas.com.ar\/sitio\/?p=67196"},"modified":"2023-12-19T12:38:35","modified_gmt":"2023-12-19T15:38:35","slug":"entregan-certificados-de-la-escuela-de-oficios-y-educacion-profesional-de-la-fi-de-la-unsj","status":"publish","type":"post","link":"https:\/\/vocesparalelas.com.ar\/sitio\/entregan-certificados-de-la-escuela-de-oficios-y-educacion-profesional-de-la-fi-de-la-unsj\/","title":{"rendered":"Entregan Certificados de la Escuela de Oficios y Educaci\u00f3n Profesional de la FI de la UNSJ"},"content":{"rendered":"<p>El Mi\u00e9rcoles, 20 de Diciembre, a las 10 hs.; en el Sal\u00f3n de Actos del Instituto de Energ\u00eda El\u00e9ctrica UNSJ- CONICET de la Facultad de Ingenier\u00eda de la UNSJ, se desarrolla el acto de entrega de certificados de los trayectos formativos de la Escuela de Oficios y Educaci\u00f3n Profesional de la Universidad Nacional de San Juan.<\/p>\n<p>En total se entregan 60 certificados a quienes finalizaron sus trayectos de capacitaci\u00f3n profesional.<\/p>\n<p>En este caso, las capacitaciones corresponden a propuestas formativas llevadas adelante por profesionales de la Facultad de Ingenier\u00eda y de la Facultad de Arquitectura, Urbanismo y Dise\u00f1o de la UNSJ, en el \u00e1mbito m\u00e1s amplio de la Escuela de Oficios y Educaci\u00f3n Profesional de la UNSJ.<\/p>\n<p><img loading=\"lazy\" decoding=\"async\" class=\"alignnone size-full wp-image-60280\" src=\"https:\/\/vocesparalelas.com.ar\/sitio\/wp-content\/uploads\/2023\/06\/FI-UNSJ-FRENTE.jpg\" alt=\"\" width=\"800\" height=\"600\" srcset=\"https:\/\/vocesparalelas.com.ar\/sitio\/wp-content\/uploads\/2023\/06\/FI-UNSJ-FRENTE.jpg 800w, https:\/\/vocesparalelas.com.ar\/sitio\/wp-content\/uploads\/2023\/06\/FI-UNSJ-FRENTE-300x225.jpg 300w, https:\/\/vocesparalelas.com.ar\/sitio\/wp-content\/uploads\/2023\/06\/FI-UNSJ-FRENTE-768x576.jpg 768w\" sizes=\"auto, (max-width: 800px) 100vw, 800px\" \/><\/p>\n<p>&nbsp;<\/p>\n","protected":false},"excerpt":{"rendered":"<p>El Mi\u00e9rcoles, 20 de Diciembre, a las 10 hs.; en el Sal\u00f3n de Actos del Instituto de Energ\u00eda El\u00e9ctrica UNSJ-<\/p>\n","protected":false},"author":3,"featured_media":67199,"comment_status":"closed","ping_status":"closed","sticky":false,"template":"","format":"standard","meta":{"_acf_changed":false,"_seopress_robots_primary_cat":"none","_seopress_titles_title":"","_seopress_titles_desc":"","_seopress_robots_index":"","colormag_page_container_layout":"default_layout","colormag_page_sidebar_layout":"default_layout","footnotes":""},"categories":[1],"tags":[],"class_list":["post-67196","post","type-post","status-publish","format-standard","has-post-thumbnail","hentry","category-destacadas"],"acf":[],"_links":{"self":[{"href":"https:\/\/vocesparalelas.com.ar\/sitio\/wp-json\/wp\/v2\/posts\/67196","targetHints":{"allow":["GET"]}}],"collection":[{"href":"https:\/\/vocesparalelas.com.ar\/sitio\/wp-json\/wp\/v2\/posts"}],"about":[{"href":"https:\/\/vocesparalelas.com.ar\/sitio\/wp-json\/wp\/v2\/types\/post"}],"author":[{"embeddable":true,"href":"https:\/\/vocesparalelas.com.ar\/sitio\/wp-json\/wp\/v2\/users\/3"}],"replies":[{"embeddable":true,"href":"https:\/\/vocesparalelas.com.ar\/sitio\/wp-json\/wp\/v2\/comments?post=67196"}],"version-history":[{"count":1,"href":"https:\/\/vocesparalelas.com.ar\/sitio\/wp-json\/wp\/v2\/posts\/67196\/revisions"}],"predecessor-version":[{"id":67200,"href":"https:\/\/vocesparalelas.com.ar\/sitio\/wp-json\/wp\/v2\/posts\/67196\/revisions\/67200"}],"wp:featuredmedia":[{"embeddable":true,"href":"https:\/\/vocesparalelas.com.ar\/sitio\/wp-json\/wp\/v2\/media\/67199"}],"wp:attachment":[{"href":"https:\/\/vocesparalelas.com.ar\/sitio\/wp-json\/wp\/v2\/media?parent=67196"}],"wp:term":[{"taxonomy":"category","embeddable":true,"href":"https:\/\/vocesparalelas.com.ar\/sitio\/wp-json\/wp\/v2\/categories?post=67196"},{"taxonomy":"post_tag","embeddable":true,"href":"https:\/\/vocesparalelas.com.ar\/sitio\/wp-json\/wp\/v2\/tags?post=67196"}],"curies":[{"name":"wp","href":"https:\/\/api.w.org\/{rel}","templated":true}]}}