{"id":67181,"date":"2023-12-19T10:53:14","date_gmt":"2023-12-19T13:53:14","guid":{"rendered":"https:\/\/vocesparalelas.com.ar\/sitio\/?p=67181"},"modified":"2023-12-19T10:53:14","modified_gmt":"2023-12-19T13:53:14","slug":"asumio-el-asesor-letrado-adjunto-de-gobierno-de-san-juan","status":"publish","type":"post","link":"https:\/\/vocesparalelas.com.ar\/sitio\/asumio-el-asesor-letrado-adjunto-de-gobierno-de-san-juan\/","title":{"rendered":"Asumi\u00f3 el Asesor Letrado Adjunto de Gobierno de San Juan"},"content":{"rendered":"<p>El Lunes, 18 de Diciembre, asumi\u00f3 el Asesor Letrado Adjunto de Gobierno, Dr. Facundo Rojas Clari\u00e1, en un acto que tuvo lugar en la Sala Profesora Margarita Ferr\u00e1 de Bartol, de la Secretar\u00eda General de la Gobernaci\u00f3n.<\/p>\n<p>Estuvo presente el vicegobernador en ejercicio del Poder Ejecutivo, Dr. Fabi\u00e1n Mart\u00edn,\u00a0 quien estuvo acompa\u00f1ado por el secretario General de la Gobernaci\u00f3n, Lic. Emilio Achem; Asesor Letrado de Gobierno, Dr. Alejandro Ferrari; subsecretario general de la Gobernaci\u00f3n, Dr. Luis Emilio Estebes; Asesor Letrado Adjunto de Gobierno entrante, Dr. Facundo Rojas Clari\u00e1, familiares y personal de la Asesor\u00eda Letrada.<\/p>\n<p>Para dar inicio al acto, se ley\u00f3 el decreto de designaci\u00f3n del nuevo funcionario y el Asesor Letrado de Gobierno, Alejandro Ferrari tom\u00f3 juramento al nuevo Asesor Letrado Adjunto, Facundo Rojas Clari\u00e1.<\/p>\n<p>Acto seguido, la escribana Mayor de Gobierno, Dra. Mayra Mar\u00eda Eugenia Mancini ley\u00f3 el acta de toma de juramento que luego firmaron el Asesor Letrado de Gobierno, el Asesor Adjunto, el Vicegobernador y la Escribana.<\/p>\n<p>En su discurso, el vicegobernador Dr. Fabi\u00e1n Mart\u00edn felicit\u00f3 a la nueva autoridad y dijo que \u201cnuestro Gobernador confi\u00f3 en su persona la Asesor\u00eda Letrada de Gobierno y, por supuesto, en todo el personal de planta de esta importante repartici\u00f3n. Confiamos en ustedes para llevar adelante este desaf\u00edo\u201d.<\/p>\n<p>Por su parte, el asesor Dr. Facundo Rojas Clari\u00e1 dijo que \u201cquiero agradecer al Vicegobernador por estar presente y a Alejandro Ferrari por haberme elegido. Quiero decirles que decid\u00ed comprometerme ante el llamado de Alejandro Ferrari y ac\u00e1 estoy para poner el hombro, todos confiamos que podemos dejar un aporte y vamos a poner todo para que la gesti\u00f3n del gobernador Dr. Marcelo Orrego sea la mejor\u201d.<\/p>\n<p>Por \u00faltimo, el vicegobernador Dr. Fabi\u00e1n Mart\u00edn entreg\u00f3 decretos de designaci\u00f3n a Dr. Luis Emilio Estebes en el cargo de subsecretario General de la Gobernaci\u00f3n dependiente de la Secretar\u00eda General de la Gobernaci\u00f3n y a Dr. \u00c9rica Beatriz Costa Barros en el cargo de coordinadora institucional de la Unidad de la Gobernaci\u00f3n dependiente de la Secretar\u00eda General de la Gobernaci\u00f3n.<\/p>\n","protected":false},"excerpt":{"rendered":"<p>El Lunes, 18 de Diciembre, asumi\u00f3 el Asesor Letrado Adjunto de Gobierno, Dr. Facundo Rojas Clari\u00e1, en un acto que<\/p>\n","protected":false},"author":3,"featured_media":67184,"comment_status":"closed","ping_status":"closed","sticky":false,"template":"","format":"standard","meta":{"_acf_changed":false,"_seopress_robots_primary_cat":"none","_seopress_titles_title":"","_seopress_titles_desc":"","_seopress_robots_index":"","colormag_page_container_layout":"default_layout","colormag_page_sidebar_layout":"default_layout","footnotes":""},"categories":[1],"tags":[],"class_list":["post-67181","post","type-post","status-publish","format-standard","has-post-thumbnail","hentry","category-destacadas"],"acf":[],"_links":{"self":[{"href":"https:\/\/vocesparalelas.com.ar\/sitio\/wp-json\/wp\/v2\/posts\/67181","targetHints":{"allow":["GET"]}}],"collection":[{"href":"https:\/\/vocesparalelas.com.ar\/sitio\/wp-json\/wp\/v2\/posts"}],"about":[{"href":"https:\/\/vocesparalelas.com.ar\/sitio\/wp-json\/wp\/v2\/types\/post"}],"author":[{"embeddable":true,"href":"https:\/\/vocesparalelas.com.ar\/sitio\/wp-json\/wp\/v2\/users\/3"}],"replies":[{"embeddable":true,"href":"https:\/\/vocesparalelas.com.ar\/sitio\/wp-json\/wp\/v2\/comments?post=67181"}],"version-history":[{"count":1,"href":"https:\/\/vocesparalelas.com.ar\/sitio\/wp-json\/wp\/v2\/posts\/67181\/revisions"}],"predecessor-version":[{"id":67185,"href":"https:\/\/vocesparalelas.com.ar\/sitio\/wp-json\/wp\/v2\/posts\/67181\/revisions\/67185"}],"wp:featuredmedia":[{"embeddable":true,"href":"https:\/\/vocesparalelas.com.ar\/sitio\/wp-json\/wp\/v2\/media\/67184"}],"wp:attachment":[{"href":"https:\/\/vocesparalelas.com.ar\/sitio\/wp-json\/wp\/v2\/media?parent=67181"}],"wp:term":[{"taxonomy":"category","embeddable":true,"href":"https:\/\/vocesparalelas.com.ar\/sitio\/wp-json\/wp\/v2\/categories?post=67181"},{"taxonomy":"post_tag","embeddable":true,"href":"https:\/\/vocesparalelas.com.ar\/sitio\/wp-json\/wp\/v2\/tags?post=67181"}],"curies":[{"name":"wp","href":"https:\/\/api.w.org\/{rel}","templated":true}]}}