{"id":67133,"date":"2023-12-17T23:25:06","date_gmt":"2023-12-18T02:25:06","guid":{"rendered":"https:\/\/vocesparalelas.com.ar\/sitio\/?p=67133"},"modified":"2023-12-17T23:25:06","modified_gmt":"2023-12-18T02:25:06","slug":"asumieron-autoridades-del-ministerio-de-infraestructura-agua-y-energia-de-san-juan","status":"publish","type":"post","link":"https:\/\/vocesparalelas.com.ar\/sitio\/asumieron-autoridades-del-ministerio-de-infraestructura-agua-y-energia-de-san-juan\/","title":{"rendered":"Asumieron autoridades del Ministerio de Infraestructura, Agua y Energ\u00eda de San Juan"},"content":{"rendered":"<p class=\"p1\">El Viernes, 15 de Diciembre, el ministro de Infraestructura, Agua y Energ\u00eda, Arq. Fernando Perea, llev\u00f3 a cabo la ceremonia de nombramiento de las autoridades, en el sal\u00f3n Cruce de los Andes, del Centro C\u00edvico.<\/p>\n<p class=\"p1\">El ministro entreg\u00f3 decretos a los secretarios, subsecretarios, directores y subdirectores que lo acompa\u00f1ar\u00e1n en su gesti\u00f3n, con el objetivo de optimizar los recursos y mejorar las condiciones de vida de los habitantes de San Juan.<\/p>\n<p class=\"p1\">En su discurso dirigido a los miembros del gabinete, Perea enfatiz\u00f3 la importancia del trabajo en equipo, inst\u00e1ndolos a redoblar esfuerzos y servir a la sociedad de la mejor manera posible.<\/p>\n<p class=\"p1\">Asimismo, les pidi\u00f3 compromiso para superar cualquier desaf\u00edo que se presente durante su gesti\u00f3n, ya que reconoce que su labor no solo impactar\u00e1 en infraestructuras, sino tambi\u00e9n en la calidad de vida de todos los ciudadanos de San Juan.<\/p>\n","protected":false},"excerpt":{"rendered":"<p>El Viernes, 15 de Diciembre, el ministro de Infraestructura, Agua y Energ\u00eda, Arq. Fernando Perea, llev\u00f3 a cabo la ceremonia<\/p>\n","protected":false},"author":3,"featured_media":67136,"comment_status":"closed","ping_status":"closed","sticky":false,"template":"","format":"standard","meta":{"_acf_changed":false,"_seopress_robots_primary_cat":"none","_seopress_titles_title":"","_seopress_titles_desc":"","_seopress_robots_index":"","colormag_page_container_layout":"default_layout","colormag_page_sidebar_layout":"default_layout","footnotes":""},"categories":[1],"tags":[],"class_list":["post-67133","post","type-post","status-publish","format-standard","has-post-thumbnail","hentry","category-destacadas"],"acf":[],"_links":{"self":[{"href":"https:\/\/vocesparalelas.com.ar\/sitio\/wp-json\/wp\/v2\/posts\/67133","targetHints":{"allow":["GET"]}}],"collection":[{"href":"https:\/\/vocesparalelas.com.ar\/sitio\/wp-json\/wp\/v2\/posts"}],"about":[{"href":"https:\/\/vocesparalelas.com.ar\/sitio\/wp-json\/wp\/v2\/types\/post"}],"author":[{"embeddable":true,"href":"https:\/\/vocesparalelas.com.ar\/sitio\/wp-json\/wp\/v2\/users\/3"}],"replies":[{"embeddable":true,"href":"https:\/\/vocesparalelas.com.ar\/sitio\/wp-json\/wp\/v2\/comments?post=67133"}],"version-history":[{"count":1,"href":"https:\/\/vocesparalelas.com.ar\/sitio\/wp-json\/wp\/v2\/posts\/67133\/revisions"}],"predecessor-version":[{"id":67137,"href":"https:\/\/vocesparalelas.com.ar\/sitio\/wp-json\/wp\/v2\/posts\/67133\/revisions\/67137"}],"wp:featuredmedia":[{"embeddable":true,"href":"https:\/\/vocesparalelas.com.ar\/sitio\/wp-json\/wp\/v2\/media\/67136"}],"wp:attachment":[{"href":"https:\/\/vocesparalelas.com.ar\/sitio\/wp-json\/wp\/v2\/media?parent=67133"}],"wp:term":[{"taxonomy":"category","embeddable":true,"href":"https:\/\/vocesparalelas.com.ar\/sitio\/wp-json\/wp\/v2\/categories?post=67133"},{"taxonomy":"post_tag","embeddable":true,"href":"https:\/\/vocesparalelas.com.ar\/sitio\/wp-json\/wp\/v2\/tags?post=67133"}],"curies":[{"name":"wp","href":"https:\/\/api.w.org\/{rel}","templated":true}]}}