{"id":67127,"date":"2023-12-17T23:20:45","date_gmt":"2023-12-18T02:20:45","guid":{"rendered":"https:\/\/vocesparalelas.com.ar\/sitio\/?p=67127"},"modified":"2023-12-17T23:20:45","modified_gmt":"2023-12-18T02:20:45","slug":"noche-de-gala-por-154-aniversario-de-la-policia-de-san-juan","status":"publish","type":"post","link":"https:\/\/vocesparalelas.com.ar\/sitio\/noche-de-gala-por-154-aniversario-de-la-policia-de-san-juan\/","title":{"rendered":"\u00abNoche de Gala\u00bb por 154\u00b0 Aniversario de la Polic\u00eda de San Juan"},"content":{"rendered":"<p>El Viernes, 15 de Diciembre, en el Teatro del Bicentenario se desarroll\u00f3\u00a0 La \u00abNoche de Gala\u00bb por 154\u00b0 Aniversario de la Polic\u00eda de San Juan.<\/p>\n<p>Al arribar al Teatro del Bicentenario, el gobernador de San Juan, Dr. Marcelo Orrego se\u00f1alo que \u201ces para m\u00ed una enorme alegr\u00eda poder venir y compartir una fecha tan especial con todo el equipo que conforma la Polic\u00eda de San Juan y compartir esta hermosa velada\u201d.<\/p>\n<p>En la oportunidad, la Banda de M\u00fasica de la Polic\u00eda, a cargo de Jos\u00e9 Trigo, Orquesta Sinf\u00f3nica, la Orquesta Escuela y el Coro de la Universidad Nacional de San Juan, desplegaron una fusi\u00f3n musical popular para celebrar la vida, la m\u00fasica y la seguridad.<\/p>\n<p><img loading=\"lazy\" decoding=\"async\" class=\"alignnone size-full wp-image-67131\" src=\"https:\/\/vocesparalelas.com.ar\/sitio\/wp-content\/uploads\/2023\/12\/NOCHE-GALA-POLICIA-SAN-JUAN-01.jpg\" alt=\"\" width=\"800\" height=\"450\" srcset=\"https:\/\/vocesparalelas.com.ar\/sitio\/wp-content\/uploads\/2023\/12\/NOCHE-GALA-POLICIA-SAN-JUAN-01.jpg 800w, https:\/\/vocesparalelas.com.ar\/sitio\/wp-content\/uploads\/2023\/12\/NOCHE-GALA-POLICIA-SAN-JUAN-01-300x169.jpg 300w, https:\/\/vocesparalelas.com.ar\/sitio\/wp-content\/uploads\/2023\/12\/NOCHE-GALA-POLICIA-SAN-JUAN-01-768x432.jpg 768w\" sizes=\"auto, (max-width: 800px) 100vw, 800px\" \/><\/p>\n<p>Los cantantes solistas que participaron pertenecen a la Polic\u00eda de San Juan y fueron Andrea G\u00f3mez, Nadia Mart\u00edn, Fabio Lemos, Andr\u00e9s Cantos, Mat\u00edas Marino, Oscar Reinoso y Adri\u00e1n flores.<\/p>\n<p>&nbsp;<\/p>\n<p><iframe loading=\"lazy\" title=\"El gobernador  Orrego particip\u00f3 de la Noche de Gala por el Aniversario de la Polic\u00eda de San Juan\" width=\"800\" height=\"450\" src=\"https:\/\/www.youtube.com\/embed\/hzJJAQt3ypA?feature=oembed\" frameborder=\"0\" allow=\"accelerometer; autoplay; clipboard-write; encrypted-media; gyroscope; picture-in-picture; web-share\" allowfullscreen><\/iframe><\/p>\n","protected":false},"excerpt":{"rendered":"<p>El Viernes, 15 de Diciembre, en el Teatro del Bicentenario se desarroll\u00f3\u00a0 La \u00abNoche de Gala\u00bb por 154\u00b0 Aniversario de<\/p>\n","protected":false},"author":3,"featured_media":67130,"comment_status":"closed","ping_status":"closed","sticky":false,"template":"","format":"standard","meta":{"_acf_changed":false,"_seopress_robots_primary_cat":"none","_seopress_titles_title":"","_seopress_titles_desc":"","_seopress_robots_index":"","colormag_page_container_layout":"default_layout","colormag_page_sidebar_layout":"default_layout","footnotes":""},"categories":[1,7],"tags":[],"class_list":["post-67127","post","type-post","status-publish","format-standard","has-post-thumbnail","hentry","category-destacadas","category-videos"],"acf":[],"_links":{"self":[{"href":"https:\/\/vocesparalelas.com.ar\/sitio\/wp-json\/wp\/v2\/posts\/67127","targetHints":{"allow":["GET"]}}],"collection":[{"href":"https:\/\/vocesparalelas.com.ar\/sitio\/wp-json\/wp\/v2\/posts"}],"about":[{"href":"https:\/\/vocesparalelas.com.ar\/sitio\/wp-json\/wp\/v2\/types\/post"}],"author":[{"embeddable":true,"href":"https:\/\/vocesparalelas.com.ar\/sitio\/wp-json\/wp\/v2\/users\/3"}],"replies":[{"embeddable":true,"href":"https:\/\/vocesparalelas.com.ar\/sitio\/wp-json\/wp\/v2\/comments?post=67127"}],"version-history":[{"count":1,"href":"https:\/\/vocesparalelas.com.ar\/sitio\/wp-json\/wp\/v2\/posts\/67127\/revisions"}],"predecessor-version":[{"id":67132,"href":"https:\/\/vocesparalelas.com.ar\/sitio\/wp-json\/wp\/v2\/posts\/67127\/revisions\/67132"}],"wp:featuredmedia":[{"embeddable":true,"href":"https:\/\/vocesparalelas.com.ar\/sitio\/wp-json\/wp\/v2\/media\/67130"}],"wp:attachment":[{"href":"https:\/\/vocesparalelas.com.ar\/sitio\/wp-json\/wp\/v2\/media?parent=67127"}],"wp:term":[{"taxonomy":"category","embeddable":true,"href":"https:\/\/vocesparalelas.com.ar\/sitio\/wp-json\/wp\/v2\/categories?post=67127"},{"taxonomy":"post_tag","embeddable":true,"href":"https:\/\/vocesparalelas.com.ar\/sitio\/wp-json\/wp\/v2\/tags?post=67127"}],"curies":[{"name":"wp","href":"https:\/\/api.w.org\/{rel}","templated":true}]}}